{"id":62921,"date":"2015-10-15T09:26:31","date_gmt":"2015-10-15T12:26:31","guid":{"rendered":"http:\/\/www.eltrabajo.cl\/portal\/?p=62921"},"modified":"2015-10-15T09:26:31","modified_gmt":"2015-10-15T12:26:31","slug":"popular-animador-don-francisco-visita-santa-maria-por-rodaje-de-camara-viajera","status":"publish","type":"post","link":"https:\/\/eltrabajo.cl\/portal\/popular-animador-don-francisco-visita-santa-maria-por-rodaje-de-camara-viajera\/","title":{"rendered":"Popular animador Don Francisco visita Santa Mar\u00eda por rodaje de C\u00e1mara Viajera"},"content":{"rendered":"<figure id=\"attachment_62922\" aria-describedby=\"caption-attachment-62922\" style=\"width: 300px\" class=\"wp-caption alignleft\"><a href=\"https:\/\/i0.wp.com\/www.eltrabajo.cl\/portal\/wp-content\/uploads\/2015\/10\/Don-Francisco-Camara-Viajera-1.jpg\"><img data-recalc-dims=\"1\" loading=\"lazy\" decoding=\"async\" class=\"wp-image-62922 size-medium\" src=\"https:\/\/i0.wp.com\/www.eltrabajo.cl\/portal\/wp-content\/uploads\/2015\/10\/Don-Francisco-Camara-Viajera-1-300x197.jpg?resize=300%2C197\" alt=\"Don Francisco se reuni\u00f3n con el alcalde Claudio Zurita y con vecinos que entrevist\u00f3 en el a\u00f1o 1986.\" width=\"300\" height=\"197\" srcset=\"https:\/\/i0.wp.com\/eltrabajo.cl\/portal\/wp-content\/uploads\/2015\/10\/Don-Francisco-Camara-Viajera-1.jpg?resize=300%2C197&amp;ssl=1 300w, https:\/\/i0.wp.com\/eltrabajo.cl\/portal\/wp-content\/uploads\/2015\/10\/Don-Francisco-Camara-Viajera-1.jpg?resize=200%2C131&amp;ssl=1 200w, https:\/\/i0.wp.com\/eltrabajo.cl\/portal\/wp-content\/uploads\/2015\/10\/Don-Francisco-Camara-Viajera-1.jpg?resize=228%2C150&amp;ssl=1 228w, https:\/\/i0.wp.com\/eltrabajo.cl\/portal\/wp-content\/uploads\/2015\/10\/Don-Francisco-Camara-Viajera-1.jpg?resize=400%2C263&amp;ssl=1 400w, https:\/\/i0.wp.com\/eltrabajo.cl\/portal\/wp-content\/uploads\/2015\/10\/Don-Francisco-Camara-Viajera-1.jpg?w=530&amp;ssl=1 530w\" sizes=\"auto, (max-width: 300px) 100vw, 300px\" \/><\/a><figcaption id=\"caption-attachment-62922\" class=\"wp-caption-text\">Don Francisco se reuni\u00f3n con el alcalde Claudio Zurita y con vecinos que entrevist\u00f3 en el a\u00f1o 1986.<\/figcaption><\/figure>\n<p><strong>SANTA MAR\u00cdA<\/strong>.- Un verdadero alboroto caus\u00f3 la visita de Don Francisco quien lleg\u00f3 sorpresivamente a la comuna. El rodaje de su C\u00e1mara Viajera 30 A\u00f1os lo llevo al sector de Jahuel, donde estuvo grabando en 1986.<br \/>\nEl d\u00eda martes visit\u00f3 a las mismas personas que conoci\u00f3 en su programa de anta\u00f1o, las entrevist\u00f3 y revivi\u00f3 los momentos de aquella entrevista ochentera. A su vez, estuvo en el centro de la comuna y en todas partes reuni\u00f3 gran cantidad de p\u00fablico que pos\u00f3 para una selfie o pidi\u00f3 aut\u00f3grafos. El personaje junto a un equipo de producci\u00f3n no pod\u00eda no llamar la atenci\u00f3n, ya que hizo varias entrevistas, entre ellas al alcalde Claudio Zurita.<br \/>\nAdem\u00e1s, se llev\u00f3 una copia del segundo volumen de la antolog\u00eda de escritores santamarianos y recopil\u00f3 diversa informaci\u00f3n de la comuna y de Jahuel.<\/p>\n","protected":false},"excerpt":{"rendered":"<p>SANTA MAR\u00cdA.- Un verdadero alboroto caus\u00f3 la visita de Don Francisco quien lleg\u00f3 sorpresivamente a la comuna. El rodaje de su C\u00e1mara Viajera 30 A\u00f1os lo llevo al sector de Jahuel, donde&#8230;<\/p>\n","protected":false},"author":482,"featured_media":62922,"comment_status":"open","ping_status":"open","sticky":false,"template":"","format":"standard","meta":{"advanced_seo_description":"","jetpack_seo_html_title":"","jetpack_seo_noindex":false,"_jetpack_memberships_contains_paid_content":false,"footnotes":""},"categories":[1],"tags":[],"class_list":["post-62921","post","type-post","status-publish","format-standard","has-post-thumbnail","hentry","category-cronica"],"jetpack_featured_media_url":"https:\/\/i0.wp.com\/eltrabajo.cl\/portal\/wp-content\/uploads\/2015\/10\/Don-Francisco-Camara-Viajera-1.jpg?fit=530%2C348&ssl=1","jetpack_sharing_enabled":true,"jetpack_likes_enabled":true,"jetpack-related-posts":[],"_links":{"self":[{"href":"https:\/\/eltrabajo.cl\/portal\/wp-json\/wp\/v2\/posts\/62921","targetHints":{"allow":["GET"]}}],"collection":[{"href":"https:\/\/eltrabajo.cl\/portal\/wp-json\/wp\/v2\/posts"}],"about":[{"href":"https:\/\/eltrabajo.cl\/portal\/wp-json\/wp\/v2\/types\/post"}],"author":[{"embeddable":true,"href":"https:\/\/eltrabajo.cl\/portal\/wp-json\/wp\/v2\/users\/482"}],"replies":[{"embeddable":true,"href":"https:\/\/eltrabajo.cl\/portal\/wp-json\/wp\/v2\/comments?post=62921"}],"version-history":[{"count":0,"href":"https:\/\/eltrabajo.cl\/portal\/wp-json\/wp\/v2\/posts\/62921\/revisions"}],"wp:featuredmedia":[{"embeddable":true,"href":"https:\/\/eltrabajo.cl\/portal\/wp-json\/wp\/v2\/media\/62922"}],"wp:attachment":[{"href":"https:\/\/eltrabajo.cl\/portal\/wp-json\/wp\/v2\/media?parent=62921"}],"wp:term":[{"taxonomy":"category","embeddable":true,"href":"https:\/\/eltrabajo.cl\/portal\/wp-json\/wp\/v2\/categories?post=62921"},{"taxonomy":"post_tag","embeddable":true,"href":"https:\/\/eltrabajo.cl\/portal\/wp-json\/wp\/v2\/tags?post=62921"}],"curies":[{"name":"wp","href":"https:\/\/api.w.org\/{rel}","templated":true}]}}