{"id":62924,"date":"2015-10-15T09:30:16","date_gmt":"2015-10-15T12:30:16","guid":{"rendered":"http:\/\/www.eltrabajo.cl\/portal\/?p=62924"},"modified":"2015-10-15T09:30:16","modified_gmt":"2015-10-15T12:30:16","slug":"cesfam-iturra-celebrara-en-el-teatro-municipal-mes-del-adulto-mayor","status":"publish","type":"post","link":"https:\/\/eltrabajo.cl\/portal\/cesfam-iturra-celebrara-en-el-teatro-municipal-mes-del-adulto-mayor\/","title":{"rendered":"Cesfam Iturra celebrar\u00e1 en el Teatro Municipal Mes del Adulto Mayor"},"content":{"rendered":"<figure id=\"attachment_62925\" aria-describedby=\"caption-attachment-62925\" style=\"width: 300px\" class=\"wp-caption alignleft\"><a href=\"https:\/\/i0.wp.com\/www.eltrabajo.cl\/portal\/wp-content\/uploads\/2015\/10\/Conferencia-mes-del-adulto-mayor.jpg\"><img data-recalc-dims=\"1\" loading=\"lazy\" decoding=\"async\" class=\"wp-image-62925 size-medium\" src=\"https:\/\/i0.wp.com\/www.eltrabajo.cl\/portal\/wp-content\/uploads\/2015\/10\/Conferencia-mes-del-adulto-mayor-300x198.jpg?resize=300%2C198\" alt=\"Victor Tapia, kinesi\u00f3logo encargado del Programa del Adulto Mayor, invit\u00f3 a toda la comunidad a participar de las actividades de celebraci\u00f3n.\" width=\"300\" height=\"198\" srcset=\"https:\/\/i0.wp.com\/eltrabajo.cl\/portal\/wp-content\/uploads\/2015\/10\/Conferencia-mes-del-adulto-mayor.jpg?resize=300%2C198&amp;ssl=1 300w, https:\/\/i0.wp.com\/eltrabajo.cl\/portal\/wp-content\/uploads\/2015\/10\/Conferencia-mes-del-adulto-mayor.jpg?resize=200%2C132&amp;ssl=1 200w, https:\/\/i0.wp.com\/eltrabajo.cl\/portal\/wp-content\/uploads\/2015\/10\/Conferencia-mes-del-adulto-mayor.jpg?resize=227%2C150&amp;ssl=1 227w, https:\/\/i0.wp.com\/eltrabajo.cl\/portal\/wp-content\/uploads\/2015\/10\/Conferencia-mes-del-adulto-mayor.jpg?resize=400%2C264&amp;ssl=1 400w, https:\/\/i0.wp.com\/eltrabajo.cl\/portal\/wp-content\/uploads\/2015\/10\/Conferencia-mes-del-adulto-mayor.jpg?w=530&amp;ssl=1 530w\" sizes=\"auto, (max-width: 300px) 100vw, 300px\" \/><\/a><figcaption id=\"caption-attachment-62925\" class=\"wp-caption-text\">Victor Tapia, kinesi\u00f3logo encargado del Programa del Adulto Mayor, invit\u00f3 a toda la comunidad a participar de las actividades de celebraci\u00f3n.<\/figcaption><\/figure>\n<ul>\n<li><strong>En el Teatro Municipal se realizar\u00e1 jornada donde est\u00e1n todos los adultos mayores invitados a participar.<\/strong><\/li>\n<\/ul>\n<p>M\u00fasica, baile, actividades l\u00fadicas y de educaci\u00f3n en salud, contempla el Cesfam Segismundo Iturra para este viernes 16 de octubre, en el Teatro Municipal de San Felipe, como una manera de celebrar el Mes del Adulto Mayor.<br \/>\nAs\u00ed lo dio a conocer el encargado del Programa del Adulto Mayor del centro de salud familiar, kinesi\u00f3logo V\u00edctor Tapia, quien manifest\u00f3 que a nivel mundial el mes de octubre es considerado el mes del adulto mayor y por ende, la invitaci\u00f3n es a participar de esta actividad que se ha programado y que es abierta a la comunidad, sin que sea una condici\u00f3n ser usuario del Cesfam Iturra.<br \/>\nV\u00edctor Tapia manifest\u00f3 que se ha generado un programa que inicia a las 9:30 horas y se prolongar\u00e1 hasta pasado el mediod\u00eda, \u201cdonde habr\u00e1 m\u00fasica, baile, actividades de educaci\u00f3n en salud, pero principalmente entretenci\u00f3n para nuestros adultos mayores\u201d.<br \/>\nConsultado sobre el trabajo que realiza el Cesfam en torno a los adultos mayores, se\u00f1al\u00f3 que existe un programa que aborda diversos aspectos, todos orientados a favorecer una mejor calidad de vida. \u201cLas actividades en torno a ellos, dicen relaci\u00f3n con la prevenci\u00f3n, donde se enmarca el Examen Preventivo del Adulto Mayor, el que se aplica cada doce meses a las personas mayores de 65 a\u00f1os de edad; en el aspecto de tratamiento tenemos una cartera amplia, con vacunaci\u00f3n, morbilidad m\u00e9dica, nutricionista, salud mental, alimentaci\u00f3n complementaria con entrega de leche y crema de verduras, as\u00ed como rehabilitaci\u00f3n, entre otras acciones\u201d, se\u00f1al\u00f3.<br \/>\nEl kinesi\u00f3logo reiter\u00f3 la invitaci\u00f3n a los adultos mayores a participar de la actividad de este viernes, recalcando que es abierta a la comunidad y por ende, pueden asistir acompa\u00f1ados de sus hijos o nietos, si lo estiman necesario.<\/p>\n","protected":false},"excerpt":{"rendered":"<p>En el Teatro Municipal se realizar\u00e1 jornada donde est\u00e1n todos los adultos mayores invitados a participar. M\u00fasica, baile, actividades l\u00fadicas y de educaci\u00f3n en salud, contempla el Cesfam Segismundo Iturra para este&#8230;<\/p>\n","protected":false},"author":482,"featured_media":62925,"comment_status":"open","ping_status":"open","sticky":false,"template":"","format":"standard","meta":{"advanced_seo_description":"","jetpack_seo_html_title":"","jetpack_seo_noindex":false,"_jetpack_memberships_contains_paid_content":false,"footnotes":""},"categories":[1],"tags":[],"class_list":["post-62924","post","type-post","status-publish","format-standard","has-post-thumbnail","hentry","category-cronica"],"jetpack_featured_media_url":"https:\/\/i0.wp.com\/eltrabajo.cl\/portal\/wp-content\/uploads\/2015\/10\/Conferencia-mes-del-adulto-mayor.jpg?fit=530%2C350&ssl=1","jetpack_sharing_enabled":true,"jetpack_likes_enabled":true,"jetpack-related-posts":[],"_links":{"self":[{"href":"https:\/\/eltrabajo.cl\/portal\/wp-json\/wp\/v2\/posts\/62924","targetHints":{"allow":["GET"]}}],"collection":[{"href":"https:\/\/eltrabajo.cl\/portal\/wp-json\/wp\/v2\/posts"}],"about":[{"href":"https:\/\/eltrabajo.cl\/portal\/wp-json\/wp\/v2\/types\/post"}],"author":[{"embeddable":true,"href":"https:\/\/eltrabajo.cl\/portal\/wp-json\/wp\/v2\/users\/482"}],"replies":[{"embeddable":true,"href":"https:\/\/eltrabajo.cl\/portal\/wp-json\/wp\/v2\/comments?post=62924"}],"version-history":[{"count":0,"href":"https:\/\/eltrabajo.cl\/portal\/wp-json\/wp\/v2\/posts\/62924\/revisions"}],"wp:featuredmedia":[{"embeddable":true,"href":"https:\/\/eltrabajo.cl\/portal\/wp-json\/wp\/v2\/media\/62925"}],"wp:attachment":[{"href":"https:\/\/eltrabajo.cl\/portal\/wp-json\/wp\/v2\/media?parent=62924"}],"wp:term":[{"taxonomy":"category","embeddable":true,"href":"https:\/\/eltrabajo.cl\/portal\/wp-json\/wp\/v2\/categories?post=62924"},{"taxonomy":"post_tag","embeddable":true,"href":"https:\/\/eltrabajo.cl\/portal\/wp-json\/wp\/v2\/tags?post=62924"}],"curies":[{"name":"wp","href":"https:\/\/api.w.org\/{rel}","templated":true}]}}