{"id":62927,"date":"2015-10-15T09:32:25","date_gmt":"2015-10-15T12:32:25","guid":{"rendered":"http:\/\/www.eltrabajo.cl\/portal\/?p=62927"},"modified":"2015-10-15T09:32:25","modified_gmt":"2015-10-15T12:32:25","slug":"con-martin-vargas-y-box-femenino-inauguran-gimnasio-de-calle-larga","status":"publish","type":"post","link":"https:\/\/eltrabajo.cl\/portal\/con-martin-vargas-y-box-femenino-inauguran-gimnasio-de-calle-larga\/","title":{"rendered":"Con Mart\u00edn Vargas y box femenino inauguran Gimnasio de Calle Larga"},"content":{"rendered":"<figure id=\"attachment_62928\" aria-describedby=\"caption-attachment-62928\" style=\"width: 300px\" class=\"wp-caption alignleft\"><a href=\"https:\/\/i0.wp.com\/www.eltrabajo.cl\/portal\/wp-content\/uploads\/2015\/10\/martin-vargas.jpg\"><img data-recalc-dims=\"1\" loading=\"lazy\" decoding=\"async\" class=\"wp-image-62928 size-medium\" src=\"https:\/\/i0.wp.com\/www.eltrabajo.cl\/portal\/wp-content\/uploads\/2015\/10\/martin-vargas-300x198.jpg?resize=300%2C198\" alt=\"El ex boxeador Mart\u00edn Vargas, uno de los deportistas que marc\u00f3 toda una \u00e9poca en nuestro pa\u00eds, ser\u00e1 homenajeado en la velada pugil\u00edstica que contemplar\u00e1 ocho peleas, una de ellas de mujeres.\" width=\"300\" height=\"198\" srcset=\"https:\/\/i0.wp.com\/eltrabajo.cl\/portal\/wp-content\/uploads\/2015\/10\/martin-vargas.jpg?resize=300%2C198&amp;ssl=1 300w, https:\/\/i0.wp.com\/eltrabajo.cl\/portal\/wp-content\/uploads\/2015\/10\/martin-vargas.jpg?resize=200%2C132&amp;ssl=1 200w, https:\/\/i0.wp.com\/eltrabajo.cl\/portal\/wp-content\/uploads\/2015\/10\/martin-vargas.jpg?resize=228%2C150&amp;ssl=1 228w, https:\/\/i0.wp.com\/eltrabajo.cl\/portal\/wp-content\/uploads\/2015\/10\/martin-vargas.jpg?resize=400%2C263&amp;ssl=1 400w, https:\/\/i0.wp.com\/eltrabajo.cl\/portal\/wp-content\/uploads\/2015\/10\/martin-vargas.jpg?w=530&amp;ssl=1 530w\" sizes=\"auto, (max-width: 300px) 100vw, 300px\" \/><\/a><figcaption id=\"caption-attachment-62928\" class=\"wp-caption-text\">El ex boxeador Mart\u00edn Vargas, uno de los deportistas que marc\u00f3 toda una \u00e9poca en nuestro pa\u00eds, ser\u00e1 homenajeado en la velada pugil\u00edstica que contemplar\u00e1 ocho peleas, una de ellas de mujeres.<\/figcaption><\/figure>\n<ul>\n<li><strong>Miembros del popular Club M\u00e9xico ser\u00e1n parte de exhibici\u00f3n, en la que ser\u00e1 homenajeado el ex deportista nacional<\/strong><\/li>\n<\/ul>\n<p>Rescatar la tradici\u00f3n deportiva en torno al boxeo es el objetivo de la \u2018Velada Pugil\u00edstica\u2019 que se realizar\u00e1 este s\u00e1bado 17 de octubre, a partir de las 19.30 horas, en el Gimnasio Municipal de Calle Larga.<br \/>\nEsta actividad, que dar\u00e1 por inauguradas las dependencias del principal recinto deportivo de la comuna, contar\u00e1 con la participaci\u00f3n de destacados boxeadores provenientes del popular Club M\u00e9xico de Santiago, quienes encabezar\u00e1n esta exhibici\u00f3n deportiva.En esta \u2018Velada Pugil\u00edstica\u2019 estar\u00e1 presente uno de los boxeadores m\u00e1s importantes de nuestro pa\u00eds, Mart\u00edn Vargas, quien ser\u00e1 homenajeado por el municipio de Calle Larga, por su aporte y trayectoria en el deporte nacional.<br \/>\n\u00abEste s\u00e1bado vamos a realizar una actividad que, estoy seguro, gustar\u00e1 a una gran cantidad de vecinos y vecinas del Valle de Aconcagua y con la que inauguraremos el Gimnasio Municipal. En esta velada pugil\u00edstica habr\u00e1n ocho peleas, una de ellas ser\u00e1 de mujeres y tendr\u00e1n todas las caracter\u00edsticas que tienen este tipo de eventos. En esta actividad realizaremos un homenaje a Mart\u00edn Vargas, quien estar\u00e1 presente en este evento que queremos que rescate toda la tradici\u00f3n existente en torno al boxeo\u00bb, sostuvo el alcalde Nelson Venegas.<br \/>\nA esta velada que es completamente gratuita, est\u00e1n invitados los vecinos y vecinas tanto de Calle Larga como de todo el Valle de Aconcagua, quienes podr\u00e1n disfrutar de toda la tradici\u00f3n y entretenci\u00f3n vinculada al boxeo.<\/p>\n","protected":false},"excerpt":{"rendered":"<p>Miembros del popular Club M\u00e9xico ser\u00e1n parte de exhibici\u00f3n, en la que ser\u00e1 homenajeado el ex deportista nacional Rescatar la tradici\u00f3n deportiva en torno al boxeo es el objetivo de la \u2018Velada&#8230;<\/p>\n","protected":false},"author":482,"featured_media":62928,"comment_status":"open","ping_status":"open","sticky":false,"template":"","format":"standard","meta":{"advanced_seo_description":"","jetpack_seo_html_title":"","jetpack_seo_noindex":false,"_jetpack_memberships_contains_paid_content":false,"footnotes":""},"categories":[1],"tags":[],"class_list":["post-62927","post","type-post","status-publish","format-standard","has-post-thumbnail","hentry","category-cronica"],"jetpack_featured_media_url":"https:\/\/i0.wp.com\/eltrabajo.cl\/portal\/wp-content\/uploads\/2015\/10\/martin-vargas.jpg?fit=530%2C349&ssl=1","jetpack_sharing_enabled":true,"jetpack_likes_enabled":true,"jetpack-related-posts":[],"_links":{"self":[{"href":"https:\/\/eltrabajo.cl\/portal\/wp-json\/wp\/v2\/posts\/62927","targetHints":{"allow":["GET"]}}],"collection":[{"href":"https:\/\/eltrabajo.cl\/portal\/wp-json\/wp\/v2\/posts"}],"about":[{"href":"https:\/\/eltrabajo.cl\/portal\/wp-json\/wp\/v2\/types\/post"}],"author":[{"embeddable":true,"href":"https:\/\/eltrabajo.cl\/portal\/wp-json\/wp\/v2\/users\/482"}],"replies":[{"embeddable":true,"href":"https:\/\/eltrabajo.cl\/portal\/wp-json\/wp\/v2\/comments?post=62927"}],"version-history":[{"count":0,"href":"https:\/\/eltrabajo.cl\/portal\/wp-json\/wp\/v2\/posts\/62927\/revisions"}],"wp:featuredmedia":[{"embeddable":true,"href":"https:\/\/eltrabajo.cl\/portal\/wp-json\/wp\/v2\/media\/62928"}],"wp:attachment":[{"href":"https:\/\/eltrabajo.cl\/portal\/wp-json\/wp\/v2\/media?parent=62927"}],"wp:term":[{"taxonomy":"category","embeddable":true,"href":"https:\/\/eltrabajo.cl\/portal\/wp-json\/wp\/v2\/categories?post=62927"},{"taxonomy":"post_tag","embeddable":true,"href":"https:\/\/eltrabajo.cl\/portal\/wp-json\/wp\/v2\/tags?post=62927"}],"curies":[{"name":"wp","href":"https:\/\/api.w.org\/{rel}","templated":true}]}}