{"id":62937,"date":"2015-10-16T09:02:22","date_gmt":"2015-10-16T12:02:22","guid":{"rendered":"http:\/\/www.eltrabajo.cl\/portal\/?p=62937"},"modified":"2015-10-16T09:02:22","modified_gmt":"2015-10-16T12:02:22","slug":"capacitan-a-mujeres-como-monitoras-en-prevencion-de-violencia-intrafamiliar","status":"publish","type":"post","link":"https:\/\/eltrabajo.cl\/portal\/capacitan-a-mujeres-como-monitoras-en-prevencion-de-violencia-intrafamiliar\/","title":{"rendered":"Capacitan a mujeres como monitoras en Prevenci\u00f3n de Violencia Intrafamiliar"},"content":{"rendered":"<figure id=\"attachment_62938\" aria-describedby=\"caption-attachment-62938\" style=\"width: 300px\" class=\"wp-caption alignleft\"><a href=\"https:\/\/i0.wp.com\/www.eltrabajo.cl\/portal\/wp-content\/uploads\/2015\/10\/MONITORAS-VIF.jpg\"><img data-recalc-dims=\"1\" loading=\"lazy\" decoding=\"async\" class=\"wp-image-62938 size-medium\" src=\"https:\/\/i0.wp.com\/www.eltrabajo.cl\/portal\/wp-content\/uploads\/2015\/10\/MONITORAS-VIF-300x198.jpg?resize=300%2C198\" alt=\"Gran alegr\u00eda mostraron las participantes de esta capacitaci\u00f3n quienes ser\u00e1n las encargadas de transmitir estos nuevos conocimientos a sus pares.\" width=\"300\" height=\"198\" srcset=\"https:\/\/i0.wp.com\/eltrabajo.cl\/portal\/wp-content\/uploads\/2015\/10\/MONITORAS-VIF.jpg?resize=300%2C198&amp;ssl=1 300w, https:\/\/i0.wp.com\/eltrabajo.cl\/portal\/wp-content\/uploads\/2015\/10\/MONITORAS-VIF.jpg?resize=200%2C132&amp;ssl=1 200w, https:\/\/i0.wp.com\/eltrabajo.cl\/portal\/wp-content\/uploads\/2015\/10\/MONITORAS-VIF.jpg?resize=228%2C150&amp;ssl=1 228w, https:\/\/i0.wp.com\/eltrabajo.cl\/portal\/wp-content\/uploads\/2015\/10\/MONITORAS-VIF.jpg?resize=400%2C263&amp;ssl=1 400w, https:\/\/i0.wp.com\/eltrabajo.cl\/portal\/wp-content\/uploads\/2015\/10\/MONITORAS-VIF.jpg?w=530&amp;ssl=1 530w\" sizes=\"auto, (max-width: 300px) 100vw, 300px\" \/><\/a><figcaption id=\"caption-attachment-62938\" class=\"wp-caption-text\">Gran alegr\u00eda mostraron las participantes de esta capacitaci\u00f3n quienes ser\u00e1n las encargadas de transmitir estos nuevos conocimientos a sus pares.<\/figcaption><\/figure>\n<p><strong>LLAY LLAY<\/strong>.- Mujeres l\u00edderes de la ciudad fueron capacitadas como \u2018Monitoras en Prevenci\u00f3n de Violencia Intrafamiliar\u2019. Una gesti\u00f3n realizada por la encargada de la Oficina de Organizaciones Comunitarias, Monserrat P\u00e9rez y Sernam Valpara\u00edso.<br \/>\nLa actividad reuni\u00f3 a dirigentes de organizaciones funcionales y territoriales de Llay Llay y el taller estuvo dirigido por Maite Uriarte profesional del Sernam Quinta Regi\u00f3n.<br \/>\nPara Maite Uriarte, la Agenda de G\u00e9nero est\u00e1 basada en igualdad de derechos y autonom\u00eda de las mujeres, la que busca equidad entre hombres y mujeres e igualdad de condiciones, disminuyendo las brechas existentes.<br \/>\nEsta es una primera jornada, donde la tem\u00e1tica abordada tuvo como idea La Agenda de G\u00e9nero y Violencia Intrafamiliar. Las participantes compartieron diversas experiencias de vida y de su rol como dirigentes sociales.<br \/>\nLas participantes se mostraron muy interesadas en todos los conocimientos entregados y fueron enf\u00e1ticas en manifestar que todo lo aprendido lo transmitir\u00e1n a sus pares institucionales.<br \/>\nLa experiencia fue vivida con alegr\u00eda, responsabilidad y entusiasmo por las dirigentes.<br \/>\n<strong>Marianela Quevedo<\/strong><\/p>\n","protected":false},"excerpt":{"rendered":"<p>LLAY LLAY.- Mujeres l\u00edderes de la ciudad fueron capacitadas como \u2018Monitoras en Prevenci\u00f3n de Violencia Intrafamiliar\u2019. Una gesti\u00f3n realizada por la encargada de la Oficina de Organizaciones Comunitarias, Monserrat P\u00e9rez y Sernam&#8230;<\/p>\n","protected":false},"author":482,"featured_media":62938,"comment_status":"open","ping_status":"open","sticky":false,"template":"","format":"standard","meta":{"advanced_seo_description":"","jetpack_seo_html_title":"","jetpack_seo_noindex":false,"_jetpack_memberships_contains_paid_content":false,"footnotes":""},"categories":[15],"tags":[],"class_list":["post-62937","post","type-post","status-publish","format-standard","has-post-thumbnail","hentry","category-comunidad"],"jetpack_featured_media_url":"https:\/\/i0.wp.com\/eltrabajo.cl\/portal\/wp-content\/uploads\/2015\/10\/MONITORAS-VIF.jpg?fit=530%2C349&ssl=1","jetpack_sharing_enabled":true,"jetpack_likes_enabled":true,"jetpack-related-posts":[],"_links":{"self":[{"href":"https:\/\/eltrabajo.cl\/portal\/wp-json\/wp\/v2\/posts\/62937","targetHints":{"allow":["GET"]}}],"collection":[{"href":"https:\/\/eltrabajo.cl\/portal\/wp-json\/wp\/v2\/posts"}],"about":[{"href":"https:\/\/eltrabajo.cl\/portal\/wp-json\/wp\/v2\/types\/post"}],"author":[{"embeddable":true,"href":"https:\/\/eltrabajo.cl\/portal\/wp-json\/wp\/v2\/users\/482"}],"replies":[{"embeddable":true,"href":"https:\/\/eltrabajo.cl\/portal\/wp-json\/wp\/v2\/comments?post=62937"}],"version-history":[{"count":0,"href":"https:\/\/eltrabajo.cl\/portal\/wp-json\/wp\/v2\/posts\/62937\/revisions"}],"wp:featuredmedia":[{"embeddable":true,"href":"https:\/\/eltrabajo.cl\/portal\/wp-json\/wp\/v2\/media\/62938"}],"wp:attachment":[{"href":"https:\/\/eltrabajo.cl\/portal\/wp-json\/wp\/v2\/media?parent=62937"}],"wp:term":[{"taxonomy":"category","embeddable":true,"href":"https:\/\/eltrabajo.cl\/portal\/wp-json\/wp\/v2\/categories?post=62937"},{"taxonomy":"post_tag","embeddable":true,"href":"https:\/\/eltrabajo.cl\/portal\/wp-json\/wp\/v2\/tags?post=62937"}],"curies":[{"name":"wp","href":"https:\/\/api.w.org\/{rel}","templated":true}]}}