{"id":62940,"date":"2015-10-16T09:05:13","date_gmt":"2015-10-16T12:05:13","guid":{"rendered":"http:\/\/www.eltrabajo.cl\/portal\/?p=62940"},"modified":"2015-10-16T09:05:13","modified_gmt":"2015-10-16T12:05:13","slug":"internos-de-la-carcel-de-los-andes-tendran-lentes-gracias-a-operativo-oftalmologico","status":"publish","type":"post","link":"https:\/\/eltrabajo.cl\/portal\/internos-de-la-carcel-de-los-andes-tendran-lentes-gracias-a-operativo-oftalmologico\/","title":{"rendered":"Internos de la c\u00e1rcel de Los Andes tendr\u00e1n lentes gracias a operativo oftalmol\u00f3gico"},"content":{"rendered":"<figure id=\"attachment_62941\" aria-describedby=\"caption-attachment-62941\" style=\"width: 300px\" class=\"wp-caption alignleft\"><a href=\"https:\/\/i0.wp.com\/www.eltrabajo.cl\/portal\/wp-content\/uploads\/2015\/10\/oftalmologia.jpg\"><img data-recalc-dims=\"1\" loading=\"lazy\" decoding=\"async\" class=\"wp-image-62941 size-medium\" src=\"https:\/\/i0.wp.com\/www.eltrabajo.cl\/portal\/wp-content\/uploads\/2015\/10\/oftalmologia-300x197.jpg?resize=300%2C197\" alt=\"La gobernadora Mar\u00eda Victoria Rodr\u00edguez en la firma del convenio que permitir\u00e1 realizar operativos oftalmol\u00f3gicos a internos de la c\u00e1rcel de Los Andes.\" width=\"300\" height=\"197\" srcset=\"https:\/\/i0.wp.com\/eltrabajo.cl\/portal\/wp-content\/uploads\/2015\/10\/oftalmologia.jpg?resize=300%2C197&amp;ssl=1 300w, https:\/\/i0.wp.com\/eltrabajo.cl\/portal\/wp-content\/uploads\/2015\/10\/oftalmologia.jpg?resize=200%2C131&amp;ssl=1 200w, https:\/\/i0.wp.com\/eltrabajo.cl\/portal\/wp-content\/uploads\/2015\/10\/oftalmologia.jpg?resize=228%2C150&amp;ssl=1 228w, https:\/\/i0.wp.com\/eltrabajo.cl\/portal\/wp-content\/uploads\/2015\/10\/oftalmologia.jpg?resize=400%2C263&amp;ssl=1 400w, https:\/\/i0.wp.com\/eltrabajo.cl\/portal\/wp-content\/uploads\/2015\/10\/oftalmologia.jpg?w=530&amp;ssl=1 530w\" sizes=\"auto, (max-width: 300px) 100vw, 300px\" \/><\/a><figcaption id=\"caption-attachment-62941\" class=\"wp-caption-text\">La gobernadora Mar\u00eda Victoria Rodr\u00edguez en la firma del convenio que permitir\u00e1 realizar operativos oftalmol\u00f3gicos a internos de la c\u00e1rcel de Los Andes.<\/figcaption><\/figure>\n<ul>\n<li><strong>Programa es financiado con un importante aporte del Sindicato Unificado de Trabajadores de Codelco.<\/strong><\/li>\n<\/ul>\n<p><strong>LOS ANDES.<\/strong>&#8211; La Gobernaci\u00f3n Provincial en conjunto con el Club de Leones llevar\u00e1n adelante un operativo oftalmol\u00f3gico en el centro de cumplimiento penitenciario de Los Andes a fin de dotar de lentes \u00f3pticos a los internos que presentan problemas de visi\u00f3n.<br \/>\nEste programa ser\u00e1 posible gracias al aporte efectuado por el Sindicato Unificado de Trabajadores de Codelco Andina, que se enmarca dentro de su trabajo de ayuda a la comunidad.<br \/>\nLa iniciativa implica una inversi\u00f3n de 1,6 millones de pesos que ser\u00e1n financiados de manera directa por el sindicato SUT.<br \/>\nLa gobernadora Mar\u00eda Victoria Rodr\u00edguez, agradeci\u00f3 la respuesta que tuvo la directiva del SUT a la solicitud enviada en conjunto con el Club de Leones a fin de poder revolver los problemas oftalmol\u00f3gicos que presenta la poblaci\u00f3n penal de la c\u00e1rcel de Los Andes.<br \/>\nLa idea, agreg\u00f3, es podar dotar de lentes \u00f3pticos a los reclusos que tienen problemas de visi\u00f3n y as\u00ed mejorar sus condiciones de salud.<br \/>\n\u201cAs\u00ed podremos integrar a los internos a los talleres de lectura que se realizan en el penal como parte de su proceso de reinserci\u00f3n en la sociedad y que lamentablemente no lo pueden hacer por tener su visi\u00f3n deteriorada y no contar con los medios para tener lentes\u201d, expres\u00f3 la autoridad.<br \/>\nPuntualiz\u00f3 que se trata de un acto de confianza que la sociedad entrega a los internos, \u201cde manera de hacer un aporte para que efectivamente los procesos reparatorios se cumplan, porque ellos tienen una biblioteca y una escuela donde pueden estudiar y hay muchos de ellos que por el tema de problemas de visi\u00f3n no pueden participar como ellos quisieran y gracias al aporte del Sindicato Unificado estamos haciendo una contribuci\u00f3n concreta para que ellos se sientan parte de esta sociedad\u201d.<br \/>\nPor su parte, el Tesorero del Sindicato Unificado, Wilson Manzano Segura, manifest\u00f3 que siempre como organizaci\u00f3n han estado ligados a los temas sociales y apoyar a la comunidad andina y para ello destinan parte del presupuesto de la organizaci\u00f3n para estos fines.<br \/>\nA\u00f1adi\u00f3 que estos aportes se realizan de manera silenciosa, pero que buscan integrarse a la comunidad, ya que muchos de sus asociados son oriundos de nuestra zona o que han llegado desde fuera pero que sienten identificaci\u00f3n por esta tierra y su empresa.<br \/>\n\u201cHemos estado ayudando para cumplir este objetivo, pues tomamos estos temas con responsabilidad para cumplirlos y no hacer cosas para figurar. Queremos estar con la gente que lo necesita, somos de una empresa del estado con muchas responsabilidades que cumplir\u201d, expres\u00f3 el dirigente.<br \/>\nComent\u00f3 que a veces la comunidad espera mucho m\u00e1s, \u201cpero tenemos que representar y distribuir bien estos presupuestos para poder ayudar a la mayor cantidad de organizaciones\u201d.<\/p>\n","protected":false},"excerpt":{"rendered":"<p>Programa es financiado con un importante aporte del Sindicato Unificado de Trabajadores de Codelco. LOS ANDES.&#8211; La Gobernaci\u00f3n Provincial en conjunto con el Club de Leones llevar\u00e1n adelante un operativo oftalmol\u00f3gico en&#8230;<\/p>\n","protected":false},"author":482,"featured_media":62941,"comment_status":"open","ping_status":"open","sticky":false,"template":"","format":"standard","meta":{"advanced_seo_description":"","jetpack_seo_html_title":"","jetpack_seo_noindex":false,"_jetpack_memberships_contains_paid_content":false,"footnotes":""},"categories":[1],"tags":[],"class_list":["post-62940","post","type-post","status-publish","format-standard","has-post-thumbnail","hentry","category-cronica"],"jetpack_featured_media_url":"https:\/\/i0.wp.com\/eltrabajo.cl\/portal\/wp-content\/uploads\/2015\/10\/oftalmologia.jpg?fit=530%2C348&ssl=1","jetpack_sharing_enabled":true,"jetpack_likes_enabled":true,"jetpack-related-posts":[],"_links":{"self":[{"href":"https:\/\/eltrabajo.cl\/portal\/wp-json\/wp\/v2\/posts\/62940","targetHints":{"allow":["GET"]}}],"collection":[{"href":"https:\/\/eltrabajo.cl\/portal\/wp-json\/wp\/v2\/posts"}],"about":[{"href":"https:\/\/eltrabajo.cl\/portal\/wp-json\/wp\/v2\/types\/post"}],"author":[{"embeddable":true,"href":"https:\/\/eltrabajo.cl\/portal\/wp-json\/wp\/v2\/users\/482"}],"replies":[{"embeddable":true,"href":"https:\/\/eltrabajo.cl\/portal\/wp-json\/wp\/v2\/comments?post=62940"}],"version-history":[{"count":0,"href":"https:\/\/eltrabajo.cl\/portal\/wp-json\/wp\/v2\/posts\/62940\/revisions"}],"wp:featuredmedia":[{"embeddable":true,"href":"https:\/\/eltrabajo.cl\/portal\/wp-json\/wp\/v2\/media\/62941"}],"wp:attachment":[{"href":"https:\/\/eltrabajo.cl\/portal\/wp-json\/wp\/v2\/media?parent=62940"}],"wp:term":[{"taxonomy":"category","embeddable":true,"href":"https:\/\/eltrabajo.cl\/portal\/wp-json\/wp\/v2\/categories?post=62940"},{"taxonomy":"post_tag","embeddable":true,"href":"https:\/\/eltrabajo.cl\/portal\/wp-json\/wp\/v2\/tags?post=62940"}],"curies":[{"name":"wp","href":"https:\/\/api.w.org\/{rel}","templated":true}]}}