{"id":62943,"date":"2015-10-16T09:07:14","date_gmt":"2015-10-16T12:07:14","guid":{"rendered":"http:\/\/www.eltrabajo.cl\/portal\/?p=62943"},"modified":"2015-10-16T09:07:14","modified_gmt":"2015-10-16T12:07:14","slug":"estudiantes-de-escuela-espana-realizaron-visita-a-codelco","status":"publish","type":"post","link":"https:\/\/eltrabajo.cl\/portal\/estudiantes-de-escuela-espana-realizaron-visita-a-codelco\/","title":{"rendered":"Estudiantes de Escuela Espa\u00f1a realizaron visita a Codelco"},"content":{"rendered":"<figure id=\"attachment_62944\" aria-describedby=\"caption-attachment-62944\" style=\"width: 300px\" class=\"wp-caption alignleft\"><a href=\"https:\/\/i0.wp.com\/www.eltrabajo.cl\/portal\/wp-content\/uploads\/2015\/10\/Visita-Escuela-Espana-Codelco.jpg\"><img data-recalc-dims=\"1\" loading=\"lazy\" decoding=\"async\" class=\"wp-image-62944 size-medium\" src=\"https:\/\/i0.wp.com\/www.eltrabajo.cl\/portal\/wp-content\/uploads\/2015\/10\/Visita-Escuela-Espana-Codelco-300x198.jpg?resize=300%2C198\" alt=\"Estudiantes de s\u00e9ptimo b\u00e1sico de la Escuela Espa\u00f1a realizaron una visita a las instalaciones de Codelco en su edificio institucional.\" width=\"300\" height=\"198\" srcset=\"https:\/\/i0.wp.com\/eltrabajo.cl\/portal\/wp-content\/uploads\/2015\/10\/Visita-Escuela-Espana-Codelco.jpg?resize=300%2C198&amp;ssl=1 300w, https:\/\/i0.wp.com\/eltrabajo.cl\/portal\/wp-content\/uploads\/2015\/10\/Visita-Escuela-Espana-Codelco.jpg?resize=200%2C132&amp;ssl=1 200w, https:\/\/i0.wp.com\/eltrabajo.cl\/portal\/wp-content\/uploads\/2015\/10\/Visita-Escuela-Espana-Codelco.jpg?resize=227%2C150&amp;ssl=1 227w, https:\/\/i0.wp.com\/eltrabajo.cl\/portal\/wp-content\/uploads\/2015\/10\/Visita-Escuela-Espana-Codelco.jpg?resize=400%2C264&amp;ssl=1 400w, https:\/\/i0.wp.com\/eltrabajo.cl\/portal\/wp-content\/uploads\/2015\/10\/Visita-Escuela-Espana-Codelco.jpg?w=530&amp;ssl=1 530w\" sizes=\"auto, (max-width: 300px) 100vw, 300px\" \/><\/a><figcaption id=\"caption-attachment-62944\" class=\"wp-caption-text\">Estudiantes de s\u00e9ptimo b\u00e1sico de la Escuela Espa\u00f1a realizaron una visita a las instalaciones de Codelco en su edificio institucional.<\/figcaption><\/figure>\n<p><strong>LOS ANDES.<\/strong>&#8211; El s\u00e9ptimo b\u00e1sico A de la Escuela Espa\u00f1a fue el octavo grupo estudiantil que conoci\u00f3 las operaciones remotas que realiza Codelco en su edificio institucional. La visita se realiz\u00f3 a dos meses del comienzo del programa \u2018Andina m\u00e1s Cerca\u2019, que busca dar un acercamiento a ni\u00f1os de establecimientos p\u00fablicos de la comuna de Los Andes con la industria minera.<br \/>\nEn esta oportunidad, m\u00e1s de 30 alumnos de este tradicional recinto educativo andino, hicieron el recorrido guiado y recibieron la bienvenida del gerente general de la Divisi\u00f3n, Ricardo Palma, adem\u00e1s de compartir con los profesionales de Andina que participan como relatores de esta iniciativa.<br \/>\nAlegres y expectantes, los ni\u00f1os se fueron interiorizando sobre las actividades de la compa\u00f1\u00eda, los minerales, el proceso de extracci\u00f3n de cobre y molibdeno, y los usos del metal rojo, gracias a la labor de inducci\u00f3n que realizan los trabajadores de Codelco. Su compromiso ha permitido que delegaciones de seis establecimientos p\u00fablicos de Los Andes se adentren en el mundo de la gran miner\u00eda.<br \/>\n\u201cNosotros operamos en el Valle de Aconcagua y con esto buscamos que nuestros procesos se conozcan de mejor forma\u201d, coment\u00f3 Long Sun, ingeniero especialista de Andina y quien particip\u00f3 como relator en la visita.<br \/>\nCynthia D\u00edaz, profesora jefe, afirm\u00f3 que \u201cles sirve mucho a los chicos que est\u00e1n interesados en saber. Vivimos en una zona minera y muchos de ellos pueden tener expectativas de trabajar en este rubro y me parece una experiencia buena y fortalecedora\u201d.<\/p>\n","protected":false},"excerpt":{"rendered":"<p>LOS ANDES.&#8211; El s\u00e9ptimo b\u00e1sico A de la Escuela Espa\u00f1a fue el octavo grupo estudiantil que conoci\u00f3 las operaciones remotas que realiza Codelco en su edificio institucional. La visita se realiz\u00f3 a&#8230;<\/p>\n","protected":false},"author":482,"featured_media":62944,"comment_status":"open","ping_status":"open","sticky":false,"template":"","format":"standard","meta":{"advanced_seo_description":"","jetpack_seo_html_title":"","jetpack_seo_noindex":false,"_jetpack_memberships_contains_paid_content":false,"footnotes":""},"categories":[1],"tags":[],"class_list":["post-62943","post","type-post","status-publish","format-standard","has-post-thumbnail","hentry","category-cronica"],"jetpack_featured_media_url":"https:\/\/i0.wp.com\/eltrabajo.cl\/portal\/wp-content\/uploads\/2015\/10\/Visita-Escuela-Espana-Codelco.jpg?fit=530%2C350&ssl=1","jetpack_sharing_enabled":true,"jetpack_likes_enabled":true,"jetpack-related-posts":[],"_links":{"self":[{"href":"https:\/\/eltrabajo.cl\/portal\/wp-json\/wp\/v2\/posts\/62943","targetHints":{"allow":["GET"]}}],"collection":[{"href":"https:\/\/eltrabajo.cl\/portal\/wp-json\/wp\/v2\/posts"}],"about":[{"href":"https:\/\/eltrabajo.cl\/portal\/wp-json\/wp\/v2\/types\/post"}],"author":[{"embeddable":true,"href":"https:\/\/eltrabajo.cl\/portal\/wp-json\/wp\/v2\/users\/482"}],"replies":[{"embeddable":true,"href":"https:\/\/eltrabajo.cl\/portal\/wp-json\/wp\/v2\/comments?post=62943"}],"version-history":[{"count":0,"href":"https:\/\/eltrabajo.cl\/portal\/wp-json\/wp\/v2\/posts\/62943\/revisions"}],"wp:featuredmedia":[{"embeddable":true,"href":"https:\/\/eltrabajo.cl\/portal\/wp-json\/wp\/v2\/media\/62944"}],"wp:attachment":[{"href":"https:\/\/eltrabajo.cl\/portal\/wp-json\/wp\/v2\/media?parent=62943"}],"wp:term":[{"taxonomy":"category","embeddable":true,"href":"https:\/\/eltrabajo.cl\/portal\/wp-json\/wp\/v2\/categories?post=62943"},{"taxonomy":"post_tag","embeddable":true,"href":"https:\/\/eltrabajo.cl\/portal\/wp-json\/wp\/v2\/tags?post=62943"}],"curies":[{"name":"wp","href":"https:\/\/api.w.org\/{rel}","templated":true}]}}