{"id":62946,"date":"2015-10-16T09:08:53","date_gmt":"2015-10-16T12:08:53","guid":{"rendered":"http:\/\/www.eltrabajo.cl\/portal\/?p=62946"},"modified":"2015-10-16T09:08:53","modified_gmt":"2015-10-16T12:08:53","slug":"acuerdo-de-prodesal-y-programa-puentes-uc-ayudara-a-mejorar-productividad-en-agricultores","status":"publish","type":"post","link":"https:\/\/eltrabajo.cl\/portal\/acuerdo-de-prodesal-y-programa-puentes-uc-ayudara-a-mejorar-productividad-en-agricultores\/","title":{"rendered":"Acuerdo de Prodesal y Programa Puentes UC ayudar\u00e1 a mejorar productividad en agricultores"},"content":{"rendered":"<figure id=\"attachment_62947\" aria-describedby=\"caption-attachment-62947\" style=\"width: 300px\" class=\"wp-caption alignleft\"><a href=\"https:\/\/i0.wp.com\/www.eltrabajo.cl\/portal\/wp-content\/uploads\/2015\/10\/Programa-puentes-Llay-Llay-2.jpg\"><img data-recalc-dims=\"1\" loading=\"lazy\" decoding=\"async\" class=\"wp-image-62947 size-medium\" src=\"https:\/\/i0.wp.com\/www.eltrabajo.cl\/portal\/wp-content\/uploads\/2015\/10\/Programa-puentes-Llay-Llay-2-300x198.jpg?resize=300%2C198\" alt=\"Prodesal junto al Programa Puentes de la UC ejecutaron un programa de apoyo a agricultores llaylla\u00ednos.\" width=\"300\" height=\"198\" srcset=\"https:\/\/i0.wp.com\/eltrabajo.cl\/portal\/wp-content\/uploads\/2015\/10\/Programa-puentes-Llay-Llay-2.jpg?resize=300%2C198&amp;ssl=1 300w, https:\/\/i0.wp.com\/eltrabajo.cl\/portal\/wp-content\/uploads\/2015\/10\/Programa-puentes-Llay-Llay-2.jpg?resize=200%2C132&amp;ssl=1 200w, https:\/\/i0.wp.com\/eltrabajo.cl\/portal\/wp-content\/uploads\/2015\/10\/Programa-puentes-Llay-Llay-2.jpg?resize=228%2C150&amp;ssl=1 228w, https:\/\/i0.wp.com\/eltrabajo.cl\/portal\/wp-content\/uploads\/2015\/10\/Programa-puentes-Llay-Llay-2.jpg?resize=400%2C263&amp;ssl=1 400w, https:\/\/i0.wp.com\/eltrabajo.cl\/portal\/wp-content\/uploads\/2015\/10\/Programa-puentes-Llay-Llay-2.jpg?w=530&amp;ssl=1 530w\" sizes=\"auto, (max-width: 300px) 100vw, 300px\" \/><\/a><figcaption id=\"caption-attachment-62947\" class=\"wp-caption-text\">Prodesal junto al Programa Puentes de la UC ejecutaron un programa de apoyo a agricultores llaylla\u00ednos.<\/figcaption><\/figure>\n<p><strong>LLAY LLAY.<\/strong>&#8211; El Programa Prodesal de Indap, que funciona en convenio con el municipio, realiz\u00f3 un acuerdo de trabajo en conjunto con el Programa Puentes de la Universidad Cat\u00f3lica de Chile. El acuerdo, va dirigido a los agricultores del rubro hortalizas, praderas, flores y frutales de la ciudad; con un plan de trabajo estructurado, su primera tarea fue realizar un diagn\u00f3stico de la calidad del suelo de los predios a intervenir, por ello, tomaron muestras de tierra, para realizar an\u00e1lisis de composici\u00f3n qu\u00edmica, y as\u00ed, determinar el manejo de fertilizaci\u00f3n para las pr\u00f3ximas producciones.<br \/>\nLa actividad tuvo un equipo de trabajo coaccionado y armonioso. Estuvieron el jefe t\u00e9cnico de la l\u00ednea Agr\u00edcola, Ra\u00fal Vega; el jefe t\u00e9cnico de la l\u00ednea Ganadera, Guillermo V\u00e1squez, los t\u00e9cnicos Ivonne Jeria y Adri\u00e1n Silva. Por parte de la Universidad Cat\u00f3lica, la comitiva de estudiantes de la carrera de Qu\u00edmica de la UC, tuvo como l\u00edder a la profesora M\u00f3nica Antilen. Durante el recorrido fueron acompa\u00f1ados por la encargada del programa puentes de la UC, Ana Garc\u00eda.<br \/>\nLos predios visitados corresponden a los usuarios: Susana Espinoza, dedicada al rubro de claveles; Guillermo L\u00f3pez que produce alfalfa; Juan Rodr\u00edguez productor de hortalizas y Pedro Henr\u00edquez que cultiva damascos.<br \/>\nEl Programa Puentes UC, es vincular los recursos acad\u00e9micos de la Universidad, con necesidades concretas de las Municipalidades, expres\u00f3 Ana Garc\u00eda, quien se encargada de realizar c\u00f3mo explic\u00f3 un \u2018puente\u2019 para acercar la ayuda profesional a los usuarios Prodesal.<br \/>\nPor su parte Ra\u00fal Vega espera seguir manteniendo y fortaleciendo este convenio con la Universidad Cat\u00f3lica, \u201cque sin duda nos entrega herramientas fundamentales para apoyar y mejorar los distintos manejos que realizan nuestros agricultores\u201d.<br \/>\n<strong>Marianela Quevedo<\/strong><\/p>\n","protected":false},"excerpt":{"rendered":"<p>LLAY LLAY.&#8211; El Programa Prodesal de Indap, que funciona en convenio con el municipio, realiz\u00f3 un acuerdo de trabajo en conjunto con el Programa Puentes de la Universidad Cat\u00f3lica de Chile. El&#8230;<\/p>\n","protected":false},"author":482,"featured_media":62947,"comment_status":"open","ping_status":"open","sticky":false,"template":"","format":"standard","meta":{"advanced_seo_description":"","jetpack_seo_html_title":"","jetpack_seo_noindex":false,"_jetpack_memberships_contains_paid_content":false,"footnotes":""},"categories":[1],"tags":[],"class_list":["post-62946","post","type-post","status-publish","format-standard","has-post-thumbnail","hentry","category-cronica"],"jetpack_featured_media_url":"https:\/\/i0.wp.com\/eltrabajo.cl\/portal\/wp-content\/uploads\/2015\/10\/Programa-puentes-Llay-Llay-2.jpg?fit=530%2C349&ssl=1","jetpack_sharing_enabled":true,"jetpack_likes_enabled":true,"jetpack-related-posts":[],"_links":{"self":[{"href":"https:\/\/eltrabajo.cl\/portal\/wp-json\/wp\/v2\/posts\/62946","targetHints":{"allow":["GET"]}}],"collection":[{"href":"https:\/\/eltrabajo.cl\/portal\/wp-json\/wp\/v2\/posts"}],"about":[{"href":"https:\/\/eltrabajo.cl\/portal\/wp-json\/wp\/v2\/types\/post"}],"author":[{"embeddable":true,"href":"https:\/\/eltrabajo.cl\/portal\/wp-json\/wp\/v2\/users\/482"}],"replies":[{"embeddable":true,"href":"https:\/\/eltrabajo.cl\/portal\/wp-json\/wp\/v2\/comments?post=62946"}],"version-history":[{"count":0,"href":"https:\/\/eltrabajo.cl\/portal\/wp-json\/wp\/v2\/posts\/62946\/revisions"}],"wp:featuredmedia":[{"embeddable":true,"href":"https:\/\/eltrabajo.cl\/portal\/wp-json\/wp\/v2\/media\/62947"}],"wp:attachment":[{"href":"https:\/\/eltrabajo.cl\/portal\/wp-json\/wp\/v2\/media?parent=62946"}],"wp:term":[{"taxonomy":"category","embeddable":true,"href":"https:\/\/eltrabajo.cl\/portal\/wp-json\/wp\/v2\/categories?post=62946"},{"taxonomy":"post_tag","embeddable":true,"href":"https:\/\/eltrabajo.cl\/portal\/wp-json\/wp\/v2\/tags?post=62946"}],"curies":[{"name":"wp","href":"https:\/\/api.w.org\/{rel}","templated":true}]}}