{"id":62949,"date":"2015-10-16T09:14:31","date_gmt":"2015-10-16T12:14:31","guid":{"rendered":"http:\/\/www.eltrabajo.cl\/portal\/?p=62949"},"modified":"2015-10-16T09:14:31","modified_gmt":"2015-10-16T12:14:31","slug":"proceso-canonico-podria-costarle-expulsion-a-sacerdote-roberto-julio","status":"publish","type":"post","link":"https:\/\/eltrabajo.cl\/portal\/proceso-canonico-podria-costarle-expulsion-a-sacerdote-roberto-julio\/","title":{"rendered":"Proceso can\u00f3nico podr\u00eda costarle expulsi\u00f3n a sacerdote Roberto Julio"},"content":{"rendered":"<figure id=\"attachment_62950\" aria-describedby=\"caption-attachment-62950\" style=\"width: 300px\" class=\"wp-caption alignleft\"><a href=\"https:\/\/i0.wp.com\/www.eltrabajo.cl\/portal\/wp-content\/uploads\/2015\/10\/Roberto-Julio.jpg\"><img data-recalc-dims=\"1\" loading=\"lazy\" decoding=\"async\" class=\"wp-image-62950 size-medium\" src=\"https:\/\/i0.wp.com\/www.eltrabajo.cl\/portal\/wp-content\/uploads\/2015\/10\/Roberto-Julio-300x197.jpg?resize=300%2C197\" alt=\"ES NOTICIA.- Presb\u00edtero Juan Roberto Julio Luttges, investigado por supuesto manejo irregular de m\u00e1s de $500.millones.\" width=\"300\" height=\"197\" srcset=\"https:\/\/i0.wp.com\/eltrabajo.cl\/portal\/wp-content\/uploads\/2015\/10\/Roberto-Julio.jpg?resize=300%2C197&amp;ssl=1 300w, https:\/\/i0.wp.com\/eltrabajo.cl\/portal\/wp-content\/uploads\/2015\/10\/Roberto-Julio.jpg?resize=200%2C131&amp;ssl=1 200w, https:\/\/i0.wp.com\/eltrabajo.cl\/portal\/wp-content\/uploads\/2015\/10\/Roberto-Julio.jpg?resize=228%2C150&amp;ssl=1 228w, https:\/\/i0.wp.com\/eltrabajo.cl\/portal\/wp-content\/uploads\/2015\/10\/Roberto-Julio.jpg?resize=400%2C263&amp;ssl=1 400w, https:\/\/i0.wp.com\/eltrabajo.cl\/portal\/wp-content\/uploads\/2015\/10\/Roberto-Julio.jpg?w=530&amp;ssl=1 530w\" sizes=\"auto, (max-width: 300px) 100vw, 300px\" \/><\/a><figcaption id=\"caption-attachment-62950\" class=\"wp-caption-text\">ES NOTICIA.- Presb\u00edtero Juan Roberto Julio Luttges, investigado por supuesto manejo irregular de m\u00e1s de $500.millones.<\/figcaption><\/figure>\n<p>Luego que se ventilara en medios de comunicaci\u00f3n a nivel nacional los esc\u00e1ndalos de supuesta corrupci\u00f3n y apropiaci\u00f3n indebida de bienes, en el que viene figurando como protagonista principal el presb\u00edtero Juan Roberto Julio Luttges, ex p\u00e1rroco de Zapallar, el Obispado de San Felipe ha iniciado, con fecha 13 de octubre de 2015, un proceso judicial penal para determinar si Julio Luttges ha incurrido en delitos establecidos en el ordenamiento jur\u00eddico can\u00f3nico de la Iglesia y, con miras a que, si as\u00ed fuere, infligirle una pena can\u00f3nica adecuada. Este religioso fue formalizado el pasado 29 de septiembre en el Juzgado de Garant\u00eda de La Ligua, por los presuntos delitos de Apropiaci\u00f3n indebida y Estafa reiterada.<\/p>\n<p><strong>SACERDOTE PODR\u00cdA\u00a0SER EXPULSADO<\/strong><br \/>\nDiario El Trabajo habl\u00f3 la tarde de este jueves con el Obispo de Aconcagua, Cristian Contreras, quien explic\u00f3 detalladamente los pormenores del proceso can\u00f3nico que se inici\u00f3 contra el religioso, aclarando que \u00e9ste es independiente a los alcances que pueda tener el proceso penal civil.<br \/>\n<strong>&#8211; \u00bfCu\u00e1l es la situaci\u00f3n legal de este sacerdote?<\/strong><br \/>\n<strong>&#8211;<\/strong> La parroquia de Zapallar, Santa Teresa de Jes\u00fas, hizo una auditor\u00eda una vez que el sacerdote Roberto Julio fuera trasladado por mi persona como vicario a la parroquia de Santa Rosa de Los Andes. A ra\u00edz de esta auditor\u00eda, el presb\u00edtero Hern\u00e1n Acu\u00f1a Garrido present\u00f3 una denuncia y querella en contra del sacerdote para investigar algunas situaciones irregulares de orden administrativo econ\u00f3mico. Esta investigaci\u00f3n se inici\u00f3 en el plano civil en La Ligua.<\/p>\n<figure id=\"attachment_62951\" aria-describedby=\"caption-attachment-62951\" style=\"width: 300px\" class=\"wp-caption alignright\"><a href=\"https:\/\/i0.wp.com\/www.eltrabajo.cl\/portal\/wp-content\/uploads\/2015\/10\/Cristian-Contreras.jpg\"><img data-recalc-dims=\"1\" loading=\"lazy\" decoding=\"async\" class=\"wp-image-62951 size-medium\" src=\"https:\/\/i0.wp.com\/www.eltrabajo.cl\/portal\/wp-content\/uploads\/2015\/10\/Cristian-Contreras-300x197.jpg?resize=300%2C197\" alt=\"Cristi\u00e1n Contreras, Obispo de la Di\u00f3cesis de Aconcagua.\" width=\"300\" height=\"197\" srcset=\"https:\/\/i0.wp.com\/eltrabajo.cl\/portal\/wp-content\/uploads\/2015\/10\/Cristian-Contreras.jpg?resize=300%2C197&amp;ssl=1 300w, https:\/\/i0.wp.com\/eltrabajo.cl\/portal\/wp-content\/uploads\/2015\/10\/Cristian-Contreras.jpg?resize=200%2C131&amp;ssl=1 200w, https:\/\/i0.wp.com\/eltrabajo.cl\/portal\/wp-content\/uploads\/2015\/10\/Cristian-Contreras.jpg?resize=228%2C150&amp;ssl=1 228w, https:\/\/i0.wp.com\/eltrabajo.cl\/portal\/wp-content\/uploads\/2015\/10\/Cristian-Contreras.jpg?resize=400%2C263&amp;ssl=1 400w, https:\/\/i0.wp.com\/eltrabajo.cl\/portal\/wp-content\/uploads\/2015\/10\/Cristian-Contreras.jpg?w=530&amp;ssl=1 530w\" sizes=\"auto, (max-width: 300px) 100vw, 300px\" \/><\/a><figcaption id=\"caption-attachment-62951\" class=\"wp-caption-text\">Cristi\u00e1n Contreras, Obispo de la Di\u00f3cesis de Aconcagua.<\/figcaption><\/figure>\n<p><strong>&#8211; \u00bfC\u00f3mo funciona este proceso ordenado por su persona contra este cura?<\/strong><br \/>\n<strong>&#8211;<\/strong> Como todos saben, el 29 de septiembre el fiscal formaliz\u00f3 a este sacerdote, en este caso lo que yo estoy haciendo como obispo, es un proceso penal judicial can\u00f3nico, por el cual se instruye a un tribunal investigue estas irregularidades. Este tribunal, ubicado en Santiago, est\u00e1 compuesto por tres sacerdotes expertos en Derecho Can\u00f3nico.<br \/>\n<strong>&#8211; \u00bfT\u00e9cnicamente cu\u00e1l es el canon que se le est\u00e1 aplicando a Roberto Julio?<\/strong><br \/>\n<strong>&#8211;<\/strong> Cuando el Obispo inicia un proceso, est\u00e1 facultado por el Derecho can\u00f3nico, puntualmente por el canon N\u00ba1.722, para aplicar alguna medida cautelar si lo considera oportuno y necesario, en este caso s\u00ed lo consider\u00e9 necesario para mayor transparencia de la investigaci\u00f3n. \u00c9l, Roberto Julio, no est\u00e1 suspendido del Ministerio, lo que pasa es que a \u00e9l se le ha restringido el Ministerio, s\u00f3lo puede celebrar Misas en lugares privados y acompa\u00f1ado con dos personas.<br \/>\n<strong>&#8211; \u00bfQu\u00e9 busca esclarecer este proceso can\u00f3nico, y cu\u00e1l ser\u00eda la pena m\u00e1xima posible?<\/strong><br \/>\n<strong>&#8211;<\/strong> Lo que se busca esclarecer, es saber si \u00e9l hizo mal uso o no de los recursos de la parroquia, este proceso puede terminar exculpando a quien se procesa, tambi\u00e9n puede ocurrir que se descubra alg\u00fan delito, por lo cual podr\u00eda recibir una Pena Medicinal, una medicina, que podr\u00eda estar por algunos a\u00f1os alejado del Ministerio, sin poder celebrar misas ni confesar. Lo peor que podr\u00eda ocurrir en este caso, y esperamos en Dios que no sea as\u00ed, es la expulsi\u00f3n del estado clerical del sacerdote; de momento \u00e9l est\u00e1 como vicario de la parroquia de Santa Rosa de Los Andes.<\/p>\n<p><strong>EN INVESTIGACI\u00d3N<\/strong><br \/>\nLos hechos en los que se relaciona a este religioso y los cientos de millones de pesos manejados supuestamente de manera irregular, lo llevaron a tener que enfrentar en su contra una formalizaci\u00f3n el pasado 29 de septiembre, por los presuntos delitos de Apropiaci\u00f3n indebida y Estafa Reiterada, cuyo monto ascender\u00eda a m\u00e1s de $500 millones.<br \/>\nComo medida cautelar, se dispuso que el religioso no pueda oficiar misas de manera p\u00fablica, pudiendo s\u00f3lo hacerlas de manera privada con no m\u00e1s de dos acompa\u00f1antes, pues uno de los elementos en investigaci\u00f3n sobre el accionar extra-religioso que est\u00e1 siendo escudri\u00f1ado en este proceso, se\u00f1alar\u00eda que poco despu\u00e9s del anuncio de la salida de Julio de Zapallar, se conoci\u00f3 sobre una sociedad suya llamada Santa Clotilde, en honor a una de las dos perras poodles que a\u00fan viven junto a \u00e9l.<br \/>\nLos bienes materiales de este sacerdote, y que estar\u00edan alertando a los feligreses y autoridades sobre que \u2018algo\u2019 no encajar\u00eda en el modo de vivir que se debiera esperar de un cl\u00e9rigo, apuntan a los bienes incluidos dentro de Sociedad Santa Clotilde: doce sepulturas adquiridas al cementerio de Zapallar, avaluadas en $60 millones; una farmacia comprada en Petorca en $10 millones, y una camioneta Toyota Land Cruiser Prado, de $23 millones, sobre esta camioneta, Julio inform\u00f3 a un medio nacional, \u2018que ese veh\u00edculo se lo regal\u00f3 una acaudalada familia catalana que lo visit\u00f3 hace unos meses\u2019.<\/p>\n<p><strong>LOS ARGUMENTOS\u00a0DEL SACERDOTE<\/strong><br \/>\nUno de los argumentos que Julio toma como aplicables en su caso para explicar esta sociedad, es que en la justicia civil y en la can\u00f3nica, nada le impide crear una sociedad, pues seg\u00fan sostiene, en el mundo hay 450.000 sacerdotes cat\u00f3licos de los cuales aproximadamente un 65% son sacerdotes seculares o diocesanos y el resto pertenece a \u00f3rdenes o congregaciones.<br \/>\nLo anterior significar\u00eda que estos dos tipos de sacerdocios tienen un orden jur\u00eddico diferente. Las congregaciones siguen la espiritualidad de alg\u00fan santo que los identifique y aplican ese elemento a su vida como sacerdotes. Viven congregados o reunidos en un monasterio o casa de religiosos, y abrazan los tres votos: de Pobreza, Obediencia y Castidad.<br \/>\nLos diocesanos no siguen a un santo o fundador particular. Tienen la vocaci\u00f3n del pastor, de cuidar el reba\u00f1o del pueblo de Dios. Pueden vivir solos o con otro sacerdote. Pueden trabajar en diferentes actividades en la parroquia, ser profesores, ayudar en hospitales, ser capell\u00e1n de c\u00e1rcel. Y pueden, seg\u00fan defiende este religioso, heredar bienes o conservar ahorros, producto de su trabajo. \u00abSanta Clotilde es una sociedad que yo cre\u00e9 en octubre del a\u00f1o 2012 y de la cual no soy representante legal; es decir, la manejan los administradores, ellos ven en qu\u00e9 invierten los dineros. La sociedad no guarda ninguna relaci\u00f3n con la parroquia de Zapallar\u00bb, explic\u00f3 Juan Roberto Julio Luttges en una entrevista realizada por el diario La Tercera, ya que seg\u00fan sus propias palabras, \u00abcomo sacerdote secular, no tengo voto ni promesa de pobreza. Solamente obediencia y castidad. Nada me impide crear una sociedad, desde el ordenamiento jur\u00eddico civil ni can\u00f3nico\u00bb.<\/p>\n<p><strong>CANON 1722, APLICADO AL RELIGIOSO<\/strong><br \/>\n\u00abPara evitar esc\u00e1ndalos, defender la libertad de los testigos y garantizar el curso de la justicia, puede el Ordinario, despu\u00e9s de o\u00edr al promotor de justicia y habiendo citado al acusado, apartar a \u00e9ste, en cualquier fase del proceso, del ejercicio del ministerio sagrado o de un oficio o cargo eclesi\u00e1stico, imponerle o prohibirle la residencia en un lugar o territorio, o tambi\u00e9n prohibirle que reciba p\u00fablicamente la sant\u00edsima Eucarist\u00eda, pero todas estas provisiones deben revocarse al cesar la causa que las motiv\u00f3, y dejan ipso iure de tener vigor al terminar el proceso penal\u00bb.<\/p>\n<p><strong>Roberto Gonz\u00e1lez Short<\/strong><br \/>\n<strong>rgonzalez@eltrabajo.cl<\/strong><\/p>\n","protected":false},"excerpt":{"rendered":"<p>Luego que se ventilara en medios de comunicaci\u00f3n a nivel nacional los esc\u00e1ndalos de supuesta corrupci\u00f3n y apropiaci\u00f3n indebida de bienes, en el que viene figurando como protagonista principal el presb\u00edtero Juan&#8230;<\/p>\n","protected":false},"author":482,"featured_media":62950,"comment_status":"open","ping_status":"open","sticky":false,"template":"","format":"standard","meta":{"advanced_seo_description":"","jetpack_seo_html_title":"","jetpack_seo_noindex":false,"_jetpack_memberships_contains_paid_content":false,"footnotes":""},"categories":[15],"tags":[],"class_list":["post-62949","post","type-post","status-publish","format-standard","has-post-thumbnail","hentry","category-comunidad"],"jetpack_featured_media_url":"https:\/\/i0.wp.com\/eltrabajo.cl\/portal\/wp-content\/uploads\/2015\/10\/Roberto-Julio.jpg?fit=530%2C348&ssl=1","jetpack_sharing_enabled":true,"jetpack_likes_enabled":true,"jetpack-related-posts":[],"_links":{"self":[{"href":"https:\/\/eltrabajo.cl\/portal\/wp-json\/wp\/v2\/posts\/62949","targetHints":{"allow":["GET"]}}],"collection":[{"href":"https:\/\/eltrabajo.cl\/portal\/wp-json\/wp\/v2\/posts"}],"about":[{"href":"https:\/\/eltrabajo.cl\/portal\/wp-json\/wp\/v2\/types\/post"}],"author":[{"embeddable":true,"href":"https:\/\/eltrabajo.cl\/portal\/wp-json\/wp\/v2\/users\/482"}],"replies":[{"embeddable":true,"href":"https:\/\/eltrabajo.cl\/portal\/wp-json\/wp\/v2\/comments?post=62949"}],"version-history":[{"count":0,"href":"https:\/\/eltrabajo.cl\/portal\/wp-json\/wp\/v2\/posts\/62949\/revisions"}],"wp:featuredmedia":[{"embeddable":true,"href":"https:\/\/eltrabajo.cl\/portal\/wp-json\/wp\/v2\/media\/62950"}],"wp:attachment":[{"href":"https:\/\/eltrabajo.cl\/portal\/wp-json\/wp\/v2\/media?parent=62949"}],"wp:term":[{"taxonomy":"category","embeddable":true,"href":"https:\/\/eltrabajo.cl\/portal\/wp-json\/wp\/v2\/categories?post=62949"},{"taxonomy":"post_tag","embeddable":true,"href":"https:\/\/eltrabajo.cl\/portal\/wp-json\/wp\/v2\/tags?post=62949"}],"curies":[{"name":"wp","href":"https:\/\/api.w.org\/{rel}","templated":true}]}}