{"id":62954,"date":"2015-10-16T09:15:41","date_gmt":"2015-10-16T12:15:41","guid":{"rendered":"http:\/\/www.eltrabajo.cl\/portal\/?p=62954"},"modified":"2015-10-16T09:15:41","modified_gmt":"2015-10-16T12:15:41","slug":"programa-calles-abiertas-pondra-diez-estaciones-de-actividad-fisica-y-deporte-en-calle-salinas-este-domingo","status":"publish","type":"post","link":"https:\/\/eltrabajo.cl\/portal\/programa-calles-abiertas-pondra-diez-estaciones-de-actividad-fisica-y-deporte-en-calle-salinas-este-domingo\/","title":{"rendered":"Programa \u2018Calles Abiertas\u2019 pondr\u00e1 diez estaciones de actividad f\u00edsica y deporte en calle Salinas este domingo"},"content":{"rendered":"<figure id=\"attachment_62955\" aria-describedby=\"caption-attachment-62955\" style=\"width: 300px\" class=\"wp-caption alignleft\"><a href=\"https:\/\/i0.wp.com\/www.eltrabajo.cl\/portal\/wp-content\/uploads\/2015\/10\/Danilo-Pena1.jpg\"><img data-recalc-dims=\"1\" loading=\"lazy\" decoding=\"async\" class=\"wp-image-62955 size-medium\" src=\"https:\/\/i0.wp.com\/www.eltrabajo.cl\/portal\/wp-content\/uploads\/2015\/10\/Danilo-Pena1-300x197.jpg?resize=300%2C197\" alt=\"Danilo Pe\u00f1a, encargado del Departamento de Deportes y Actividad F\u00edsica de la Municipalidad de San Felipe. \" width=\"300\" height=\"197\" srcset=\"https:\/\/i0.wp.com\/eltrabajo.cl\/portal\/wp-content\/uploads\/2015\/10\/Danilo-Pena1.jpg?resize=300%2C197&amp;ssl=1 300w, https:\/\/i0.wp.com\/eltrabajo.cl\/portal\/wp-content\/uploads\/2015\/10\/Danilo-Pena1.jpg?resize=200%2C131&amp;ssl=1 200w, https:\/\/i0.wp.com\/eltrabajo.cl\/portal\/wp-content\/uploads\/2015\/10\/Danilo-Pena1.jpg?resize=228%2C150&amp;ssl=1 228w, https:\/\/i0.wp.com\/eltrabajo.cl\/portal\/wp-content\/uploads\/2015\/10\/Danilo-Pena1.jpg?resize=400%2C263&amp;ssl=1 400w, https:\/\/i0.wp.com\/eltrabajo.cl\/portal\/wp-content\/uploads\/2015\/10\/Danilo-Pena1.jpg?w=530&amp;ssl=1 530w\" sizes=\"auto, (max-width: 300px) 100vw, 300px\" \/><\/a><figcaption id=\"caption-attachment-62955\" class=\"wp-caption-text\">Danilo Pe\u00f1a, encargado del Departamento de Deportes y Actividad F\u00edsica de la Municipalidad de San Felipe.<\/figcaption><\/figure>\n<p>Mini f\u00fatbol, mini b\u00e1squetbol, zumba, GAP, stretching, entre otras instancias deportivas y de actividad f\u00edsica, adem\u00e1s de pinta caritas, para que los ni\u00f1os disfruten mientras los adultos aprovechan la instancia, contempla el programa \u2018Calles Abiertas\u2019, iniciativa que gestion\u00f3 el alcalde Patricio Freire ante el IND y que considera once fechas en la comuna de San Felipe, de las cuales tres ser\u00e1n en sectores rurales.<br \/>\nLa informaci\u00f3n la entreg\u00f3 el encargado del Departamento de Deportes y Actividad F\u00edsica de la municipalidad, Danilo Pe\u00f1a, quien coment\u00f3 que esta iniciativa se desarrollar\u00e1 desde este y durante los pr\u00f3ximos diez domingos, completando estas once fechas asignadas por el IND y que se realizar\u00e1n ocho en calle Salinas y las tres restantes en los sectores rurales de Bellavista, Curim\u00f3n y La Troya.<br \/>\n\u201cSer\u00e1n diez estaciones de actividad f\u00edsica y deportes, abiertas y gratuitas a todos quienes deseen participar desde este domingo, entre las 10:00 y las 14:.00 horas. Se realizar\u00e1n ocho fechas en el centro de San Felipe, pero tambi\u00e9n en los sectores rurales de Bellavista, Curim\u00f3n y La Troya, ya que consecuentes con la pol\u00edtica municipal impulsada por nuestro alcalde Freire, tambi\u00e9n queremos descentralizar las actividades y llevarlas a zonas rurales, donde esperamos una favorable respuesta de la comunidad\u201d, se\u00f1al\u00f3 Danilo Pe\u00f1a.<br \/>\nEsta iniciativa favoreci\u00f3 a tres comunas de la regi\u00f3n: Cabildo, Quilpu\u00e9 y San Felipe, por lo mismo existe enorme satisfacci\u00f3n en el equipo del Departamento de Deportes y Actividad F\u00edsica, en la medida que se ha privilegiado a nuestra ciudad para traer instructores certificados y el equipamiento necesario que permita hacer de esta serie de once fechas, verdaderas fiestas del deporte.<br \/>\nDanilo Pe\u00f1a reiter\u00f3 la invitaci\u00f3n a la comunidad a aprovechar esta iniciativa, que ciertamente da cuenta del esfuerzo mancomunado por generar espacios abiertos y gratuitos para el fomento del deporte en la comuna de San Felipe.<\/p>\n","protected":false},"excerpt":{"rendered":"<p>Mini f\u00fatbol, mini b\u00e1squetbol, zumba, GAP, stretching, entre otras instancias deportivas y de actividad f\u00edsica, adem\u00e1s de pinta caritas, para que los ni\u00f1os disfruten mientras los adultos aprovechan la instancia, contempla el&#8230;<\/p>\n","protected":false},"author":482,"featured_media":62955,"comment_status":"open","ping_status":"open","sticky":false,"template":"","format":"standard","meta":{"advanced_seo_description":"","jetpack_seo_html_title":"","jetpack_seo_noindex":false,"_jetpack_memberships_contains_paid_content":false,"footnotes":""},"categories":[1],"tags":[],"class_list":["post-62954","post","type-post","status-publish","format-standard","has-post-thumbnail","hentry","category-cronica"],"jetpack_featured_media_url":"https:\/\/i0.wp.com\/eltrabajo.cl\/portal\/wp-content\/uploads\/2015\/10\/Danilo-Pena1.jpg?fit=530%2C348&ssl=1","jetpack_sharing_enabled":true,"jetpack_likes_enabled":true,"jetpack-related-posts":[],"_links":{"self":[{"href":"https:\/\/eltrabajo.cl\/portal\/wp-json\/wp\/v2\/posts\/62954","targetHints":{"allow":["GET"]}}],"collection":[{"href":"https:\/\/eltrabajo.cl\/portal\/wp-json\/wp\/v2\/posts"}],"about":[{"href":"https:\/\/eltrabajo.cl\/portal\/wp-json\/wp\/v2\/types\/post"}],"author":[{"embeddable":true,"href":"https:\/\/eltrabajo.cl\/portal\/wp-json\/wp\/v2\/users\/482"}],"replies":[{"embeddable":true,"href":"https:\/\/eltrabajo.cl\/portal\/wp-json\/wp\/v2\/comments?post=62954"}],"version-history":[{"count":0,"href":"https:\/\/eltrabajo.cl\/portal\/wp-json\/wp\/v2\/posts\/62954\/revisions"}],"wp:featuredmedia":[{"embeddable":true,"href":"https:\/\/eltrabajo.cl\/portal\/wp-json\/wp\/v2\/media\/62955"}],"wp:attachment":[{"href":"https:\/\/eltrabajo.cl\/portal\/wp-json\/wp\/v2\/media?parent=62954"}],"wp:term":[{"taxonomy":"category","embeddable":true,"href":"https:\/\/eltrabajo.cl\/portal\/wp-json\/wp\/v2\/categories?post=62954"},{"taxonomy":"post_tag","embeddable":true,"href":"https:\/\/eltrabajo.cl\/portal\/wp-json\/wp\/v2\/tags?post=62954"}],"curies":[{"name":"wp","href":"https:\/\/api.w.org\/{rel}","templated":true}]}}