{"id":62957,"date":"2015-10-16T09:17:06","date_gmt":"2015-10-16T12:17:06","guid":{"rendered":"http:\/\/www.eltrabajo.cl\/portal\/?p=62957"},"modified":"2015-10-16T09:17:06","modified_gmt":"2015-10-16T12:17:06","slug":"invitan-a-la-comunidad-a-participar-este-sabado-de-nuevo-impacto-juvenil-version-mcs","status":"publish","type":"post","link":"https:\/\/eltrabajo.cl\/portal\/invitan-a-la-comunidad-a-participar-este-sabado-de-nuevo-impacto-juvenil-version-mcs\/","title":{"rendered":"Invitan a la comunidad a participar este s\u00e1bado de nuevo Impacto Juvenil versi\u00f3n MC\u2019S"},"content":{"rendered":"<figure id=\"attachment_62958\" aria-describedby=\"caption-attachment-62958\" style=\"width: 300px\" class=\"wp-caption alignleft\"><a href=\"https:\/\/i0.wp.com\/www.eltrabajo.cl\/portal\/wp-content\/uploads\/2015\/10\/Sabina-Castro.jpg\"><img data-recalc-dims=\"1\" loading=\"lazy\" decoding=\"async\" class=\"wp-image-62958 size-medium\" src=\"https:\/\/i0.wp.com\/www.eltrabajo.cl\/portal\/wp-content\/uploads\/2015\/10\/Sabina-Castro-300x197.jpg?resize=300%2C197\" alt=\"Sabina Castro, encargada de la Oficina Municipal de la Juventud.\" width=\"300\" height=\"197\" srcset=\"https:\/\/i0.wp.com\/eltrabajo.cl\/portal\/wp-content\/uploads\/2015\/10\/Sabina-Castro.jpg?resize=300%2C197&amp;ssl=1 300w, https:\/\/i0.wp.com\/eltrabajo.cl\/portal\/wp-content\/uploads\/2015\/10\/Sabina-Castro.jpg?resize=200%2C131&amp;ssl=1 200w, https:\/\/i0.wp.com\/eltrabajo.cl\/portal\/wp-content\/uploads\/2015\/10\/Sabina-Castro.jpg?resize=228%2C150&amp;ssl=1 228w, https:\/\/i0.wp.com\/eltrabajo.cl\/portal\/wp-content\/uploads\/2015\/10\/Sabina-Castro.jpg?resize=400%2C263&amp;ssl=1 400w, https:\/\/i0.wp.com\/eltrabajo.cl\/portal\/wp-content\/uploads\/2015\/10\/Sabina-Castro.jpg?w=530&amp;ssl=1 530w\" sizes=\"auto, (max-width: 300px) 100vw, 300px\" \/><\/a><figcaption id=\"caption-attachment-62958\" class=\"wp-caption-text\">Sabina Castro, encargada de la Oficina Municipal de la Juventud.<\/figcaption><\/figure>\n<ul>\n<li><strong>Banda sanfelipe\u00f1a \u2018Invasi\u00f3n Rapera\u2019 invita a participar de este encuentro musical que se realizar\u00e1 en la Terraza de la Plaza de Armas de nuestra ciudad.<\/strong><\/li>\n<\/ul>\n<p>A partir de las 17.00 horas de este s\u00e1bado, en la Terraza de la Plaza de Armas de San Felipe, se realizar\u00e1 una nueva versi\u00f3n de la actividad denominada \u2018Impacto Juvenil\u2019, iniciativa que si bien es normalmente organizada por la Oficina Municipal de la Juventud, en esta oportunidad ha sido impulsada por un grupo de j\u00f3venes artistas de la comuna, que precisamente desean aprovechar este espacio p\u00fablico para mostrar su talento musical.<br \/>\nSeg\u00fan se\u00f1al\u00f3 la encargada de la Oficina Municipal de la Juventud, Sabina Castro, el municipio se ha puesto a disposici\u00f3n de quienes asumieron el desaf\u00edo de organizar este \u2018Impacto\u2019, para lograr que se realice de la mejor manera y con los mejores resultados.<br \/>\nEn esa l\u00ednea, la profesional resalt\u00f3 que la pol\u00edtica municipal del alcalde Patricio Freire ha considerado un fuerte impulso al desarrollo de las distintas instancias que fortalezcan a la juventud sanfelipe\u00f1a y en ese entendido, manifest\u00f3 que una acci\u00f3n concreta consiste en esta instancia de fomento del arte y la cultura por parte de los j\u00f3venes, destinando un espacio tan importante como es la terraza de la Plaza de Armas para el cumplimiento de ese prop\u00f3sito.<br \/>\nFelipe, Nicol\u00e1s y Dante, integran el grupo \u2018Invasi\u00f3n Rapera\u2019, agrupaci\u00f3n sanfelipe\u00f1a que cultiva el reggae-rap hace dos a\u00f1os y que asumi\u00f3 por iniciativa propia la misi\u00f3n de realizar este nuevo encuentro musical en el principal paseo p\u00fablico de la comuna.<br \/>\nSeg\u00fan coment\u00f3 Felipe, este s\u00e1bado y durante poco m\u00e1s de dos horas, se presentar\u00e1n ante el p\u00fablico otras tres agrupaciones musicales: Dlatermon, Kagaos del Cr\u00e1neo y Clicka de la Brea.<br \/>\n\u201cLa idea es que la gente nos acompa\u00f1en y participen. Que conozcan el trabajo que hacemos. En San Felipe hay bandas muy buenas y estamos haciendo un trabajo que les gusta a muchos, pero que nos gustar\u00eda que les gustara a muchos m\u00e1s, as\u00ed es que los invitamos para que asistan este s\u00e1bado\u201d, coment\u00f3 el integrante de \u2018Invasi\u00f3n Rapera\u2019.<br \/>\nLa invitaci\u00f3n es abierta a todo el p\u00fablico y particularmente a los j\u00f3venes, para que se acerquen este s\u00e1bado 17 de octubre y disfruten del talento y la calidad art\u00edstica de estas bandas locales, respaldando no solo el trabajo de la Oficina Municipal de la Juventud, sino que sobre todo, apoyando a los grupos musicales emergentes de San Felipe.<\/p>\n","protected":false},"excerpt":{"rendered":"<p>Banda sanfelipe\u00f1a \u2018Invasi\u00f3n Rapera\u2019 invita a participar de este encuentro musical que se realizar\u00e1 en la Terraza de la Plaza de Armas de nuestra ciudad. A partir de las 17.00 horas de&#8230;<\/p>\n","protected":false},"author":482,"featured_media":62958,"comment_status":"open","ping_status":"open","sticky":false,"template":"","format":"standard","meta":{"advanced_seo_description":"","jetpack_seo_html_title":"","jetpack_seo_noindex":false,"_jetpack_memberships_contains_paid_content":false,"footnotes":""},"categories":[1],"tags":[],"class_list":["post-62957","post","type-post","status-publish","format-standard","has-post-thumbnail","hentry","category-cronica"],"jetpack_featured_media_url":"https:\/\/i0.wp.com\/eltrabajo.cl\/portal\/wp-content\/uploads\/2015\/10\/Sabina-Castro.jpg?fit=530%2C348&ssl=1","jetpack_sharing_enabled":true,"jetpack_likes_enabled":true,"jetpack-related-posts":[],"_links":{"self":[{"href":"https:\/\/eltrabajo.cl\/portal\/wp-json\/wp\/v2\/posts\/62957","targetHints":{"allow":["GET"]}}],"collection":[{"href":"https:\/\/eltrabajo.cl\/portal\/wp-json\/wp\/v2\/posts"}],"about":[{"href":"https:\/\/eltrabajo.cl\/portal\/wp-json\/wp\/v2\/types\/post"}],"author":[{"embeddable":true,"href":"https:\/\/eltrabajo.cl\/portal\/wp-json\/wp\/v2\/users\/482"}],"replies":[{"embeddable":true,"href":"https:\/\/eltrabajo.cl\/portal\/wp-json\/wp\/v2\/comments?post=62957"}],"version-history":[{"count":0,"href":"https:\/\/eltrabajo.cl\/portal\/wp-json\/wp\/v2\/posts\/62957\/revisions"}],"wp:featuredmedia":[{"embeddable":true,"href":"https:\/\/eltrabajo.cl\/portal\/wp-json\/wp\/v2\/media\/62958"}],"wp:attachment":[{"href":"https:\/\/eltrabajo.cl\/portal\/wp-json\/wp\/v2\/media?parent=62957"}],"wp:term":[{"taxonomy":"category","embeddable":true,"href":"https:\/\/eltrabajo.cl\/portal\/wp-json\/wp\/v2\/categories?post=62957"},{"taxonomy":"post_tag","embeddable":true,"href":"https:\/\/eltrabajo.cl\/portal\/wp-json\/wp\/v2\/tags?post=62957"}],"curies":[{"name":"wp","href":"https:\/\/api.w.org\/{rel}","templated":true}]}}