{"id":62963,"date":"2015-10-16T09:23:39","date_gmt":"2015-10-16T12:23:39","guid":{"rendered":"http:\/\/www.eltrabajo.cl\/portal\/?p=62963"},"modified":"2015-10-16T09:23:39","modified_gmt":"2015-10-16T12:23:39","slug":"pistolero-que-amedrento-a-vecinos-fue-condenado-a-mas-de-cuatro-anos-de-carcel","status":"publish","type":"post","link":"https:\/\/eltrabajo.cl\/portal\/pistolero-que-amedrento-a-vecinos-fue-condenado-a-mas-de-cuatro-anos-de-carcel\/","title":{"rendered":"Pistolero que amedrent\u00f3 a vecinos fue condenado a m\u00e1s de cuatro a\u00f1os de c\u00e1rcel"},"content":{"rendered":"<figure id=\"attachment_62964\" aria-describedby=\"caption-attachment-62964\" style=\"width: 300px\" class=\"wp-caption alignleft\"><a href=\"https:\/\/i0.wp.com\/www.eltrabajo.cl\/portal\/wp-content\/uploads\/2015\/10\/Fiscal-Julio-Palacios.jpg\"><img data-recalc-dims=\"1\" loading=\"lazy\" decoding=\"async\" class=\"wp-image-62964 size-medium\" src=\"https:\/\/i0.wp.com\/www.eltrabajo.cl\/portal\/wp-content\/uploads\/2015\/10\/Fiscal-Julio-Palacios-300x197.jpg?resize=300%2C197\" alt=\"El Fiscal del Ministerio P\u00fablico de San Felipe, Julio Palacios Bobadilla.\" width=\"300\" height=\"197\" srcset=\"https:\/\/i0.wp.com\/eltrabajo.cl\/portal\/wp-content\/uploads\/2015\/10\/Fiscal-Julio-Palacios.jpg?resize=300%2C197&amp;ssl=1 300w, https:\/\/i0.wp.com\/eltrabajo.cl\/portal\/wp-content\/uploads\/2015\/10\/Fiscal-Julio-Palacios.jpg?resize=200%2C131&amp;ssl=1 200w, https:\/\/i0.wp.com\/eltrabajo.cl\/portal\/wp-content\/uploads\/2015\/10\/Fiscal-Julio-Palacios.jpg?resize=228%2C150&amp;ssl=1 228w, https:\/\/i0.wp.com\/eltrabajo.cl\/portal\/wp-content\/uploads\/2015\/10\/Fiscal-Julio-Palacios.jpg?resize=400%2C263&amp;ssl=1 400w, https:\/\/i0.wp.com\/eltrabajo.cl\/portal\/wp-content\/uploads\/2015\/10\/Fiscal-Julio-Palacios.jpg?w=530&amp;ssl=1 530w\" sizes=\"auto, (max-width: 300px) 100vw, 300px\" \/><\/a><figcaption id=\"caption-attachment-62964\" class=\"wp-caption-text\">El Fiscal del Ministerio P\u00fablico de San Felipe, Julio Palacios Bobadilla.<\/figcaption><\/figure>\n<ul>\n<li><strong>Seg\u00fan los denunciantes, el antisocial efectu\u00f3 disparos al aire en la calle Uno de la villa La Escuadra de San Felipe, desconoci\u00e9ndose los motivos de su actuar, sin embargo la polic\u00eda uniformada lo arrest\u00f3 el pasado mes de marzo para ser procesado por la justicia que lo sentenci\u00f3 a dos penas privativas de liberta<\/strong>d.<\/li>\n<\/ul>\n<p>Vecinos de la calle Uno de la villa La Escuadra de San Felipe, denunciaron v\u00eda telef\u00f3nica a Carabineros, a un sujeto que realizaba disparos al aire, desplaz\u00e1ndose por la v\u00eda p\u00fablica con el armamento entre sus manos el pasado 11 de marzo de 2015.<br \/>\nTras la denuncia, Carabineros se traslad\u00f3 de inmediato al lugar en b\u00fasqueda del pistolero, quien fue sorprendido merodeando en ese sector portando el arma de fuego. Este antisocial fue individualizado por la polic\u00eda como Carlos Iv\u00e1n Olivares M\u00e9ndez.<br \/>\nDurante el procedimiento, los efectivos policiales comprobaron que el armamento se encontraba descargado, sin embargo entre sus vestimentas el sujeto portaba dos municiones de distinto calibre, por lo que fue arrestado.<br \/>\nAl ser conducido hasta el Juzgado de Garant\u00eda de San Felipe para controlar su detenci\u00f3n por parte de la Fiscal\u00eda, fue formalizado por los delitos de porte ilegal de arma de fuego y municiones, requiriendo la cautelar de prisi\u00f3n preventiva acogida por el juez que decret\u00f3 esta medida.<br \/>\nNo obstante, al cabo de siete meses, el Fiscal del Ministerio P\u00fablico de San Felipe, Julio Palacios Bobadilla llev\u00f3 a juicio oral a Olivares M\u00e9ndez por estos dos delitos ante el Tribunal Oral en Lo Penal de San Felipe.<br \/>\nAnte las pruebas de la Fiscal\u00eda, la terna de jueces resolvi\u00f3 asignar una pena de tres a\u00f1os y un d\u00eda por el delito de porte de arma de fuego m\u00e1s 541 d\u00edas por portar municiones ilegalmente.<br \/>\nEl persecutor explic\u00f3 que ambas sentencias \u201cdeber\u00e1n ser cumplidas de manera efectiva en la c\u00e1rcel, lo que nos deja conformes\u201d.<br \/>\n<strong>Pablo Salinas Sald\u00edas<\/strong><\/p>\n","protected":false},"excerpt":{"rendered":"<p>Seg\u00fan los denunciantes, el antisocial efectu\u00f3 disparos al aire en la calle Uno de la villa La Escuadra de San Felipe, desconoci\u00e9ndose los motivos de su actuar, sin embargo la polic\u00eda uniformada&#8230;<\/p>\n","protected":false},"author":482,"featured_media":62964,"comment_status":"open","ping_status":"open","sticky":false,"template":"","format":"standard","meta":{"advanced_seo_description":"","jetpack_seo_html_title":"","jetpack_seo_noindex":false,"_jetpack_memberships_contains_paid_content":false,"footnotes":""},"categories":[21],"tags":[],"class_list":["post-62963","post","type-post","status-publish","format-standard","has-post-thumbnail","hentry","category-policial"],"jetpack_featured_media_url":"https:\/\/i0.wp.com\/eltrabajo.cl\/portal\/wp-content\/uploads\/2015\/10\/Fiscal-Julio-Palacios.jpg?fit=530%2C348&ssl=1","jetpack_sharing_enabled":true,"jetpack_likes_enabled":true,"jetpack-related-posts":[],"_links":{"self":[{"href":"https:\/\/eltrabajo.cl\/portal\/wp-json\/wp\/v2\/posts\/62963","targetHints":{"allow":["GET"]}}],"collection":[{"href":"https:\/\/eltrabajo.cl\/portal\/wp-json\/wp\/v2\/posts"}],"about":[{"href":"https:\/\/eltrabajo.cl\/portal\/wp-json\/wp\/v2\/types\/post"}],"author":[{"embeddable":true,"href":"https:\/\/eltrabajo.cl\/portal\/wp-json\/wp\/v2\/users\/482"}],"replies":[{"embeddable":true,"href":"https:\/\/eltrabajo.cl\/portal\/wp-json\/wp\/v2\/comments?post=62963"}],"version-history":[{"count":0,"href":"https:\/\/eltrabajo.cl\/portal\/wp-json\/wp\/v2\/posts\/62963\/revisions"}],"wp:featuredmedia":[{"embeddable":true,"href":"https:\/\/eltrabajo.cl\/portal\/wp-json\/wp\/v2\/media\/62964"}],"wp:attachment":[{"href":"https:\/\/eltrabajo.cl\/portal\/wp-json\/wp\/v2\/media?parent=62963"}],"wp:term":[{"taxonomy":"category","embeddable":true,"href":"https:\/\/eltrabajo.cl\/portal\/wp-json\/wp\/v2\/categories?post=62963"},{"taxonomy":"post_tag","embeddable":true,"href":"https:\/\/eltrabajo.cl\/portal\/wp-json\/wp\/v2\/tags?post=62963"}],"curies":[{"name":"wp","href":"https:\/\/api.w.org\/{rel}","templated":true}]}}