{"id":62977,"date":"2015-10-19T09:28:43","date_gmt":"2015-10-19T12:28:43","guid":{"rendered":"http:\/\/www.eltrabajo.cl\/portal\/?p=62977"},"modified":"2015-10-19T09:28:43","modified_gmt":"2015-10-19T12:28:43","slug":"realizan-encuentro-sobre-buen-trato-en-marco-del-mes-del-adulto-mayor","status":"publish","type":"post","link":"https:\/\/eltrabajo.cl\/portal\/realizan-encuentro-sobre-buen-trato-en-marco-del-mes-del-adulto-mayor\/","title":{"rendered":"Realizan encuentro sobre buen trato en marco del Mes del Adulto Mayor"},"content":{"rendered":"<figure id=\"attachment_62978\" aria-describedby=\"caption-attachment-62978\" style=\"width: 300px\" class=\"wp-caption alignleft\"><a href=\"https:\/\/i0.wp.com\/www.eltrabajo.cl\/portal\/wp-content\/uploads\/2015\/10\/mes-del-adulto-mayor.jpg\"><img data-recalc-dims=\"1\" loading=\"lazy\" decoding=\"async\" class=\"wp-image-62978 size-medium\" src=\"https:\/\/i0.wp.com\/www.eltrabajo.cl\/portal\/wp-content\/uploads\/2015\/10\/mes-del-adulto-mayor-300x198.jpg?resize=300%2C198\" alt=\"Autoridades se reunieron con adultos mayores andinos para orientarlos sobre la disminuci\u00f3n del 5% en la cotizaci\u00f3n de salud. \" width=\"300\" height=\"198\" srcset=\"https:\/\/i0.wp.com\/eltrabajo.cl\/portal\/wp-content\/uploads\/2015\/10\/mes-del-adulto-mayor.jpg?resize=300%2C198&amp;ssl=1 300w, https:\/\/i0.wp.com\/eltrabajo.cl\/portal\/wp-content\/uploads\/2015\/10\/mes-del-adulto-mayor.jpg?resize=200%2C132&amp;ssl=1 200w, https:\/\/i0.wp.com\/eltrabajo.cl\/portal\/wp-content\/uploads\/2015\/10\/mes-del-adulto-mayor.jpg?resize=227%2C150&amp;ssl=1 227w, https:\/\/i0.wp.com\/eltrabajo.cl\/portal\/wp-content\/uploads\/2015\/10\/mes-del-adulto-mayor.jpg?resize=400%2C264&amp;ssl=1 400w, https:\/\/i0.wp.com\/eltrabajo.cl\/portal\/wp-content\/uploads\/2015\/10\/mes-del-adulto-mayor.jpg?w=530&amp;ssl=1 530w\" sizes=\"auto, (max-width: 300px) 100vw, 300px\" \/><\/a><figcaption id=\"caption-attachment-62978\" class=\"wp-caption-text\">Autoridades se reunieron con adultos mayores andinos para orientarlos sobre la disminuci\u00f3n del 5% en la cotizaci\u00f3n de salud.<\/figcaption><\/figure>\n<p><strong>LOS ANDES.<\/strong>&#8211; Adultos mayores de la provincia participaron de un encuentro organizado por el Servicio Nacional del Adulto Mayor (Senama) de la regi\u00f3n de Valpara\u00edso en conjunto con la Gobernaci\u00f3n Los Andes y el municipio de Calle Larga, en la que se abordaron tem\u00e1ticas respectivas a la seguridad, buen trato y la disminuci\u00f3n del 5% en la cotizaci\u00f3n de salud.<br \/>\nEfectuado en el Centro Cultural Pedro Aguirre Cerda de la comuna de Calle Larga, esta jornada se realiz\u00f3 en el marco de la celebraci\u00f3n del Mes del Adulto Mayor que se lleva a cabo durante octubre y que, en la regi\u00f3n, ha impulsado una serie de actividades y di\u00e1logos en diversas materias mediante el equipo profesional de Senama.<br \/>\nLa gobernadora provincial de Los Andes, Mar\u00eda Victoria Rodr\u00edguez, manifest\u00f3 que \u201cel Gobierno de la Presidenta Michelle Bachelet es fundamental la participaci\u00f3n de los adultos mayores en nuestra sociedad. Es por ello que nos encontramos realizando este tipo de encuentros que permitir\u00e1n entregar informaciones y orientarlos en los diferentes aspectos de su vida diaria, una manera de devolver todo lo que han hecho por el desarrollo de nuestro pa\u00eds\u201d.<br \/>\nLa autoridad agreg\u00f3 que \u201ccuidarlos y respetarlos parte por un compromiso de todos. Valorarlos, tambi\u00e9n. Por tal motivo es que llamamos a los j\u00f3venes, a los ni\u00f1os, adultos, instituciones y a todos los actores de la sociedad a ser parte de este compromiso de buen trato que se impulsar durante este mes\u201d.<br \/>\nAsimismo, las autoridades dieron a conocer la Ley 20.864 que elimina el 5% de la cotizaci\u00f3n de salud a los pensionados mayores de 65 a\u00f1os, indicando que esta es una gran noticia del Gobierno de Chile que beneficiar\u00e1 a m\u00e1s de 37 mil adultos mayores en la regi\u00f3n. \u201cLa implementaci\u00f3n ser\u00e1 gradual, durante el mes de noviembre de 2015, se rebajar\u00e1 a un 3% el pago actual, y 12 meses despu\u00e9s, en noviembre de 2016 se eliminar\u00e1 el pago completamente\u201d, dijo la gobernadora.<br \/>\n\u201cToda persona que cuente con prestaci\u00f3n de invalidez del Pilar Solidario, al cumplir 65 a\u00f1os, realizar\u00e1 de forma autom\u00e1tica la solicitud para postular al beneficio que corresponda, as\u00ed como la Pensi\u00f3n B\u00e1sica Solidaria o el Aporte Previsional\u201d, puntualiz\u00f3 la Coordinadora Regional de Senama, Viviana Valle.<\/p>\n","protected":false},"excerpt":{"rendered":"<p>LOS ANDES.&#8211; Adultos mayores de la provincia participaron de un encuentro organizado por el Servicio Nacional del Adulto Mayor (Senama) de la regi\u00f3n de Valpara\u00edso en conjunto con la Gobernaci\u00f3n Los Andes&#8230;<\/p>\n","protected":false},"author":482,"featured_media":62978,"comment_status":"open","ping_status":"open","sticky":false,"template":"","format":"standard","meta":{"advanced_seo_description":"","jetpack_seo_html_title":"","jetpack_seo_noindex":false,"_jetpack_memberships_contains_paid_content":false,"footnotes":""},"categories":[15],"tags":[],"class_list":["post-62977","post","type-post","status-publish","format-standard","has-post-thumbnail","hentry","category-comunidad"],"jetpack_featured_media_url":"https:\/\/i0.wp.com\/eltrabajo.cl\/portal\/wp-content\/uploads\/2015\/10\/mes-del-adulto-mayor.jpg?fit=530%2C350&ssl=1","jetpack_sharing_enabled":true,"jetpack_likes_enabled":true,"jetpack-related-posts":[],"_links":{"self":[{"href":"https:\/\/eltrabajo.cl\/portal\/wp-json\/wp\/v2\/posts\/62977","targetHints":{"allow":["GET"]}}],"collection":[{"href":"https:\/\/eltrabajo.cl\/portal\/wp-json\/wp\/v2\/posts"}],"about":[{"href":"https:\/\/eltrabajo.cl\/portal\/wp-json\/wp\/v2\/types\/post"}],"author":[{"embeddable":true,"href":"https:\/\/eltrabajo.cl\/portal\/wp-json\/wp\/v2\/users\/482"}],"replies":[{"embeddable":true,"href":"https:\/\/eltrabajo.cl\/portal\/wp-json\/wp\/v2\/comments?post=62977"}],"version-history":[{"count":0,"href":"https:\/\/eltrabajo.cl\/portal\/wp-json\/wp\/v2\/posts\/62977\/revisions"}],"wp:featuredmedia":[{"embeddable":true,"href":"https:\/\/eltrabajo.cl\/portal\/wp-json\/wp\/v2\/media\/62978"}],"wp:attachment":[{"href":"https:\/\/eltrabajo.cl\/portal\/wp-json\/wp\/v2\/media?parent=62977"}],"wp:term":[{"taxonomy":"category","embeddable":true,"href":"https:\/\/eltrabajo.cl\/portal\/wp-json\/wp\/v2\/categories?post=62977"},{"taxonomy":"post_tag","embeddable":true,"href":"https:\/\/eltrabajo.cl\/portal\/wp-json\/wp\/v2\/tags?post=62977"}],"curies":[{"name":"wp","href":"https:\/\/api.w.org\/{rel}","templated":true}]}}