{"id":62983,"date":"2015-10-19T09:32:35","date_gmt":"2015-10-19T12:32:35","guid":{"rendered":"http:\/\/www.eltrabajo.cl\/portal\/?p=62983"},"modified":"2015-10-19T09:32:35","modified_gmt":"2015-10-19T12:32:35","slug":"entregan-recursos-para-esterilizar-mil-mascotas-en-llay-llay","status":"publish","type":"post","link":"https:\/\/eltrabajo.cl\/portal\/entregan-recursos-para-esterilizar-mil-mascotas-en-llay-llay\/","title":{"rendered":"Entregan recursos para esterilizar mil mascotas en Llay Llay"},"content":{"rendered":"<figure id=\"attachment_62984\" aria-describedby=\"caption-attachment-62984\" style=\"width: 300px\" class=\"wp-caption alignleft\"><a href=\"https:\/\/i0.wp.com\/www.eltrabajo.cl\/portal\/wp-content\/uploads\/2015\/10\/REUNION.jpg\"><img data-recalc-dims=\"1\" loading=\"lazy\" decoding=\"async\" class=\"wp-image-62984 size-medium\" src=\"https:\/\/i0.wp.com\/www.eltrabajo.cl\/portal\/wp-content\/uploads\/2015\/10\/REUNION-300x199.jpg?resize=300%2C199\" alt=\"El alcalde Mario Marillanca junto al Gobernador de San Felipe, Eduardo Le\u00f3n el Subdere en reuni\u00f3n sobre el programa de esterilizaci\u00f3n de mascotas en Llay Llay.\" width=\"300\" height=\"199\" srcset=\"https:\/\/i0.wp.com\/eltrabajo.cl\/portal\/wp-content\/uploads\/2015\/10\/REUNION.jpg?resize=300%2C199&amp;ssl=1 300w, https:\/\/i0.wp.com\/eltrabajo.cl\/portal\/wp-content\/uploads\/2015\/10\/REUNION.jpg?resize=200%2C133&amp;ssl=1 200w, https:\/\/i0.wp.com\/eltrabajo.cl\/portal\/wp-content\/uploads\/2015\/10\/REUNION.jpg?resize=226%2C150&amp;ssl=1 226w, https:\/\/i0.wp.com\/eltrabajo.cl\/portal\/wp-content\/uploads\/2015\/10\/REUNION.jpg?resize=400%2C265&amp;ssl=1 400w, https:\/\/i0.wp.com\/eltrabajo.cl\/portal\/wp-content\/uploads\/2015\/10\/REUNION.jpg?w=528&amp;ssl=1 528w\" sizes=\"auto, (max-width: 300px) 100vw, 300px\" \/><\/a><figcaption id=\"caption-attachment-62984\" class=\"wp-caption-text\">El alcalde Mario Marillanca junto al Gobernador de San Felipe, Eduardo Le\u00f3n el Subdere en reuni\u00f3n sobre el programa de esterilizaci\u00f3n de mascotas en Llay Llay.<\/figcaption><\/figure>\n<p><strong>LLAY LLAY<\/strong>.- Autoridades se reunieron para socializar la entrega de recursos al Municipio llaylla\u00edno, para la esterilizaci\u00f3n gratuita de un total de mil hembras y machos de la especie canina y felina, en estado de calle o con hogar.<br \/>\nEl alcalde Mario Marillanca resalt\u00f3, la importancia del Programa de Esterilizaci\u00f3n, \u201cporque se evitar\u00e1 la sobrepoblaci\u00f3n y fomentar\u00e1 la tenencia responsable de mascotas\u201d.<br \/>\nLa ciudad de Llay Llay tiene una larga historia en fomentar la Tenencia Responsable de Mascotas. Con proyectos ejecutados a trav\u00e9s de la Secretar\u00eda Municipal, se han esterilizado en varias ocasiones, hembras caninas.<br \/>\nEl Gobernador, Eduardo Le\u00f3n acot\u00f3, que est\u00e1 es la primera vez que se aplica una pol\u00edtica p\u00fablica, para una esterilizaci\u00f3n masiva en todo el pa\u00eds.<br \/>\nPor su parte, el encargado de la Subsecretar\u00eda de Desarrollo Regional Valpara\u00edso, Eduardo Pasten indic\u00f3 que el Gobierno de la Presidenta Bachelet \u201cha puesto el tilde a este tema, en la tenencia responsable de mascotas y; la entrega de recursos para la ejecuci\u00f3n de este Programa\u201d.<br \/>\n<strong>Marianela Quevedo<\/strong><\/p>\n","protected":false},"excerpt":{"rendered":"<p>LLAY LLAY.- Autoridades se reunieron para socializar la entrega de recursos al Municipio llaylla\u00edno, para la esterilizaci\u00f3n gratuita de un total de mil hembras y machos de la especie canina y felina,&#8230;<\/p>\n","protected":false},"author":482,"featured_media":62984,"comment_status":"open","ping_status":"open","sticky":false,"template":"","format":"standard","meta":{"advanced_seo_description":"","jetpack_seo_html_title":"","jetpack_seo_noindex":false,"_jetpack_memberships_contains_paid_content":false,"footnotes":""},"categories":[1],"tags":[],"class_list":["post-62983","post","type-post","status-publish","format-standard","has-post-thumbnail","hentry","category-cronica"],"jetpack_featured_media_url":"https:\/\/i0.wp.com\/eltrabajo.cl\/portal\/wp-content\/uploads\/2015\/10\/REUNION.jpg?fit=528%2C350&ssl=1","jetpack_sharing_enabled":true,"jetpack_likes_enabled":true,"jetpack-related-posts":[],"_links":{"self":[{"href":"https:\/\/eltrabajo.cl\/portal\/wp-json\/wp\/v2\/posts\/62983","targetHints":{"allow":["GET"]}}],"collection":[{"href":"https:\/\/eltrabajo.cl\/portal\/wp-json\/wp\/v2\/posts"}],"about":[{"href":"https:\/\/eltrabajo.cl\/portal\/wp-json\/wp\/v2\/types\/post"}],"author":[{"embeddable":true,"href":"https:\/\/eltrabajo.cl\/portal\/wp-json\/wp\/v2\/users\/482"}],"replies":[{"embeddable":true,"href":"https:\/\/eltrabajo.cl\/portal\/wp-json\/wp\/v2\/comments?post=62983"}],"version-history":[{"count":0,"href":"https:\/\/eltrabajo.cl\/portal\/wp-json\/wp\/v2\/posts\/62983\/revisions"}],"wp:featuredmedia":[{"embeddable":true,"href":"https:\/\/eltrabajo.cl\/portal\/wp-json\/wp\/v2\/media\/62984"}],"wp:attachment":[{"href":"https:\/\/eltrabajo.cl\/portal\/wp-json\/wp\/v2\/media?parent=62983"}],"wp:term":[{"taxonomy":"category","embeddable":true,"href":"https:\/\/eltrabajo.cl\/portal\/wp-json\/wp\/v2\/categories?post=62983"},{"taxonomy":"post_tag","embeddable":true,"href":"https:\/\/eltrabajo.cl\/portal\/wp-json\/wp\/v2\/tags?post=62983"}],"curies":[{"name":"wp","href":"https:\/\/api.w.org\/{rel}","templated":true}]}}