{"id":62986,"date":"2015-10-19T09:34:06","date_gmt":"2015-10-19T12:34:06","guid":{"rendered":"http:\/\/www.eltrabajo.cl\/portal\/?p=62986"},"modified":"2015-10-19T09:34:06","modified_gmt":"2015-10-19T12:34:06","slug":"conocido-profesor-julio-alvarez-fallece-a-sus-81-anos-de-vida","status":"publish","type":"post","link":"https:\/\/eltrabajo.cl\/portal\/conocido-profesor-julio-alvarez-fallece-a-sus-81-anos-de-vida\/","title":{"rendered":"Conocido profesor Julio \u00c1lvarez fallece a sus 81 a\u00f1os de vida"},"content":{"rendered":"<figure id=\"attachment_62987\" aria-describedby=\"caption-attachment-62987\" style=\"width: 300px\" class=\"wp-caption alignleft\"><a href=\"https:\/\/i0.wp.com\/www.eltrabajo.cl\/portal\/wp-content\/uploads\/2015\/10\/Julio-Alvarez.jpg\"><img data-recalc-dims=\"1\" loading=\"lazy\" decoding=\"async\" class=\"wp-image-62987 size-medium\" src=\"https:\/\/i0.wp.com\/www.eltrabajo.cl\/portal\/wp-content\/uploads\/2015\/10\/Julio-Alvarez-300x197.jpg?resize=300%2C197\" alt=\"Julio \u00c1lvarez, fue sepultado el viernes en el Cementerio Parque Almendral, en La Troya.\" width=\"300\" height=\"197\" srcset=\"https:\/\/i0.wp.com\/eltrabajo.cl\/portal\/wp-content\/uploads\/2015\/10\/Julio-Alvarez.jpg?resize=300%2C197&amp;ssl=1 300w, https:\/\/i0.wp.com\/eltrabajo.cl\/portal\/wp-content\/uploads\/2015\/10\/Julio-Alvarez.jpg?resize=200%2C131&amp;ssl=1 200w, https:\/\/i0.wp.com\/eltrabajo.cl\/portal\/wp-content\/uploads\/2015\/10\/Julio-Alvarez.jpg?resize=228%2C150&amp;ssl=1 228w, https:\/\/i0.wp.com\/eltrabajo.cl\/portal\/wp-content\/uploads\/2015\/10\/Julio-Alvarez.jpg?resize=400%2C263&amp;ssl=1 400w, https:\/\/i0.wp.com\/eltrabajo.cl\/portal\/wp-content\/uploads\/2015\/10\/Julio-Alvarez.jpg?w=530&amp;ssl=1 530w\" sizes=\"auto, (max-width: 300px) 100vw, 300px\" \/><\/a><figcaption id=\"caption-attachment-62987\" class=\"wp-caption-text\">Julio \u00c1lvarez, fue sepultado el viernes en el Cementerio Parque Almendral, en La Troya.<\/figcaption><\/figure>\n<p>Unos de los profesores m\u00e1s prestigiosos de nuestra provincia; de aquellos profesores que sufr\u00edan en carne propia los temores, alegr\u00edas y ansiedades de sus alumnos, y de los que muy pocos quedan hoy en d\u00eda, falleci\u00f3 de causas naturales este mi\u00e9rcoles. Julio Eduardo \u00c1lvarez Pizarro viv\u00eda en El Se\u00f1orial y nos dej\u00f3 a la edad de 81 a\u00f1os.<br \/>\nEn vida \u2018Julito\u2019, como le conoc\u00edan sus amigos, imparti\u00f3 clases en la Casa Hogar; Escuela Agr\u00edcola y en la Escuela Industrial, era oriundo de Ovalle y tuvo tres hijos: Mar\u00eda Teresa, Claudio y Eduardo, le encantaban los boleros, tocar guitarra y tambi\u00e9n era actor.<\/p>\n<p><strong>MURI\u00d3 DE AMOR<\/strong><br \/>\nMuchos aseguran que don Julio \u00c1lvarez muri\u00f3 de amor, ya que en marzo de este a\u00f1o su amada esposa Elisabeth \u2018Betty\u2019 Cousin, falleci\u00f3, lo que gener\u00f3 en \u2018Julito\u2019 una profunda tristeza y soledad. Este profesor, oriundo de la Normal de Copiap\u00f3, y su esposa, la querida Bety, inculcaron en sus hijos los m\u00e1s altos valores \u00e9ticos y morales, as\u00ed como el amor al estudio, siendo que los dos hijos hoy son destacados profesores, y su hija una respetable nutricionista que labora en un hospital cercano.<br \/>\nSu velatorio se realiz\u00f3 en el Club Patria y Libertad de San Felipe, lugar al que llegaron tambi\u00e9n los miembros del Club de los 21, ya que don Julio pertenec\u00eda a esta respetable agrupaci\u00f3n, los masones sanfelipe\u00f1os y de Los Andes, tambi\u00e9n le acompa\u00f1aron en esta \u00faltima cita con sus amigos, pues tambi\u00e9n este profesor estuvo ligado en vida a los talleres mas\u00f3nicos de nuestro pa\u00eds, puntualmente a la Logias Patria y Libertad de San Felipe.<br \/>\nSe fue un hombre probo; trabajador, amante de las aulas y respetuoso del bien hacer, fueron cientos de personas quienes hoy le lloran, por lo que quienes laboramos en Diario El Trabajo tambi\u00e9n expresamos nuestro Sentido P\u00e9same a sus tres hijos, esperando que este humilde resumen pueda quiz\u00e1 ser tomado como b\u00e1lsamo personal en tan duros momentos.<br \/>\n<strong>Roberto Gonz\u00e1lez Short<\/strong><br \/>\n<strong>rgonzalez@eltrabajo.cl<\/strong><\/p>\n","protected":false},"excerpt":{"rendered":"<p>Unos de los profesores m\u00e1s prestigiosos de nuestra provincia; de aquellos profesores que sufr\u00edan en carne propia los temores, alegr\u00edas y ansiedades de sus alumnos, y de los que muy pocos quedan&#8230;<\/p>\n","protected":false},"author":482,"featured_media":62987,"comment_status":"open","ping_status":"open","sticky":false,"template":"","format":"standard","meta":{"advanced_seo_description":"","jetpack_seo_html_title":"","jetpack_seo_noindex":false,"_jetpack_memberships_contains_paid_content":false,"footnotes":""},"categories":[15],"tags":[],"class_list":["post-62986","post","type-post","status-publish","format-standard","has-post-thumbnail","hentry","category-comunidad"],"jetpack_featured_media_url":"https:\/\/i0.wp.com\/eltrabajo.cl\/portal\/wp-content\/uploads\/2015\/10\/Julio-Alvarez.jpg?fit=530%2C348&ssl=1","jetpack_sharing_enabled":true,"jetpack_likes_enabled":true,"jetpack-related-posts":[],"_links":{"self":[{"href":"https:\/\/eltrabajo.cl\/portal\/wp-json\/wp\/v2\/posts\/62986","targetHints":{"allow":["GET"]}}],"collection":[{"href":"https:\/\/eltrabajo.cl\/portal\/wp-json\/wp\/v2\/posts"}],"about":[{"href":"https:\/\/eltrabajo.cl\/portal\/wp-json\/wp\/v2\/types\/post"}],"author":[{"embeddable":true,"href":"https:\/\/eltrabajo.cl\/portal\/wp-json\/wp\/v2\/users\/482"}],"replies":[{"embeddable":true,"href":"https:\/\/eltrabajo.cl\/portal\/wp-json\/wp\/v2\/comments?post=62986"}],"version-history":[{"count":0,"href":"https:\/\/eltrabajo.cl\/portal\/wp-json\/wp\/v2\/posts\/62986\/revisions"}],"wp:featuredmedia":[{"embeddable":true,"href":"https:\/\/eltrabajo.cl\/portal\/wp-json\/wp\/v2\/media\/62987"}],"wp:attachment":[{"href":"https:\/\/eltrabajo.cl\/portal\/wp-json\/wp\/v2\/media?parent=62986"}],"wp:term":[{"taxonomy":"category","embeddable":true,"href":"https:\/\/eltrabajo.cl\/portal\/wp-json\/wp\/v2\/categories?post=62986"},{"taxonomy":"post_tag","embeddable":true,"href":"https:\/\/eltrabajo.cl\/portal\/wp-json\/wp\/v2\/tags?post=62986"}],"curies":[{"name":"wp","href":"https:\/\/api.w.org\/{rel}","templated":true}]}}