{"id":62989,"date":"2015-10-19T09:36:35","date_gmt":"2015-10-19T12:36:35","guid":{"rendered":"http:\/\/www.eltrabajo.cl\/portal\/?p=62989"},"modified":"2015-10-19T09:36:35","modified_gmt":"2015-10-19T12:36:35","slug":"reanudan-transito-ferroviario-tras-descarrilamiento-cerca-de-rio-aconcagua","status":"publish","type":"post","link":"https:\/\/eltrabajo.cl\/portal\/reanudan-transito-ferroviario-tras-descarrilamiento-cerca-de-rio-aconcagua\/","title":{"rendered":"Reanudan tr\u00e1nsito ferroviario tras descarrilamiento cerca de r\u00edo Aconcagua"},"content":{"rendered":"<figure id=\"attachment_62990\" aria-describedby=\"caption-attachment-62990\" style=\"width: 300px\" class=\"wp-caption alignleft\"><a href=\"https:\/\/i0.wp.com\/www.eltrabajo.cl\/portal\/wp-content\/uploads\/2015\/10\/desrrielo_restituido.jpg\"><img data-recalc-dims=\"1\" loading=\"lazy\" decoding=\"async\" class=\"wp-image-62990 size-medium\" src=\"https:\/\/i0.wp.com\/www.eltrabajo.cl\/portal\/wp-content\/uploads\/2015\/10\/desrrielo_restituido-300x198.jpg?resize=300%2C198\" alt=\"La empresa Fepasa inform\u00f3 que, una vez concluida la investigaci\u00f3n que determinar\u00e1 las causas del accidente, informar\u00e1 a las autoridades competentes.\" width=\"300\" height=\"198\" srcset=\"https:\/\/i0.wp.com\/eltrabajo.cl\/portal\/wp-content\/uploads\/2015\/10\/desrrielo_restituido.jpg?resize=300%2C198&amp;ssl=1 300w, https:\/\/i0.wp.com\/eltrabajo.cl\/portal\/wp-content\/uploads\/2015\/10\/desrrielo_restituido.jpg?resize=200%2C132&amp;ssl=1 200w, https:\/\/i0.wp.com\/eltrabajo.cl\/portal\/wp-content\/uploads\/2015\/10\/desrrielo_restituido.jpg?resize=227%2C150&amp;ssl=1 227w, https:\/\/i0.wp.com\/eltrabajo.cl\/portal\/wp-content\/uploads\/2015\/10\/desrrielo_restituido.jpg?resize=400%2C264&amp;ssl=1 400w, https:\/\/i0.wp.com\/eltrabajo.cl\/portal\/wp-content\/uploads\/2015\/10\/desrrielo_restituido.jpg?w=530&amp;ssl=1 530w\" sizes=\"auto, (max-width: 300px) 100vw, 300px\" \/><\/a><figcaption id=\"caption-attachment-62990\" class=\"wp-caption-text\">La empresa Fepasa inform\u00f3 que, una vez concluida la investigaci\u00f3n que determinar\u00e1 las causas del accidente, informar\u00e1 a las autoridades competentes.<\/figcaption><\/figure>\n<ul>\n<li><strong>Empresa Fepasa inform\u00f3 que concluyeron labores de despeje en el lugar del descarrilamiento.<\/strong><\/li>\n<\/ul>\n<p><strong>LOS ANDES.<\/strong>&#8211; Con la restituci\u00f3n total del tr\u00e1nsito ferroviario durante la madrugada del s\u00e1bado y el retiro paulatino de los equipos y herramientas utilizados, est\u00e1n concluyendo las faenas de despeje y recuperaci\u00f3n del sector donde se verti\u00f3 material el pasado viernes cerca del r\u00edo Aconcagua, luego de que descarrilara parcialmente un tren de Fepasa entre la localidad de R\u00edo Blanco y la ciudad de Los Andes.<br \/>\nDurante las \u00faltimas horas del s\u00e1bado, se retir\u00f3 el \u00faltimo carro que permanec\u00eda en el lugar y se trabaj\u00f3 en la l\u00ednea f\u00e9rrea, lo que permiti\u00f3 la total recuperaci\u00f3n de la v\u00eda.<br \/>\nTambi\u00e9n se realiz\u00f3 el retiro de los equipos y maquinarias utilizados durante las jornadas de trabajo, el que se extendi\u00f3 por 24 horas, en coordinaci\u00f3n con la operaci\u00f3n de transporte por razones de seguridad.<br \/>\nEn los trabajo, participaron diversos equipos especializados de la compa\u00f1\u00eda y externos, en conjunto con maquinaria pesada y cuadrillas de divisi\u00f3n Andina. El foco permanente de estas tareas estuvo en la completa limpieza del sector, el cuidado del entorno y en evitar cualquier posible contacto del concentrado con el cauce del r\u00edo, lo que se logr\u00f3, de acuerdo a todas las mediciones realizadas.<br \/>\nFepasa,a trav\u00e9s de un comunicado de prensa, agradeci\u00f3 a todos quienes colaboraron en estas tareas, \u201cy extiende su agradecimiento a los medios de comunicaci\u00f3n, que permitieron mantener correctamente informada a la comunidad sobre los avances de este procedimiento\u201d.<\/p>\n<p><strong>EVITAR\u00c1N NUEVOS DESCARRILAMIENTOS<\/strong><br \/>\nEn relaci\u00f3n al desrielo, una vez concluida la investigaci\u00f3n para establecer sus causas, Fepasa informar\u00e1 a las autoridades competentes.<br \/>\nPor lo pronto, la compa\u00f1\u00eda reforzar\u00e1 los controles operacionales y de seguridad internos que complementen los actuales vigentes.<\/p>\n","protected":false},"excerpt":{"rendered":"<p>Empresa Fepasa inform\u00f3 que concluyeron labores de despeje en el lugar del descarrilamiento. LOS ANDES.&#8211; Con la restituci\u00f3n total del tr\u00e1nsito ferroviario durante la madrugada del s\u00e1bado y el retiro paulatino de&#8230;<\/p>\n","protected":false},"author":482,"featured_media":62990,"comment_status":"open","ping_status":"open","sticky":false,"template":"","format":"standard","meta":{"advanced_seo_description":"","jetpack_seo_html_title":"","jetpack_seo_noindex":false,"_jetpack_memberships_contains_paid_content":false,"footnotes":""},"categories":[1],"tags":[],"class_list":["post-62989","post","type-post","status-publish","format-standard","has-post-thumbnail","hentry","category-cronica"],"jetpack_featured_media_url":"https:\/\/i0.wp.com\/eltrabajo.cl\/portal\/wp-content\/uploads\/2015\/10\/desrrielo_restituido.jpg?fit=530%2C350&ssl=1","jetpack_sharing_enabled":true,"jetpack_likes_enabled":true,"jetpack-related-posts":[],"_links":{"self":[{"href":"https:\/\/eltrabajo.cl\/portal\/wp-json\/wp\/v2\/posts\/62989","targetHints":{"allow":["GET"]}}],"collection":[{"href":"https:\/\/eltrabajo.cl\/portal\/wp-json\/wp\/v2\/posts"}],"about":[{"href":"https:\/\/eltrabajo.cl\/portal\/wp-json\/wp\/v2\/types\/post"}],"author":[{"embeddable":true,"href":"https:\/\/eltrabajo.cl\/portal\/wp-json\/wp\/v2\/users\/482"}],"replies":[{"embeddable":true,"href":"https:\/\/eltrabajo.cl\/portal\/wp-json\/wp\/v2\/comments?post=62989"}],"version-history":[{"count":0,"href":"https:\/\/eltrabajo.cl\/portal\/wp-json\/wp\/v2\/posts\/62989\/revisions"}],"wp:featuredmedia":[{"embeddable":true,"href":"https:\/\/eltrabajo.cl\/portal\/wp-json\/wp\/v2\/media\/62990"}],"wp:attachment":[{"href":"https:\/\/eltrabajo.cl\/portal\/wp-json\/wp\/v2\/media?parent=62989"}],"wp:term":[{"taxonomy":"category","embeddable":true,"href":"https:\/\/eltrabajo.cl\/portal\/wp-json\/wp\/v2\/categories?post=62989"},{"taxonomy":"post_tag","embeddable":true,"href":"https:\/\/eltrabajo.cl\/portal\/wp-json\/wp\/v2\/tags?post=62989"}],"curies":[{"name":"wp","href":"https:\/\/api.w.org\/{rel}","templated":true}]}}