{"id":62992,"date":"2015-10-19T09:38:14","date_gmt":"2015-10-19T12:38:14","guid":{"rendered":"http:\/\/www.eltrabajo.cl\/portal\/?p=62992"},"modified":"2015-10-19T09:38:14","modified_gmt":"2015-10-19T12:38:14","slug":"fallo-de-corte-suprema-ratifica-que-catemu-y-llay-llay-deben-ser-declaradas-zonas-saturadas-de-material-particulado","status":"publish","type":"post","link":"https:\/\/eltrabajo.cl\/portal\/fallo-de-corte-suprema-ratifica-que-catemu-y-llay-llay-deben-ser-declaradas-zonas-saturadas-de-material-particulado\/","title":{"rendered":"Fallo de Corte Suprema ratifica que Catemu y Llay Llay deben ser declaradas zonas saturadas de material particulado"},"content":{"rendered":"<figure id=\"attachment_62993\" aria-describedby=\"caption-attachment-62993\" style=\"width: 300px\" class=\"wp-caption alignleft\"><a href=\"https:\/\/i0.wp.com\/www.eltrabajo.cl\/portal\/wp-content\/uploads\/2015\/10\/Concejales-Nunez-y-Duran.jpg\"><img data-recalc-dims=\"1\" loading=\"lazy\" decoding=\"async\" class=\"wp-image-62993 size-medium\" src=\"https:\/\/i0.wp.com\/www.eltrabajo.cl\/portal\/wp-content\/uploads\/2015\/10\/Concejales-Nunez-y-Duran-300x198.jpg?resize=300%2C198\" alt=\"Concejales Claudio N\u00fa\u00f1ez de Catemu y Patricio Dur\u00e1n de Llay Llay.\" width=\"300\" height=\"198\" srcset=\"https:\/\/i0.wp.com\/eltrabajo.cl\/portal\/wp-content\/uploads\/2015\/10\/Concejales-Nunez-y-Duran.jpg?resize=300%2C198&amp;ssl=1 300w, https:\/\/i0.wp.com\/eltrabajo.cl\/portal\/wp-content\/uploads\/2015\/10\/Concejales-Nunez-y-Duran.jpg?resize=200%2C132&amp;ssl=1 200w, https:\/\/i0.wp.com\/eltrabajo.cl\/portal\/wp-content\/uploads\/2015\/10\/Concejales-Nunez-y-Duran.jpg?resize=227%2C150&amp;ssl=1 227w, https:\/\/i0.wp.com\/eltrabajo.cl\/portal\/wp-content\/uploads\/2015\/10\/Concejales-Nunez-y-Duran.jpg?resize=400%2C264&amp;ssl=1 400w, https:\/\/i0.wp.com\/eltrabajo.cl\/portal\/wp-content\/uploads\/2015\/10\/Concejales-Nunez-y-Duran.jpg?w=530&amp;ssl=1 530w\" sizes=\"auto, (max-width: 300px) 100vw, 300px\" \/><\/a><figcaption id=\"caption-attachment-62993\" class=\"wp-caption-text\">Concejales Claudio N\u00fa\u00f1ez de Catemu y Patricio Dur\u00e1n de Llay Llay.<\/figcaption><\/figure>\n<p>Los Concejales Claudio N\u00fa\u00f1ez y Patricio Dur\u00e1n, de las comunas de Catemu y Llay Llay respectivamente, destacaron el fallo realizado por la Corte Suprema respecto a que las comunas de Catemu, Llay Llay, La Cruz y La Calera deben ser declaradas como zonas saturadas de material particulado.<br \/>\nAmbos Concejales manifestaron que era una buena noticia para las comunas de Catemu y Llay Llay el fallo emitido por la Corte Suprema, y anunciaron que para tratar este tema, junto al Diputado Marco Antonio N\u00fa\u00f1ez se reunir\u00e1n con el Ministro de Medio Ambiente, Pablo Badenier.<br \/>\n\u201cLlevamos a\u00f1os trabajando este tema con la exConama, el Gobierno Regional y el Ministerio de Medio Ambiente. El a\u00f1o 2009 junto al Diputado N\u00fa\u00f1ez y al ex Core Eduardo Le\u00f3n, respaldamos el estudio regional de la calidad del aire, que es la base que sustenta el fallo de la Corte Suprema\u201d, indic\u00f3 el Concejal de Catemu Claudio N\u00fa\u00f1ez.<br \/>\nAl respecto el Concejal de la comuna de Llay Llay, Patricio Dur\u00e1n, manifest\u00f3 que est\u00e1 satisfecho por la resoluci\u00f3n de la Corte Suprema, adem\u00e1s record\u00f3 que junto al Concejal N\u00fa\u00f1ez se reunieron con el Ministro y la Seremi de Medio Ambiente el a\u00f1o pasado. \u201cTenemos una contaminaci\u00f3n en el aire que afecta la salud de la personas. Con este fallo se tendr\u00e1n que hacer planes de mitigaci\u00f3n y descontaminaci\u00f3n y poner m\u00e1s \u00e9nfasis en las empresas que contaminan en la zona, que son las fuentes fijas de contaminaci\u00f3n existentes\u201d.<br \/>\nSi finalmente el Ministerio de Medio Ambiente declara a las comunas de Catemu y Llay Llay como zonas saturas de PM 10, podr\u00edan aplicarse en dichas comunas planes de prevenci\u00f3n y descontaminaci\u00f3n atmosf\u00e9rica.<\/p>\n","protected":false},"excerpt":{"rendered":"<p>Los Concejales Claudio N\u00fa\u00f1ez y Patricio Dur\u00e1n, de las comunas de Catemu y Llay Llay respectivamente, destacaron el fallo realizado por la Corte Suprema respecto a que las comunas de Catemu, Llay&#8230;<\/p>\n","protected":false},"author":482,"featured_media":62993,"comment_status":"open","ping_status":"open","sticky":false,"template":"","format":"standard","meta":{"advanced_seo_description":"","jetpack_seo_html_title":"","jetpack_seo_noindex":false,"_jetpack_memberships_contains_paid_content":false,"footnotes":""},"categories":[1],"tags":[],"class_list":["post-62992","post","type-post","status-publish","format-standard","has-post-thumbnail","hentry","category-cronica"],"jetpack_featured_media_url":"https:\/\/i0.wp.com\/eltrabajo.cl\/portal\/wp-content\/uploads\/2015\/10\/Concejales-Nunez-y-Duran.jpg?fit=530%2C350&ssl=1","jetpack_sharing_enabled":true,"jetpack_likes_enabled":true,"jetpack-related-posts":[],"_links":{"self":[{"href":"https:\/\/eltrabajo.cl\/portal\/wp-json\/wp\/v2\/posts\/62992","targetHints":{"allow":["GET"]}}],"collection":[{"href":"https:\/\/eltrabajo.cl\/portal\/wp-json\/wp\/v2\/posts"}],"about":[{"href":"https:\/\/eltrabajo.cl\/portal\/wp-json\/wp\/v2\/types\/post"}],"author":[{"embeddable":true,"href":"https:\/\/eltrabajo.cl\/portal\/wp-json\/wp\/v2\/users\/482"}],"replies":[{"embeddable":true,"href":"https:\/\/eltrabajo.cl\/portal\/wp-json\/wp\/v2\/comments?post=62992"}],"version-history":[{"count":0,"href":"https:\/\/eltrabajo.cl\/portal\/wp-json\/wp\/v2\/posts\/62992\/revisions"}],"wp:featuredmedia":[{"embeddable":true,"href":"https:\/\/eltrabajo.cl\/portal\/wp-json\/wp\/v2\/media\/62993"}],"wp:attachment":[{"href":"https:\/\/eltrabajo.cl\/portal\/wp-json\/wp\/v2\/media?parent=62992"}],"wp:term":[{"taxonomy":"category","embeddable":true,"href":"https:\/\/eltrabajo.cl\/portal\/wp-json\/wp\/v2\/categories?post=62992"},{"taxonomy":"post_tag","embeddable":true,"href":"https:\/\/eltrabajo.cl\/portal\/wp-json\/wp\/v2\/tags?post=62992"}],"curies":[{"name":"wp","href":"https:\/\/api.w.org\/{rel}","templated":true}]}}