{"id":62995,"date":"2015-10-19T09:40:14","date_gmt":"2015-10-19T12:40:14","guid":{"rendered":"http:\/\/www.eltrabajo.cl\/portal\/?p=62995"},"modified":"2015-10-19T09:40:14","modified_gmt":"2015-10-19T12:40:14","slug":"autoridades-entregan-distinciones-a-docentes-en-acto-de-celebracion-del-dia-del-profesor","status":"publish","type":"post","link":"https:\/\/eltrabajo.cl\/portal\/autoridades-entregan-distinciones-a-docentes-en-acto-de-celebracion-del-dia-del-profesor\/","title":{"rendered":"Autoridades entregan distinciones a docentes en acto de celebraci\u00f3n del D\u00eda del Profesor"},"content":{"rendered":"<figure id=\"attachment_62996\" aria-describedby=\"caption-attachment-62996\" style=\"width: 300px\" class=\"wp-caption alignleft\"><a href=\"https:\/\/i0.wp.com\/www.eltrabajo.cl\/portal\/wp-content\/uploads\/2015\/10\/Distincion-profesores-destacados-1.jpg\"><img data-recalc-dims=\"1\" loading=\"lazy\" decoding=\"async\" class=\"wp-image-62996 size-medium\" src=\"https:\/\/i0.wp.com\/www.eltrabajo.cl\/portal\/wp-content\/uploads\/2015\/10\/Distincion-profesores-destacados-1-300x198.jpg?resize=300%2C198\" alt=\"Junto a los profesores destacados, estuvo el Intendente regional Gabriel Aldoney, el secretario regional ministerial de Educaci\u00f3n Alejandro Tapia, el gobernador provincial de san Felipe Eduardo Le\u00f3n y el alcalde Patricio Freire.\" width=\"300\" height=\"198\" srcset=\"https:\/\/i0.wp.com\/eltrabajo.cl\/portal\/wp-content\/uploads\/2015\/10\/Distincion-profesores-destacados-1.jpg?resize=300%2C198&amp;ssl=1 300w, https:\/\/i0.wp.com\/eltrabajo.cl\/portal\/wp-content\/uploads\/2015\/10\/Distincion-profesores-destacados-1.jpg?resize=200%2C132&amp;ssl=1 200w, https:\/\/i0.wp.com\/eltrabajo.cl\/portal\/wp-content\/uploads\/2015\/10\/Distincion-profesores-destacados-1.jpg?resize=227%2C150&amp;ssl=1 227w, https:\/\/i0.wp.com\/eltrabajo.cl\/portal\/wp-content\/uploads\/2015\/10\/Distincion-profesores-destacados-1.jpg?resize=400%2C264&amp;ssl=1 400w, https:\/\/i0.wp.com\/eltrabajo.cl\/portal\/wp-content\/uploads\/2015\/10\/Distincion-profesores-destacados-1.jpg?w=530&amp;ssl=1 530w\" sizes=\"auto, (max-width: 300px) 100vw, 300px\" \/><\/a><figcaption id=\"caption-attachment-62996\" class=\"wp-caption-text\">Junto a los profesores destacados, estuvo el Intendente regional Gabriel Aldoney, el secretario regional ministerial de Educaci\u00f3n Alejandro Tapia, el gobernador provincial de san Felipe Eduardo Le\u00f3n y el alcalde Patricio Freire.<\/figcaption><\/figure>\n<p>Un reconocimiento al esfuerzo que emprenden los maestros en la formaci\u00f3n de los estudiantes entreg\u00f3 en su mensaje el intendente regional Gabriel Aldoney, en el acto de celebraci\u00f3n del D\u00eda del Maestro, que se celebr\u00f3 en el Liceo de Ni\u00f1as Corina Urbina de San Felipe.<br \/>\nProfesores de las diez comunas de las provincias de San Felipe y Los Andes recibieron distinciones de parte de la m\u00e1xima autoridad regional, el secretario regional ministerial de Educaci\u00f3n Alejandro Tapia, el gobernador provincial de san Felipe Eduardo Le\u00f3n y el alcalde Patricio Freire que presidieron la ceremonia.<br \/>\nLa directora del establecimiento Mar\u00eda Isabel Espejo comparti\u00f3 un desayuno con las autoridades y los profesores, en un acto que estuvo marcado por el rol que juegan los docentes en impartir valores y formar a los futuros t\u00e9cnicos, profesionales y emprendedores el pa\u00eds.<\/p>\n","protected":false},"excerpt":{"rendered":"<p>Un reconocimiento al esfuerzo que emprenden los maestros en la formaci\u00f3n de los estudiantes entreg\u00f3 en su mensaje el intendente regional Gabriel Aldoney, en el acto de celebraci\u00f3n del D\u00eda del Maestro,&#8230;<\/p>\n","protected":false},"author":482,"featured_media":62996,"comment_status":"open","ping_status":"open","sticky":false,"template":"","format":"standard","meta":{"advanced_seo_description":"","jetpack_seo_html_title":"","jetpack_seo_noindex":false,"_jetpack_memberships_contains_paid_content":false,"footnotes":""},"categories":[1],"tags":[],"class_list":["post-62995","post","type-post","status-publish","format-standard","has-post-thumbnail","hentry","category-cronica"],"jetpack_featured_media_url":"https:\/\/i0.wp.com\/eltrabajo.cl\/portal\/wp-content\/uploads\/2015\/10\/Distincion-profesores-destacados-1.jpg?fit=530%2C350&ssl=1","jetpack_sharing_enabled":true,"jetpack_likes_enabled":true,"jetpack-related-posts":[],"_links":{"self":[{"href":"https:\/\/eltrabajo.cl\/portal\/wp-json\/wp\/v2\/posts\/62995","targetHints":{"allow":["GET"]}}],"collection":[{"href":"https:\/\/eltrabajo.cl\/portal\/wp-json\/wp\/v2\/posts"}],"about":[{"href":"https:\/\/eltrabajo.cl\/portal\/wp-json\/wp\/v2\/types\/post"}],"author":[{"embeddable":true,"href":"https:\/\/eltrabajo.cl\/portal\/wp-json\/wp\/v2\/users\/482"}],"replies":[{"embeddable":true,"href":"https:\/\/eltrabajo.cl\/portal\/wp-json\/wp\/v2\/comments?post=62995"}],"version-history":[{"count":0,"href":"https:\/\/eltrabajo.cl\/portal\/wp-json\/wp\/v2\/posts\/62995\/revisions"}],"wp:featuredmedia":[{"embeddable":true,"href":"https:\/\/eltrabajo.cl\/portal\/wp-json\/wp\/v2\/media\/62996"}],"wp:attachment":[{"href":"https:\/\/eltrabajo.cl\/portal\/wp-json\/wp\/v2\/media?parent=62995"}],"wp:term":[{"taxonomy":"category","embeddable":true,"href":"https:\/\/eltrabajo.cl\/portal\/wp-json\/wp\/v2\/categories?post=62995"},{"taxonomy":"post_tag","embeddable":true,"href":"https:\/\/eltrabajo.cl\/portal\/wp-json\/wp\/v2\/tags?post=62995"}],"curies":[{"name":"wp","href":"https:\/\/api.w.org\/{rel}","templated":true}]}}