{"id":62998,"date":"2015-10-19T09:42:13","date_gmt":"2015-10-19T12:42:13","guid":{"rendered":"http:\/\/www.eltrabajo.cl\/portal\/?p=62998"},"modified":"2015-10-19T09:42:13","modified_gmt":"2015-10-19T12:42:13","slug":"intendente-inauguro-ampliacion-de-avenida-chercan-tapia-en-san-felipe","status":"publish","type":"post","link":"https:\/\/eltrabajo.cl\/portal\/intendente-inauguro-ampliacion-de-avenida-chercan-tapia-en-san-felipe\/","title":{"rendered":"Intendente inaugur\u00f3 ampliaci\u00f3n de avenida Cherc\u00e1n Tapia en San Felipe"},"content":{"rendered":"<figure id=\"attachment_62999\" aria-describedby=\"caption-attachment-62999\" style=\"width: 300px\" class=\"wp-caption alignleft\"><a href=\"https:\/\/i0.wp.com\/www.eltrabajo.cl\/portal\/wp-content\/uploads\/2015\/10\/Inauguracion-chercan-tapia-2.jpg\"><img data-recalc-dims=\"1\" loading=\"lazy\" decoding=\"async\" class=\"wp-image-62999 size-medium\" src=\"https:\/\/i0.wp.com\/www.eltrabajo.cl\/portal\/wp-content\/uploads\/2015\/10\/Inauguracion-chercan-tapia-2-300x197.jpg?resize=300%2C197\" alt=\"Diversas autoridades regionales y provinciales participaron del corte de cinta en la inauguraci\u00f3n de la ampliaci\u00f3n de la Av. Cherc\u00e1n Tapia.\" width=\"300\" height=\"197\" srcset=\"https:\/\/i0.wp.com\/eltrabajo.cl\/portal\/wp-content\/uploads\/2015\/10\/Inauguracion-chercan-tapia-2.jpg?resize=300%2C197&amp;ssl=1 300w, https:\/\/i0.wp.com\/eltrabajo.cl\/portal\/wp-content\/uploads\/2015\/10\/Inauguracion-chercan-tapia-2.jpg?resize=200%2C131&amp;ssl=1 200w, https:\/\/i0.wp.com\/eltrabajo.cl\/portal\/wp-content\/uploads\/2015\/10\/Inauguracion-chercan-tapia-2.jpg?resize=228%2C150&amp;ssl=1 228w, https:\/\/i0.wp.com\/eltrabajo.cl\/portal\/wp-content\/uploads\/2015\/10\/Inauguracion-chercan-tapia-2.jpg?resize=400%2C263&amp;ssl=1 400w, https:\/\/i0.wp.com\/eltrabajo.cl\/portal\/wp-content\/uploads\/2015\/10\/Inauguracion-chercan-tapia-2.jpg?w=530&amp;ssl=1 530w\" sizes=\"auto, (max-width: 300px) 100vw, 300px\" \/><\/a><figcaption id=\"caption-attachment-62999\" class=\"wp-caption-text\">Diversas autoridades regionales y provinciales participaron del corte de cinta en la inauguraci\u00f3n de la ampliaci\u00f3n de la Av. Cherc\u00e1n Tapia.<\/figcaption><\/figure>\n<ul>\n<li><strong>MOP invirti\u00f3 m\u00e1s de mil 600 millones de pesos a trav\u00e9s de la Direcci\u00f3n de Vialidad en las obras de este nuevo acceso a la ciudad de San Felipe.<\/strong><\/li>\n<\/ul>\n<p>M\u00e1s de mil 600 millones de pesos invirti\u00f3 el Ministerio de Obras P\u00fablicas a trav\u00e9s de la Direcci\u00f3n de Vialidad en las obras de ampliaci\u00f3n a doble calzada de avenida Cherc\u00e1n Tapia en San Felipe, que es la continuaci\u00f3n de la Ruta E 85 desde el enlace Monasterio hasta el cruce con calle Tocornal.<br \/>\nAl mediod\u00eda del viernes autoridades encabezadas por el Intendente Gabriel Aldoney participaron en la inauguraci\u00f3n de las obras. Junto al jefe regional estuvieron el gobernador de San Felipe, Eduardo Le\u00f3n, el alcalde de San Felipe, Patricio Freire y el alcalde de Santa Mar\u00eda, Claudio Zurita, adem\u00e1s de consejeros regionales, concejales y vecinos de la comuna.<br \/>\nEl alcalde Patricio Freire se mostr\u00f3 \u201cmuy contento y muy feliz, como sanfelipe\u00f1o hoy d\u00eda vemos coronado un sue\u00f1o m\u00e1s como es la conectividad vial tan importante como fueron obras como Belisario Montenegro, la calle Los Molles, Costanera Norte que est\u00e1n terminado y pronto los vamos a inaugurar y esta calle Cherc\u00e1n Tapia, entrada principal a nuestra ciudad de San Felipe y esto corona toda la gesti\u00f3n que se est\u00e1 haciendo en nuestra ciudad, lo que nosotros estamos construyendo, muchos sue\u00f1os realizados en tan poco tiempo\u201d, explic\u00f3 el alcalde.<br \/>\nMientras, el gobernador Le\u00f3n destac\u00f3 la gesti\u00f3n municipal. \u201cCuando hay un municipio con buena gesti\u00f3n se nota, el municipio de San Felipe pidi\u00f3 adelantar estas obras y con esto se concret\u00f3 el compromiso de la Presidenta Bachelet que era inyectar recursos a la econom\u00eda para la reactivaci\u00f3n econ\u00f3mica y eso ocurri\u00f3 y donde hay buenas obras poder apoyarlas, nosotros le damos las gracias al municipio de San Felipe, estas obras ten\u00edan algunas falencias que fueron mejoradas con la ejecuci\u00f3n y le damos tambi\u00e9n las gracias al Ministerio de Obras P\u00fablicas en nombre del seremi porque podemos tener hoy d\u00eda el principal acceso a San Felipe en estas condiciones\u201d, precis\u00f3 el gobernador.<br \/>\nCherc\u00e1n Tapia originalmente contaba con una v\u00eda bidireccional, el nuevo perfil transversal del contrato, considera dos pistas por sentido, separadas por un bandej\u00f3n central, adem\u00e1s de la incorporaci\u00f3n de aceras en ambos costados y ciclov\u00eda por el costado izquierdo.<\/p>\n","protected":false},"excerpt":{"rendered":"<p>MOP invirti\u00f3 m\u00e1s de mil 600 millones de pesos a trav\u00e9s de la Direcci\u00f3n de Vialidad en las obras de este nuevo acceso a la ciudad de San Felipe. M\u00e1s de mil&#8230;<\/p>\n","protected":false},"author":482,"featured_media":62999,"comment_status":"open","ping_status":"open","sticky":false,"template":"","format":"standard","meta":{"advanced_seo_description":"","jetpack_seo_html_title":"","jetpack_seo_noindex":false,"_jetpack_memberships_contains_paid_content":false,"footnotes":""},"categories":[1],"tags":[],"class_list":["post-62998","post","type-post","status-publish","format-standard","has-post-thumbnail","hentry","category-cronica"],"jetpack_featured_media_url":"https:\/\/i0.wp.com\/eltrabajo.cl\/portal\/wp-content\/uploads\/2015\/10\/Inauguracion-chercan-tapia-2.jpg?fit=530%2C348&ssl=1","jetpack_sharing_enabled":true,"jetpack_likes_enabled":true,"jetpack-related-posts":[],"_links":{"self":[{"href":"https:\/\/eltrabajo.cl\/portal\/wp-json\/wp\/v2\/posts\/62998","targetHints":{"allow":["GET"]}}],"collection":[{"href":"https:\/\/eltrabajo.cl\/portal\/wp-json\/wp\/v2\/posts"}],"about":[{"href":"https:\/\/eltrabajo.cl\/portal\/wp-json\/wp\/v2\/types\/post"}],"author":[{"embeddable":true,"href":"https:\/\/eltrabajo.cl\/portal\/wp-json\/wp\/v2\/users\/482"}],"replies":[{"embeddable":true,"href":"https:\/\/eltrabajo.cl\/portal\/wp-json\/wp\/v2\/comments?post=62998"}],"version-history":[{"count":0,"href":"https:\/\/eltrabajo.cl\/portal\/wp-json\/wp\/v2\/posts\/62998\/revisions"}],"wp:featuredmedia":[{"embeddable":true,"href":"https:\/\/eltrabajo.cl\/portal\/wp-json\/wp\/v2\/media\/62999"}],"wp:attachment":[{"href":"https:\/\/eltrabajo.cl\/portal\/wp-json\/wp\/v2\/media?parent=62998"}],"wp:term":[{"taxonomy":"category","embeddable":true,"href":"https:\/\/eltrabajo.cl\/portal\/wp-json\/wp\/v2\/categories?post=62998"},{"taxonomy":"post_tag","embeddable":true,"href":"https:\/\/eltrabajo.cl\/portal\/wp-json\/wp\/v2\/tags?post=62998"}],"curies":[{"name":"wp","href":"https:\/\/api.w.org\/{rel}","templated":true}]}}