{"id":63007,"date":"2015-10-19T09:50:28","date_gmt":"2015-10-19T12:50:28","guid":{"rendered":"http:\/\/www.eltrabajo.cl\/portal\/?p=63007"},"modified":"2015-10-19T09:50:28","modified_gmt":"2015-10-19T12:50:28","slug":"fatal-accidente-vehicular-en-panquehue-deja-un-muerto-y-un-conductor-en-riesgo-vital","status":"publish","type":"post","link":"https:\/\/eltrabajo.cl\/portal\/fatal-accidente-vehicular-en-panquehue-deja-un-muerto-y-un-conductor-en-riesgo-vital\/","title":{"rendered":"Fatal accidente vehicular en Panquehue deja un muerto y un conductor en riesgo vital"},"content":{"rendered":"<figure id=\"attachment_63008\" aria-describedby=\"caption-attachment-63008\" style=\"width: 300px\" class=\"wp-caption alignleft\"><a href=\"https:\/\/i0.wp.com\/www.eltrabajo.cl\/portal\/wp-content\/uploads\/2015\/10\/Ricardo-Grandon.jpg\"><img data-recalc-dims=\"1\" loading=\"lazy\" decoding=\"async\" class=\"wp-image-63008 size-medium\" src=\"https:\/\/i0.wp.com\/www.eltrabajo.cl\/portal\/wp-content\/uploads\/2015\/10\/Ricardo-Grandon-300x197.jpg?resize=300%2C197\" alt=\"Ricardo Grand\u00f3n G\u00e1lvez de 26 a\u00f1os de edad, falleci\u00f3 la madrugada de este s\u00e1bado, tras protagonizar un lamentable accidente en la ruta 60 CH, espec\u00edficamente en el kil\u00f3metro 10 del sector Lo Campo de la comuna de Panquehue.\" width=\"300\" height=\"197\" srcset=\"https:\/\/i0.wp.com\/eltrabajo.cl\/portal\/wp-content\/uploads\/2015\/10\/Ricardo-Grandon.jpg?resize=300%2C197&amp;ssl=1 300w, https:\/\/i0.wp.com\/eltrabajo.cl\/portal\/wp-content\/uploads\/2015\/10\/Ricardo-Grandon.jpg?resize=200%2C131&amp;ssl=1 200w, https:\/\/i0.wp.com\/eltrabajo.cl\/portal\/wp-content\/uploads\/2015\/10\/Ricardo-Grandon.jpg?resize=228%2C150&amp;ssl=1 228w, https:\/\/i0.wp.com\/eltrabajo.cl\/portal\/wp-content\/uploads\/2015\/10\/Ricardo-Grandon.jpg?resize=400%2C263&amp;ssl=1 400w, https:\/\/i0.wp.com\/eltrabajo.cl\/portal\/wp-content\/uploads\/2015\/10\/Ricardo-Grandon.jpg?w=530&amp;ssl=1 530w\" sizes=\"auto, (max-width: 300px) 100vw, 300px\" \/><\/a><figcaption id=\"caption-attachment-63008\" class=\"wp-caption-text\">Ricardo Grand\u00f3n G\u00e1lvez de 26 a\u00f1os de edad, falleci\u00f3 la madrugada de este s\u00e1bado, tras protagonizar un lamentable accidente en la ruta 60 CH, espec\u00edficamente en el kil\u00f3metro 10 del sector Lo Campo de la comuna de Panquehue.<\/figcaption><\/figure>\n<ul>\n<li><strong>El impacto de dos veh\u00edculos menores dej\u00f3 un conductor muerto y al segundo en riesgo vital, adem\u00e1s un total de trece personas lesionadas de diversa consideraci\u00f3n, entre ellas peregrinos que viajaban hasta el Santuario de Santa Teresa en el sector de Auco.<\/strong><\/li>\n<\/ul>\n<p>Una vez m\u00e1s el consumo de alcohol ser\u00eda el detonante de un lamentable accidente que le cost\u00f3 la vida al conductor del veh\u00edculo Chevrolet Spark de color rojo, identificado como Ricardo Grand\u00f3n G\u00e1lvez de 26 a\u00f1os de edad.<br \/>\nEl conductor se movilizaba de poniente a oriente por la ruta 60 CH, cuando en el sector Lo Campo, impact\u00f3 a un minib\u00fas con peregrinos que se dirig\u00edan hasta el Santuario de Santa Teresa en Auco, desatando la emergencia.<br \/>\nLos hechos se habr\u00edan originado cerca de las 05:30 de la madrugada del pasado s\u00e1bado, en circunstancias que Ricardo Grand\u00f3n conduc\u00eda su autom\u00f3vil placa patente GT PW-32 junto a otros tres acompa\u00f1antes mayores de edad. Seg\u00fan los informes preliminares de Carabineros, este conductor manejaba bajo la influencia del alcohol, por lo que perdi\u00f3 el control de su m\u00f3vil accediendo a la pista contraria de la ruta 60 CH, espec\u00edficamente en el kil\u00f3metro 10 del sector Lo Campo de Panquehue, colisionando a gran velocidad al minib\u00fas marca Hyundai, color blanco, conducido por Rigoberto Rodr\u00edguez Rodr\u00edguez de 45 a\u00f1os, quien transportaba a ocho peregrinos y dos menores hacia el sector de Auco.<br \/>\nA ra\u00edz del gran impacto, ambos veh\u00edculos resultaron volcados en la carretera. Todos los pasajeros de los m\u00f3viles resultaron con lesiones de diversa consideraci\u00f3n, debiendo hacerse presente personal del Samu para despachar a los heridos a los hospitales de San Felipe, Los Andes y Llay Llay.<\/p>\n<p><strong>CONDUCTOR MUERTO<\/strong><br \/>\nSin embargo, tras la concurrencia de Carabineros y personal de Rescate de Bomberos, en el lugar del accidente se constat\u00f3 la muerte del conductor del Chevrolet Spark, Ricardo Grand\u00f3n Galvez de 26 a\u00f1os de edad, domiciliado en la comuna de Llay Llay. Mientras que el conductor del minib\u00fas blanco marca Hyundai, Rigoberto Rodr\u00edguez Rodr\u00edguez de 45 a\u00f1os proveniente de La Calera, result\u00f3 con m\u00faltiples fracturas y lesiones de car\u00e1cter grave, debiendo ser trasladado hasta la Unidad de Cuidados Intensivos del Hospital San Camilo de San Felipe, con riesgo vital.<br \/>\nNo obstante, las causas basales de este accidente deber\u00e1n ser determinadas por la Subcomisar\u00eda Investigadora de Accidentes de Tr\u00e1nsito, Siat de Carabineros de San Felipe, para la elaboraci\u00f3n de informes contundentes que establecer\u00e1n las responsabilidades de este lamentable hecho.<br \/>\nEn tanto, los restos de Ricardo Grand\u00f3n G\u00e1lvez quien desempe\u00f1\u00f3 funciones en Cristaler\u00edas de Chile en la planta de Llay Llay, fueron velados por sus familiares y amigos en la villa Los Maitenes de esa localidad.<br \/>\n<strong>Pablo Salinas Sald\u00edas<\/strong><\/p>\n<div class=\"tiled-gallery type-rectangular tiled-gallery-unresized\" data-original-width=\"640\" data-carousel-extra='null' itemscope itemtype=\"http:\/\/schema.org\/ImageGallery\" > <div class=\"gallery-row\" style=\"width: 640px; height: 211px;\" data-original-width=\"640\" data-original-height=\"211\" > <div class=\"gallery-group images-1\" style=\"width: 320px; height: 211px;\" data-original-width=\"320\" data-original-height=\"211\" > <div class=\"tiled-gallery-item tiled-gallery-item-large\" itemprop=\"associatedMedia\" itemscope itemtype=\"http:\/\/schema.org\/ImageObject\"> <a href=\"https:\/\/eltrabajo.cl\/portal\/fatal-accidente-vehicular-en-panquehue-deja-un-muerto-y-un-conductor-en-riesgo-vital\/auto-rojo\/\" border=\"0\" itemprop=\"url\"> <meta itemprop=\"width\" content=\"316\"> <meta itemprop=\"height\" content=\"207\"> <img decoding=\"async\" class=\"\" data-attachment-id=\"63009\" data-orig-file=\"https:\/\/eltrabajo.cl\/portal\/wp-content\/uploads\/2015\/10\/Auto-Rojo.jpg\" data-orig-size=\"530,348\" data-comments-opened=\"1\" data-image-meta=\"{&quot;aperture&quot;:&quot;0&quot;,&quot;credit&quot;:&quot;&quot;,&quot;camera&quot;:&quot;&quot;,&quot;caption&quot;:&quot;&quot;,&quot;created_timestamp&quot;:&quot;0&quot;,&quot;copyright&quot;:&quot;&quot;,&quot;focal_length&quot;:&quot;0&quot;,&quot;iso&quot;:&quot;0&quot;,&quot;shutter_speed&quot;:&quot;0&quot;,&quot;title&quot;:&quot;&quot;,&quot;orientation&quot;:&quot;0&quot;}\" data-image-title=\"Auto Rojo\" data-image-description=\"&lt;p&gt;El Chevrolet Spark de color rojo era conducido por Ricardo Grand\u00f3n quien perdi\u00f3 la vida de manera instant\u00e1nea, mientras que los otros tres acompa\u00f1antes resultaron con lesiones de diversa consideraci\u00f3n.&lt;\/p&gt; \" data-medium-file=\"https:\/\/i0.wp.com\/eltrabajo.cl\/portal\/wp-content\/uploads\/2015\/10\/Auto-Rojo.jpg?fit=300%2C197&#038;ssl=1\" data-large-file=\"https:\/\/i0.wp.com\/eltrabajo.cl\/portal\/wp-content\/uploads\/2015\/10\/Auto-Rojo.jpg?fit=530%2C348&#038;ssl=1\" src=\"https:\/\/i0.wp.com\/eltrabajo.cl\/portal\/wp-content\/uploads\/2015\/10\/Auto-Rojo.jpg?w=316&#038;h=207&#038;ssl=1\" srcset=\"https:\/\/i0.wp.com\/eltrabajo.cl\/portal\/wp-content\/uploads\/2015\/10\/Auto-Rojo.jpg?w=530&amp;ssl=1 530w, https:\/\/i0.wp.com\/eltrabajo.cl\/portal\/wp-content\/uploads\/2015\/10\/Auto-Rojo.jpg?resize=200%2C131&amp;ssl=1 200w, https:\/\/i0.wp.com\/eltrabajo.cl\/portal\/wp-content\/uploads\/2015\/10\/Auto-Rojo.jpg?resize=300%2C197&amp;ssl=1 300w, https:\/\/i0.wp.com\/eltrabajo.cl\/portal\/wp-content\/uploads\/2015\/10\/Auto-Rojo.jpg?resize=228%2C150&amp;ssl=1 228w, https:\/\/i0.wp.com\/eltrabajo.cl\/portal\/wp-content\/uploads\/2015\/10\/Auto-Rojo.jpg?resize=400%2C263&amp;ssl=1 400w\" width=\"316\" height=\"207\" loading=\"lazy\" data-original-width=\"316\" data-original-height=\"207\" itemprop=\"http:\/\/schema.org\/image\" title=\"Auto Rojo\" alt=\"El Chevrolet Spark de color rojo era conducido por Ricardo Grand\u00f3n quien perdi\u00f3 la vida de manera instant\u00e1nea, mientras que los otros tres acompa\u00f1antes resultaron con lesiones de diversa consideraci\u00f3n.\" style=\"width: 316px; height: 207px;\" \/> <\/a> <div class=\"tiled-gallery-caption\" itemprop=\"caption description\"> El Chevrolet Spark de color rojo era conducido por Ricardo Grand\u00f3n quien perdi\u00f3 la vida de manera instant\u00e1nea, mientras que los otros tres acompa\u00f1antes resultaron con lesiones de diversa consideraci\u00f3n. <\/div> <\/div> <\/div> <!-- close group --> <div class=\"gallery-group images-1\" style=\"width: 320px; height: 211px;\" data-original-width=\"320\" data-original-height=\"211\" > <div class=\"tiled-gallery-item tiled-gallery-item-large\" itemprop=\"associatedMedia\" itemscope itemtype=\"http:\/\/schema.org\/ImageObject\"> <a href=\"https:\/\/eltrabajo.cl\/portal\/fatal-accidente-vehicular-en-panquehue-deja-un-muerto-y-un-conductor-en-riesgo-vital\/minibus\/\" border=\"0\" itemprop=\"url\"> <meta itemprop=\"width\" content=\"316\"> <meta itemprop=\"height\" content=\"207\"> <img decoding=\"async\" class=\"\" data-attachment-id=\"63010\" data-orig-file=\"https:\/\/eltrabajo.cl\/portal\/wp-content\/uploads\/2015\/10\/Minibus.jpg\" data-orig-size=\"530,348\" data-comments-opened=\"1\" data-image-meta=\"{&quot;aperture&quot;:&quot;0&quot;,&quot;credit&quot;:&quot;&quot;,&quot;camera&quot;:&quot;&quot;,&quot;caption&quot;:&quot;&quot;,&quot;created_timestamp&quot;:&quot;0&quot;,&quot;copyright&quot;:&quot;&quot;,&quot;focal_length&quot;:&quot;0&quot;,&quot;iso&quot;:&quot;0&quot;,&quot;shutter_speed&quot;:&quot;0&quot;,&quot;title&quot;:&quot;&quot;,&quot;orientation&quot;:&quot;0&quot;}\" data-image-title=\"Minibus\" data-image-description=\"&lt;p&gt;El minib\u00fas marca Hyundai conducido por Rigoberto Rodr\u00edguez, quien result\u00f3 con lesiones de gravedad quedando con riesgo vital en el Hospital San Camilo de San Felipe. &lt;\/p&gt; \" data-medium-file=\"https:\/\/i0.wp.com\/eltrabajo.cl\/portal\/wp-content\/uploads\/2015\/10\/Minibus.jpg?fit=300%2C197&#038;ssl=1\" data-large-file=\"https:\/\/i0.wp.com\/eltrabajo.cl\/portal\/wp-content\/uploads\/2015\/10\/Minibus.jpg?fit=530%2C348&#038;ssl=1\" src=\"https:\/\/i0.wp.com\/eltrabajo.cl\/portal\/wp-content\/uploads\/2015\/10\/Minibus.jpg?w=316&#038;h=207&#038;ssl=1\" srcset=\"https:\/\/i0.wp.com\/eltrabajo.cl\/portal\/wp-content\/uploads\/2015\/10\/Minibus.jpg?w=530&amp;ssl=1 530w, https:\/\/i0.wp.com\/eltrabajo.cl\/portal\/wp-content\/uploads\/2015\/10\/Minibus.jpg?resize=200%2C131&amp;ssl=1 200w, https:\/\/i0.wp.com\/eltrabajo.cl\/portal\/wp-content\/uploads\/2015\/10\/Minibus.jpg?resize=300%2C197&amp;ssl=1 300w, https:\/\/i0.wp.com\/eltrabajo.cl\/portal\/wp-content\/uploads\/2015\/10\/Minibus.jpg?resize=228%2C150&amp;ssl=1 228w, https:\/\/i0.wp.com\/eltrabajo.cl\/portal\/wp-content\/uploads\/2015\/10\/Minibus.jpg?resize=400%2C263&amp;ssl=1 400w\" width=\"316\" height=\"207\" loading=\"lazy\" data-original-width=\"316\" data-original-height=\"207\" itemprop=\"http:\/\/schema.org\/image\" title=\"Minibus\" alt=\"El minib\u00fas marca Hyundai conducido por Rigoberto Rodr\u00edguez, quien result\u00f3 con lesiones de gravedad quedando con riesgo vital en el Hospital San Camilo de San Felipe.\" style=\"width: 316px; height: 207px;\" \/> <\/a> <div class=\"tiled-gallery-caption\" itemprop=\"caption description\"> El minib\u00fas marca Hyundai conducido por Rigoberto Rodr\u00edguez, quien result\u00f3 con lesiones de gravedad quedando con riesgo vital en el Hospital San Camilo de San Felipe. <\/div> <\/div> <\/div> <!-- close group --> <\/div> <!-- close row --> <\/div>\n","protected":false},"excerpt":{"rendered":"<p>El impacto de dos veh\u00edculos menores dej\u00f3 un conductor muerto y al segundo en riesgo vital, adem\u00e1s un total de trece personas lesionadas de diversa consideraci\u00f3n, entre ellas peregrinos que viajaban hasta&#8230;<\/p>\n","protected":false},"author":482,"featured_media":63008,"comment_status":"open","ping_status":"open","sticky":false,"template":"","format":"standard","meta":{"advanced_seo_description":"","jetpack_seo_html_title":"","jetpack_seo_noindex":false,"_jetpack_memberships_contains_paid_content":false,"footnotes":""},"categories":[21],"tags":[],"class_list":["post-63007","post","type-post","status-publish","format-standard","has-post-thumbnail","hentry","category-policial"],"jetpack_featured_media_url":"https:\/\/i0.wp.com\/eltrabajo.cl\/portal\/wp-content\/uploads\/2015\/10\/Ricardo-Grandon.jpg?fit=530%2C348&ssl=1","jetpack_sharing_enabled":true,"jetpack_likes_enabled":true,"jetpack-related-posts":[],"_links":{"self":[{"href":"https:\/\/eltrabajo.cl\/portal\/wp-json\/wp\/v2\/posts\/63007","targetHints":{"allow":["GET"]}}],"collection":[{"href":"https:\/\/eltrabajo.cl\/portal\/wp-json\/wp\/v2\/posts"}],"about":[{"href":"https:\/\/eltrabajo.cl\/portal\/wp-json\/wp\/v2\/types\/post"}],"author":[{"embeddable":true,"href":"https:\/\/eltrabajo.cl\/portal\/wp-json\/wp\/v2\/users\/482"}],"replies":[{"embeddable":true,"href":"https:\/\/eltrabajo.cl\/portal\/wp-json\/wp\/v2\/comments?post=63007"}],"version-history":[{"count":0,"href":"https:\/\/eltrabajo.cl\/portal\/wp-json\/wp\/v2\/posts\/63007\/revisions"}],"wp:featuredmedia":[{"embeddable":true,"href":"https:\/\/eltrabajo.cl\/portal\/wp-json\/wp\/v2\/media\/63008"}],"wp:attachment":[{"href":"https:\/\/eltrabajo.cl\/portal\/wp-json\/wp\/v2\/media?parent=63007"}],"wp:term":[{"taxonomy":"category","embeddable":true,"href":"https:\/\/eltrabajo.cl\/portal\/wp-json\/wp\/v2\/categories?post=63007"},{"taxonomy":"post_tag","embeddable":true,"href":"https:\/\/eltrabajo.cl\/portal\/wp-json\/wp\/v2\/tags?post=63007"}],"curies":[{"name":"wp","href":"https:\/\/api.w.org\/{rel}","templated":true}]}}