{"id":63015,"date":"2015-10-20T09:14:35","date_gmt":"2015-10-20T12:14:35","guid":{"rendered":"http:\/\/www.eltrabajo.cl\/portal\/?p=63015"},"modified":"2015-10-20T09:14:35","modified_gmt":"2015-10-20T12:14:35","slug":"agricultores-entregan-reconocimiento-a-equipo-prodesal","status":"publish","type":"post","link":"https:\/\/eltrabajo.cl\/portal\/agricultores-entregan-reconocimiento-a-equipo-prodesal\/","title":{"rendered":"Agricultores entregan reconocimiento a equipo Prodesal"},"content":{"rendered":"<figure id=\"attachment_63016\" aria-describedby=\"caption-attachment-63016\" style=\"width: 300px\" class=\"wp-caption alignleft\"><a href=\"https:\/\/i0.wp.com\/www.eltrabajo.cl\/portal\/wp-content\/uploads\/2015\/10\/Reconocimiento-Prodesal.jpg\"><img data-recalc-dims=\"1\" loading=\"lazy\" decoding=\"async\" class=\"wp-image-63016 size-medium\" src=\"https:\/\/i0.wp.com\/www.eltrabajo.cl\/portal\/wp-content\/uploads\/2015\/10\/Reconocimiento-Prodesal-300x197.jpg?resize=300%2C197\" alt=\"El equipo de Prodesal Llay Llay fue reconocido por sus usuarios como una retribuci\u00f3n al compromiso con los usuarios que va m\u00e1s all\u00e1 de su trabajo.\" width=\"300\" height=\"197\" srcset=\"https:\/\/i0.wp.com\/eltrabajo.cl\/portal\/wp-content\/uploads\/2015\/10\/Reconocimiento-Prodesal.jpg?resize=300%2C197&amp;ssl=1 300w, https:\/\/i0.wp.com\/eltrabajo.cl\/portal\/wp-content\/uploads\/2015\/10\/Reconocimiento-Prodesal.jpg?resize=200%2C131&amp;ssl=1 200w, https:\/\/i0.wp.com\/eltrabajo.cl\/portal\/wp-content\/uploads\/2015\/10\/Reconocimiento-Prodesal.jpg?resize=228%2C150&amp;ssl=1 228w, https:\/\/i0.wp.com\/eltrabajo.cl\/portal\/wp-content\/uploads\/2015\/10\/Reconocimiento-Prodesal.jpg?resize=400%2C263&amp;ssl=1 400w, https:\/\/i0.wp.com\/eltrabajo.cl\/portal\/wp-content\/uploads\/2015\/10\/Reconocimiento-Prodesal.jpg?w=530&amp;ssl=1 530w\" sizes=\"auto, (max-width: 300px) 100vw, 300px\" \/><\/a><figcaption id=\"caption-attachment-63016\" class=\"wp-caption-text\">El equipo de Prodesal Llay Llay fue reconocido por sus usuarios como una retribuci\u00f3n al compromiso con los usuarios que va m\u00e1s all\u00e1 de su trabajo.<\/figcaption><\/figure>\n<p><strong>LLAY LLAY.<\/strong>&#8211; Usuarios del Programa de Desarrollo Local de Indap realizaron un reconocimiento al Municipio y al equipo del Programa Prodesal de la comuna.<br \/>\nUn gesto que el alcalde Mario Marillanca valor\u00f3: \u201cfue una actitud proactiva de los agricultores y ganaderos de Llay Llay el premiar el trabajo de los profesionales. El equipo ha tenido buenos resultados, realizando varios exitosos emprendimientos que generan desarrollo\u201d.<br \/>\nLos diplomas y galvanos de reconocimiento fueron entregados a Ra\u00fal Vega, Guillermo V\u00e1squez, Ivonne Jeria y Adri\u00e1n Silva, dicen textualmente: \u201cPor su constante apoyo, cercan\u00eda y destacada labor en beneficio de quienes hemos participado de esta enriquecedora experiencia\u201d.<br \/>\nLa actividad se realiz\u00f3 en los quinchos del Estadio Municipal, donde compartieron una agradable jornada diversas autoridades, el equipo en pleno Prodesal y los usuarios del Programa.<br \/>\nLa premiaci\u00f3n retribuye el compromiso del equipo, que va m\u00e1s all\u00e1 de la labor profesional correspondiente, y se convierte en un trabajo social \u201cpor ello este homenaje al equipo Prodesal, en m\u00e9rito a su trayectoria y todo el aporte al desarrollo de los rubros agr\u00edcola y ganadero\u201d, indicaron los usuarios.<br \/>\n<strong>Marianela Quevedo<\/strong><\/p>\n","protected":false},"excerpt":{"rendered":"<p>LLAY LLAY.&#8211; Usuarios del Programa de Desarrollo Local de Indap realizaron un reconocimiento al Municipio y al equipo del Programa Prodesal de la comuna. Un gesto que el alcalde Mario Marillanca valor\u00f3:&#8230;<\/p>\n","protected":false},"author":482,"featured_media":63016,"comment_status":"open","ping_status":"open","sticky":false,"template":"","format":"standard","meta":{"advanced_seo_description":"","jetpack_seo_html_title":"","jetpack_seo_noindex":false,"_jetpack_memberships_contains_paid_content":false,"footnotes":""},"categories":[15],"tags":[],"class_list":["post-63015","post","type-post","status-publish","format-standard","has-post-thumbnail","hentry","category-comunidad"],"jetpack_featured_media_url":"https:\/\/i0.wp.com\/eltrabajo.cl\/portal\/wp-content\/uploads\/2015\/10\/Reconocimiento-Prodesal.jpg?fit=530%2C348&ssl=1","jetpack_sharing_enabled":true,"jetpack_likes_enabled":true,"jetpack-related-posts":[],"_links":{"self":[{"href":"https:\/\/eltrabajo.cl\/portal\/wp-json\/wp\/v2\/posts\/63015","targetHints":{"allow":["GET"]}}],"collection":[{"href":"https:\/\/eltrabajo.cl\/portal\/wp-json\/wp\/v2\/posts"}],"about":[{"href":"https:\/\/eltrabajo.cl\/portal\/wp-json\/wp\/v2\/types\/post"}],"author":[{"embeddable":true,"href":"https:\/\/eltrabajo.cl\/portal\/wp-json\/wp\/v2\/users\/482"}],"replies":[{"embeddable":true,"href":"https:\/\/eltrabajo.cl\/portal\/wp-json\/wp\/v2\/comments?post=63015"}],"version-history":[{"count":0,"href":"https:\/\/eltrabajo.cl\/portal\/wp-json\/wp\/v2\/posts\/63015\/revisions"}],"wp:featuredmedia":[{"embeddable":true,"href":"https:\/\/eltrabajo.cl\/portal\/wp-json\/wp\/v2\/media\/63016"}],"wp:attachment":[{"href":"https:\/\/eltrabajo.cl\/portal\/wp-json\/wp\/v2\/media?parent=63015"}],"wp:term":[{"taxonomy":"category","embeddable":true,"href":"https:\/\/eltrabajo.cl\/portal\/wp-json\/wp\/v2\/categories?post=63015"},{"taxonomy":"post_tag","embeddable":true,"href":"https:\/\/eltrabajo.cl\/portal\/wp-json\/wp\/v2\/tags?post=63015"}],"curies":[{"name":"wp","href":"https:\/\/api.w.org\/{rel}","templated":true}]}}