{"id":63018,"date":"2015-10-20T09:15:58","date_gmt":"2015-10-20T12:15:58","guid":{"rendered":"http:\/\/www.eltrabajo.cl\/portal\/?p=63018"},"modified":"2015-10-20T09:15:58","modified_gmt":"2015-10-20T12:15:58","slug":"autoridades-municipales-se-haran-cargo-de-cobros-por-uso-de-alcantarillado","status":"publish","type":"post","link":"https:\/\/eltrabajo.cl\/portal\/autoridades-municipales-se-haran-cargo-de-cobros-por-uso-de-alcantarillado\/","title":{"rendered":"Autoridades municipales se har\u00e1n cargo de cobros por uso de alcantarillado"},"content":{"rendered":"<figure id=\"attachment_63019\" aria-describedby=\"caption-attachment-63019\" style=\"width: 300px\" class=\"wp-caption alignleft\"><a href=\"https:\/\/i0.wp.com\/www.eltrabajo.cl\/portal\/wp-content\/uploads\/2015\/10\/Lautaro-Silva.jpg\"><img data-recalc-dims=\"1\" loading=\"lazy\" decoding=\"async\" class=\"wp-image-63019 size-medium\" src=\"https:\/\/i0.wp.com\/www.eltrabajo.cl\/portal\/wp-content\/uploads\/2015\/10\/Lautaro-Silva-300x198.jpg?resize=300%2C198\" alt=\"Lautaro Silva, Administrador Municipal.\" width=\"300\" height=\"198\" srcset=\"https:\/\/i0.wp.com\/eltrabajo.cl\/portal\/wp-content\/uploads\/2015\/10\/Lautaro-Silva.jpg?resize=300%2C198&amp;ssl=1 300w, https:\/\/i0.wp.com\/eltrabajo.cl\/portal\/wp-content\/uploads\/2015\/10\/Lautaro-Silva.jpg?resize=200%2C132&amp;ssl=1 200w, https:\/\/i0.wp.com\/eltrabajo.cl\/portal\/wp-content\/uploads\/2015\/10\/Lautaro-Silva.jpg?resize=228%2C150&amp;ssl=1 228w, https:\/\/i0.wp.com\/eltrabajo.cl\/portal\/wp-content\/uploads\/2015\/10\/Lautaro-Silva.jpg?resize=400%2C263&amp;ssl=1 400w, https:\/\/i0.wp.com\/eltrabajo.cl\/portal\/wp-content\/uploads\/2015\/10\/Lautaro-Silva.jpg?w=530&amp;ssl=1 530w\" sizes=\"auto, (max-width: 300px) 100vw, 300px\" \/><\/a><figcaption id=\"caption-attachment-63019\" class=\"wp-caption-text\">Lautaro Silva, Administrador Municipal.<\/figcaption><\/figure>\n<ul>\n<li><strong>La propuesta fue presentada al concejo municipal y de acuerdo a lo informado por el Administrador Municipal Lautaro Silva, considera en esta primera etapa incluir los sectores de Escorial, Palomar Interior, Panquehue Centro y La Pirca.<\/strong><\/li>\n<\/ul>\n<p><strong>PANQUEHUE.<\/strong>&#8211; Con el fin de dar un ordenamiento al proceso de cobro de uso de alcantarillado, el municipio panquehuino se har\u00e1 cargo del cobro de este servicio, para lo cual se ha dispuesto de un proceso, que de transparencia y sea equitativo con todos los vecinos.<br \/>\nLa propuesta fue informada por el Administrador Municipal, Lautaro Silva al concejo municipal, explicando que el proceso considera dividir la comuna en tres sectores, para de esta forma efectuar la toma de lectura y cobro del uso de los servicios de alcantarillado y tratamiento de las aguas servidas.<br \/>\nExplic\u00f3 Lautaro Silva, que este nuevo procedimiento, que se pondr\u00e1 en marcha en las pr\u00f3ximas semanas, ser\u00e1 puesto en conocimiento de las administradoras de APR de la comuna, con el fin de dar a conocer este nuevo mecanismo.<br \/>\n\u201cNosotros haremos la contrataci\u00f3n de una persona que se har\u00e1 caro de manera exclusiva de la toma de estado de los servicios y entrega de las boletas, dando con ello garant\u00eda que los procesos y ciclos de garant\u00eda se cumplan de mes a mes, por lo tanto, estamos ajustando unos detalles para iniciar este nuevo proceso\u201d.<br \/>\nAgreg\u00f3 finalmente Lautaro Silva que a la fecha en la comuna de Panquehue, existe una gran cantidad de vecinos, que por motivos que hasta ahora se ignoran, no realizan el pago de los derechos de alcantarillado y con este se espera regularizar esta situaci\u00f3n.<\/p>\n","protected":false},"excerpt":{"rendered":"<p>La propuesta fue presentada al concejo municipal y de acuerdo a lo informado por el Administrador Municipal Lautaro Silva, considera en esta primera etapa incluir los sectores de Escorial, Palomar Interior, Panquehue&#8230;<\/p>\n","protected":false},"author":482,"featured_media":63019,"comment_status":"open","ping_status":"open","sticky":false,"template":"","format":"standard","meta":{"advanced_seo_description":"","jetpack_seo_html_title":"","jetpack_seo_noindex":false,"_jetpack_memberships_contains_paid_content":false,"footnotes":""},"categories":[15],"tags":[],"class_list":["post-63018","post","type-post","status-publish","format-standard","has-post-thumbnail","hentry","category-comunidad"],"jetpack_featured_media_url":"https:\/\/i0.wp.com\/eltrabajo.cl\/portal\/wp-content\/uploads\/2015\/10\/Lautaro-Silva.jpg?fit=530%2C349&ssl=1","jetpack_sharing_enabled":true,"jetpack_likes_enabled":true,"jetpack-related-posts":[],"_links":{"self":[{"href":"https:\/\/eltrabajo.cl\/portal\/wp-json\/wp\/v2\/posts\/63018","targetHints":{"allow":["GET"]}}],"collection":[{"href":"https:\/\/eltrabajo.cl\/portal\/wp-json\/wp\/v2\/posts"}],"about":[{"href":"https:\/\/eltrabajo.cl\/portal\/wp-json\/wp\/v2\/types\/post"}],"author":[{"embeddable":true,"href":"https:\/\/eltrabajo.cl\/portal\/wp-json\/wp\/v2\/users\/482"}],"replies":[{"embeddable":true,"href":"https:\/\/eltrabajo.cl\/portal\/wp-json\/wp\/v2\/comments?post=63018"}],"version-history":[{"count":0,"href":"https:\/\/eltrabajo.cl\/portal\/wp-json\/wp\/v2\/posts\/63018\/revisions"}],"wp:featuredmedia":[{"embeddable":true,"href":"https:\/\/eltrabajo.cl\/portal\/wp-json\/wp\/v2\/media\/63019"}],"wp:attachment":[{"href":"https:\/\/eltrabajo.cl\/portal\/wp-json\/wp\/v2\/media?parent=63018"}],"wp:term":[{"taxonomy":"category","embeddable":true,"href":"https:\/\/eltrabajo.cl\/portal\/wp-json\/wp\/v2\/categories?post=63018"},{"taxonomy":"post_tag","embeddable":true,"href":"https:\/\/eltrabajo.cl\/portal\/wp-json\/wp\/v2\/tags?post=63018"}],"curies":[{"name":"wp","href":"https:\/\/api.w.org\/{rel}","templated":true}]}}