{"id":63024,"date":"2015-10-20T09:19:10","date_gmt":"2015-10-20T12:19:10","guid":{"rendered":"http:\/\/www.eltrabajo.cl\/portal\/?p=63024"},"modified":"2015-10-20T09:19:10","modified_gmt":"2015-10-20T12:19:10","slug":"liga-protectora-de-estudiantes-entrega-reconocimiento-a-tres-docentes-en-asamblea-anual","status":"publish","type":"post","link":"https:\/\/eltrabajo.cl\/portal\/liga-protectora-de-estudiantes-entrega-reconocimiento-a-tres-docentes-en-asamblea-anual\/","title":{"rendered":"Liga protectora de Estudiantes entrega reconocimiento a tres docentes en asamblea anual"},"content":{"rendered":"<figure id=\"attachment_63025\" aria-describedby=\"caption-attachment-63025\" style=\"width: 300px\" class=\"wp-caption alignleft\"><a href=\"https:\/\/i0.wp.com\/www.eltrabajo.cl\/portal\/wp-content\/uploads\/2015\/10\/liga-estudiantes1.jpg\"><img data-recalc-dims=\"1\" loading=\"lazy\" decoding=\"async\" class=\"wp-image-63025 size-medium\" src=\"https:\/\/i0.wp.com\/www.eltrabajo.cl\/portal\/wp-content\/uploads\/2015\/10\/liga-estudiantes1-300x199.jpg?resize=300%2C199\" alt=\"Durante la ceremonia anual, entregaron la distinci\u00f3n \u2018Gabriela Mistral\u2019 a Humberto Mucientes Pe\u00f1a y a las socias Carmen Aguirre Araya y Jovita Maldonado Vel\u00e1squez.\" width=\"300\" height=\"199\" srcset=\"https:\/\/i0.wp.com\/eltrabajo.cl\/portal\/wp-content\/uploads\/2015\/10\/liga-estudiantes1.jpg?resize=300%2C199&amp;ssl=1 300w, https:\/\/i0.wp.com\/eltrabajo.cl\/portal\/wp-content\/uploads\/2015\/10\/liga-estudiantes1.jpg?resize=200%2C133&amp;ssl=1 200w, https:\/\/i0.wp.com\/eltrabajo.cl\/portal\/wp-content\/uploads\/2015\/10\/liga-estudiantes1.jpg?resize=226%2C150&amp;ssl=1 226w, https:\/\/i0.wp.com\/eltrabajo.cl\/portal\/wp-content\/uploads\/2015\/10\/liga-estudiantes1.jpg?resize=400%2C266&amp;ssl=1 400w, https:\/\/i0.wp.com\/eltrabajo.cl\/portal\/wp-content\/uploads\/2015\/10\/liga-estudiantes1.jpg?w=527&amp;ssl=1 527w\" sizes=\"auto, (max-width: 300px) 100vw, 300px\" \/><\/a><figcaption id=\"caption-attachment-63025\" class=\"wp-caption-text\">Durante la ceremonia anual, entregaron la distinci\u00f3n \u2018Gabriela Mistral\u2019 a Humberto Mucientes Pe\u00f1a y a las socias Carmen Aguirre Araya y Jovita Maldonado Vel\u00e1squez.<\/figcaption><\/figure>\n<ul>\n<li><strong>Centenaria instituci\u00f3n resalt\u00f3 la labor de los profesores Carmen Aguirre, Jovita Maldonado y Humberto Mucientes Pe\u00f1a.<\/strong><\/li>\n<\/ul>\n<p><strong>LOS ANDES<\/strong>.- La Asamblea Anual de la Liga Protectora de Estudiantes de Los Andes, entreg\u00f3 un reconocimiento a tres profesores que por su trayectoria han contribuido al trabajo de la instituci\u00f3n.<br \/>\nLa Liga Protectora de Estudiantes se constituye en un verdadero patrimonio institucional de la ciudad ya que, desde que fue fundada el 17 de noviembre de 1904 por Don Maximiliano Salas March\u00e1n, sus integrantes han sido connotados vecinos que, reservadamente, han colaborado a los fines de la organizaci\u00f3n, que cuenta con personalidad jur\u00eddica otorgada por el Ministerio de Justicia y corresponde a una Organizaci\u00f3n de Inter\u00e9s P\u00fablico.<br \/>\nEntre sus m\u00e1s relevantes miembros destaca la propia Gabriela Mistral, quien fue Secretaria y Tesorera de la Liga en sus a\u00f1os de residencia en la ciudad. Durante la historia de la instituci\u00f3n, son numerosos los connotados andinos Hijos Ilustres que han formado parte de esta obra, como \u00d3scar Granadino Y\u00e1\u00f1ez, \u00d3scar Lagos Covarrubias y Luis Rojas J\u00e9lvez, entre varios otros de recordada memoria.<br \/>\nEn esta Asamblea Anual, conforme a las normas estatutarias, su Presidente saliente, Humberto Mucientes Pe\u00f1a, someti\u00f3 a consideraci\u00f3n de la asamblea la Memoria Anual y el Balance al 31 de diciembre de 2014, auditado por un contador externo. Ambos informes fueron aprobados por la unanimidad de los socios activos presentes y ser\u00e1 enviado a los organismos pertinentes.<br \/>\nEn forma especial, la Instituci\u00f3n entreg\u00f3 su Distinci\u00f3n \u2018Gabriela Mistral\u2019 para Socios Destacados, a Humberto Mucientes Pe\u00f1a, por su compromiso de m\u00e1s de 50 a\u00f1os con la Liga, como tambi\u00e9n a las socias Carmen Aguirre Araya y Jovita Maldonado Vel\u00e1squez.<br \/>\nEn conformidad a los estatutos, en esta ocasi\u00f3n se eligi\u00f3 la directiva que conducir\u00e1 la instituci\u00f3n por los pr\u00f3ximos tres a\u00f1os, quedando constituida por las siguientes personas: Juliet Turner Araneda, Mar\u00eda Eugenia Valdebenito L\u00f3pez, Ginet Leiva Saavedra, Margarita Calder\u00f3n Orellana, Luis Gonz\u00e1lez Reyes, Hugo Fern\u00e1ndez Galdames y Francisco Rodr\u00edguez Arancibia.<br \/>\nTanto los distinguidos hoy como todos los socios \u2013activos y colaboradores, en su mayor\u00eda profesores- de la Liga Protectora de Estudiantes, hacen propias las palabras de Gabriela Mistral que inspiran la obra: \u2018El futuro de los ni\u00f1os es hoy; ma\u00f1ana ser\u00e1 tarde\u2019.<\/p>\n","protected":false},"excerpt":{"rendered":"<p>Centenaria instituci\u00f3n resalt\u00f3 la labor de los profesores Carmen Aguirre, Jovita Maldonado y Humberto Mucientes Pe\u00f1a. LOS ANDES.- La Asamblea Anual de la Liga Protectora de Estudiantes de Los Andes, entreg\u00f3 un&#8230;<\/p>\n","protected":false},"author":482,"featured_media":63025,"comment_status":"open","ping_status":"open","sticky":false,"template":"","format":"standard","meta":{"advanced_seo_description":"","jetpack_seo_html_title":"","jetpack_seo_noindex":false,"_jetpack_memberships_contains_paid_content":false,"footnotes":""},"categories":[15],"tags":[],"class_list":["post-63024","post","type-post","status-publish","format-standard","has-post-thumbnail","hentry","category-comunidad"],"jetpack_featured_media_url":"https:\/\/i0.wp.com\/eltrabajo.cl\/portal\/wp-content\/uploads\/2015\/10\/liga-estudiantes1.jpg?fit=527%2C350&ssl=1","jetpack_sharing_enabled":true,"jetpack_likes_enabled":true,"jetpack-related-posts":[],"_links":{"self":[{"href":"https:\/\/eltrabajo.cl\/portal\/wp-json\/wp\/v2\/posts\/63024","targetHints":{"allow":["GET"]}}],"collection":[{"href":"https:\/\/eltrabajo.cl\/portal\/wp-json\/wp\/v2\/posts"}],"about":[{"href":"https:\/\/eltrabajo.cl\/portal\/wp-json\/wp\/v2\/types\/post"}],"author":[{"embeddable":true,"href":"https:\/\/eltrabajo.cl\/portal\/wp-json\/wp\/v2\/users\/482"}],"replies":[{"embeddable":true,"href":"https:\/\/eltrabajo.cl\/portal\/wp-json\/wp\/v2\/comments?post=63024"}],"version-history":[{"count":0,"href":"https:\/\/eltrabajo.cl\/portal\/wp-json\/wp\/v2\/posts\/63024\/revisions"}],"wp:featuredmedia":[{"embeddable":true,"href":"https:\/\/eltrabajo.cl\/portal\/wp-json\/wp\/v2\/media\/63025"}],"wp:attachment":[{"href":"https:\/\/eltrabajo.cl\/portal\/wp-json\/wp\/v2\/media?parent=63024"}],"wp:term":[{"taxonomy":"category","embeddable":true,"href":"https:\/\/eltrabajo.cl\/portal\/wp-json\/wp\/v2\/categories?post=63024"},{"taxonomy":"post_tag","embeddable":true,"href":"https:\/\/eltrabajo.cl\/portal\/wp-json\/wp\/v2\/tags?post=63024"}],"curies":[{"name":"wp","href":"https:\/\/api.w.org\/{rel}","templated":true}]}}