{"id":63027,"date":"2015-10-20T09:21:39","date_gmt":"2015-10-20T12:21:39","guid":{"rendered":"http:\/\/www.eltrabajo.cl\/portal\/?p=63027"},"modified":"2015-10-20T09:21:39","modified_gmt":"2015-10-20T12:21:39","slug":"cerca-de-300-adultos-mayores-participaron-de-entretenida-jornada-organizada-por-cesfam-segismundo-iturra","status":"publish","type":"post","link":"https:\/\/eltrabajo.cl\/portal\/cerca-de-300-adultos-mayores-participaron-de-entretenida-jornada-organizada-por-cesfam-segismundo-iturra\/","title":{"rendered":"Cerca de 300 adultos mayores participaron de entretenida jornada organizada por Cesfam Segismundo Iturra"},"content":{"rendered":"<figure id=\"attachment_63028\" aria-describedby=\"caption-attachment-63028\" style=\"width: 300px\" class=\"wp-caption alignleft\"><a href=\"https:\/\/i0.wp.com\/www.eltrabajo.cl\/portal\/wp-content\/uploads\/2015\/10\/Jornada-Adulto-mayor.jpg\"><img data-recalc-dims=\"1\" loading=\"lazy\" decoding=\"async\" class=\"wp-image-63028 size-medium\" src=\"https:\/\/i0.wp.com\/www.eltrabajo.cl\/portal\/wp-content\/uploads\/2015\/10\/Jornada-Adulto-mayor-300x197.jpg?resize=300%2C197\" alt=\"Con gran participaci\u00f3n se realiz\u00f3 una jornada en el Teatro Municipal, por la celebraci\u00f3n del Mes del Adulto Mayor.\" width=\"300\" height=\"197\" srcset=\"https:\/\/i0.wp.com\/eltrabajo.cl\/portal\/wp-content\/uploads\/2015\/10\/Jornada-Adulto-mayor.jpg?resize=300%2C197&amp;ssl=1 300w, https:\/\/i0.wp.com\/eltrabajo.cl\/portal\/wp-content\/uploads\/2015\/10\/Jornada-Adulto-mayor.jpg?resize=200%2C131&amp;ssl=1 200w, https:\/\/i0.wp.com\/eltrabajo.cl\/portal\/wp-content\/uploads\/2015\/10\/Jornada-Adulto-mayor.jpg?resize=228%2C150&amp;ssl=1 228w, https:\/\/i0.wp.com\/eltrabajo.cl\/portal\/wp-content\/uploads\/2015\/10\/Jornada-Adulto-mayor.jpg?resize=400%2C263&amp;ssl=1 400w, https:\/\/i0.wp.com\/eltrabajo.cl\/portal\/wp-content\/uploads\/2015\/10\/Jornada-Adulto-mayor.jpg?w=530&amp;ssl=1 530w\" sizes=\"auto, (max-width: 300px) 100vw, 300px\" \/><\/a><figcaption id=\"caption-attachment-63028\" class=\"wp-caption-text\">Con gran participaci\u00f3n se realiz\u00f3 una jornada en el Teatro Municipal, por la celebraci\u00f3n del Mes del Adulto Mayor.<\/figcaption><\/figure>\n<p>En el Teatro Municipal de San Felipe, se realiz\u00f3 durante la ma\u00f1ana del viernes la actividad de celebraci\u00f3n del Mes del Adulto Mayor, iniciativa art\u00edstico \u2013 preventiva, que mezcl\u00f3 la m\u00fasica, el baile, la educaci\u00f3n en salud y mucha entretenci\u00f3n.<br \/>\nEl encuentro, organizado por el equipo del Programa Adulto Mayor del Cesfam Segismundo Iturra, reuni\u00f3 a casi 300 adultos mayores de la comuna, quienes disfrutaron de una agradable velada que permiti\u00f3 rendir homenaje a hombres y mujeres que tras a\u00f1os de esfuerzo y entrega, hoy enfrentan una etapa de la vida donde merecen recibir todo el cari\u00f1o y reconocimiento.<br \/>\nEl encargado del programa adulto mayor del Cesfam Iturra, kinesi\u00f3logo Gast\u00f3n Gonz\u00e1lez, manifest\u00f3 que \u201cquisimos realizar una actividad mixta, con un componente l\u00fadico que les permitiera entretenerse y motivarlos a participar, pero tambi\u00e9n con educaci\u00f3n en salud, con promoci\u00f3n y prevenci\u00f3n alteraciones que puedan afectar el estado de salud de la persona\u201d.<br \/>\nGast\u00f3n Gonz\u00e1lez destac\u00f3 que en la actualidad, el trabajo de los Centros de Salud Familiar en torno a los adultos mayores, se ha centrado siempre en la promoci\u00f3n de estilos de vida saludable y evitar la presencia de enfermedades. \u201cPara ello consideramos el entorno social, como las condiciones f\u00edsicas y mentales de las personas, nuestro objetivo se centra en mantener la calidad de vida del adulto mayor, en sacarlo adelante en forma integral para generar planes integrales junto a su familia, sus amigos, sus vecinos, ya que de esa manera logramos cumplir esa premisa\u201d, explic\u00f3 el kinesi\u00f3logo.<br \/>\nA\u00f1adi\u00f3 que \u201cel grupo adulto mayor es bastante fiel y responsable en torno a la concurrencia al Cesfam, por lo que registramos m\u00e1s de mil 900 personas que se realiza el Empam (Examen Preventivo del Adulto Mayor), examen que tiene por objetivo anteponerse y prevenir la p\u00e9rdida de funcionalidad, identificando qu\u00e9 elementos est\u00e1n fallando y qu\u00e9 podemos hacer para evitar que pierdan la funcionalidad y desarrollen dependencia\u201d.<br \/>\nEl profesional recalc\u00f3 que en esa l\u00ednea, una de las virtudes del trabajo de los Cesfam, y del Cesfam Segismundo Iturra particularmente, en torno a los adultos mayores, dice relaci\u00f3n con la atenci\u00f3n integral que permite trabajar en todos los frentes que inciden en la calidad de vida de los adultos mayores.<\/p>\n","protected":false},"excerpt":{"rendered":"<p>En el Teatro Municipal de San Felipe, se realiz\u00f3 durante la ma\u00f1ana del viernes la actividad de celebraci\u00f3n del Mes del Adulto Mayor, iniciativa art\u00edstico \u2013 preventiva, que mezcl\u00f3 la m\u00fasica, el&#8230;<\/p>\n","protected":false},"author":482,"featured_media":63028,"comment_status":"open","ping_status":"open","sticky":false,"template":"","format":"standard","meta":{"advanced_seo_description":"","jetpack_seo_html_title":"","jetpack_seo_noindex":false,"_jetpack_memberships_contains_paid_content":false,"footnotes":""},"categories":[1],"tags":[],"class_list":["post-63027","post","type-post","status-publish","format-standard","has-post-thumbnail","hentry","category-cronica"],"jetpack_featured_media_url":"https:\/\/i0.wp.com\/eltrabajo.cl\/portal\/wp-content\/uploads\/2015\/10\/Jornada-Adulto-mayor.jpg?fit=530%2C348&ssl=1","jetpack_sharing_enabled":true,"jetpack_likes_enabled":true,"jetpack-related-posts":[],"_links":{"self":[{"href":"https:\/\/eltrabajo.cl\/portal\/wp-json\/wp\/v2\/posts\/63027","targetHints":{"allow":["GET"]}}],"collection":[{"href":"https:\/\/eltrabajo.cl\/portal\/wp-json\/wp\/v2\/posts"}],"about":[{"href":"https:\/\/eltrabajo.cl\/portal\/wp-json\/wp\/v2\/types\/post"}],"author":[{"embeddable":true,"href":"https:\/\/eltrabajo.cl\/portal\/wp-json\/wp\/v2\/users\/482"}],"replies":[{"embeddable":true,"href":"https:\/\/eltrabajo.cl\/portal\/wp-json\/wp\/v2\/comments?post=63027"}],"version-history":[{"count":0,"href":"https:\/\/eltrabajo.cl\/portal\/wp-json\/wp\/v2\/posts\/63027\/revisions"}],"wp:featuredmedia":[{"embeddable":true,"href":"https:\/\/eltrabajo.cl\/portal\/wp-json\/wp\/v2\/media\/63028"}],"wp:attachment":[{"href":"https:\/\/eltrabajo.cl\/portal\/wp-json\/wp\/v2\/media?parent=63027"}],"wp:term":[{"taxonomy":"category","embeddable":true,"href":"https:\/\/eltrabajo.cl\/portal\/wp-json\/wp\/v2\/categories?post=63027"},{"taxonomy":"post_tag","embeddable":true,"href":"https:\/\/eltrabajo.cl\/portal\/wp-json\/wp\/v2\/tags?post=63027"}],"curies":[{"name":"wp","href":"https:\/\/api.w.org\/{rel}","templated":true}]}}