{"id":63038,"date":"2015-10-20T09:28:39","date_gmt":"2015-10-20T12:28:39","guid":{"rendered":"http:\/\/www.eltrabajo.cl\/portal\/?p=63038"},"modified":"2015-10-20T09:28:39","modified_gmt":"2015-10-20T12:28:39","slug":"realizan-reunion-entre-consejo-consultivo-de-infancia-y-dirigentes-del-transporte-publico","status":"publish","type":"post","link":"https:\/\/eltrabajo.cl\/portal\/realizan-reunion-entre-consejo-consultivo-de-infancia-y-dirigentes-del-transporte-publico\/","title":{"rendered":"Realizan reuni\u00f3n entre Consejo Consultivo de Infancia y dirigentes del transporte p\u00fablico"},"content":{"rendered":"<figure id=\"attachment_63039\" aria-describedby=\"caption-attachment-63039\" style=\"width: 300px\" class=\"wp-caption alignleft\"><a href=\"https:\/\/i0.wp.com\/www.eltrabajo.cl\/portal\/wp-content\/uploads\/2015\/10\/Cafe-Dialogo-con-dirigentes-del-transporte-y-Junaeb-01.jpg\"><img data-recalc-dims=\"1\" loading=\"lazy\" decoding=\"async\" class=\"wp-image-63039 size-medium\" src=\"https:\/\/i0.wp.com\/www.eltrabajo.cl\/portal\/wp-content\/uploads\/2015\/10\/Cafe-Dialogo-con-dirigentes-del-transporte-y-Junaeb-01-300x198.jpg?resize=300%2C198\" alt=\"Consejo Consultivo de Infancia y Adolescencia se reuni\u00f3 con dirigentes del transporte y la representante provincial de la Junaeb.\" width=\"300\" height=\"198\" srcset=\"https:\/\/i0.wp.com\/eltrabajo.cl\/portal\/wp-content\/uploads\/2015\/10\/Cafe-Dialogo-con-dirigentes-del-transporte-y-Junaeb-01.jpg?resize=300%2C198&amp;ssl=1 300w, https:\/\/i0.wp.com\/eltrabajo.cl\/portal\/wp-content\/uploads\/2015\/10\/Cafe-Dialogo-con-dirigentes-del-transporte-y-Junaeb-01.jpg?resize=200%2C132&amp;ssl=1 200w, https:\/\/i0.wp.com\/eltrabajo.cl\/portal\/wp-content\/uploads\/2015\/10\/Cafe-Dialogo-con-dirigentes-del-transporte-y-Junaeb-01.jpg?resize=228%2C150&amp;ssl=1 228w, https:\/\/i0.wp.com\/eltrabajo.cl\/portal\/wp-content\/uploads\/2015\/10\/Cafe-Dialogo-con-dirigentes-del-transporte-y-Junaeb-01.jpg?resize=400%2C263&amp;ssl=1 400w, https:\/\/i0.wp.com\/eltrabajo.cl\/portal\/wp-content\/uploads\/2015\/10\/Cafe-Dialogo-con-dirigentes-del-transporte-y-Junaeb-01.jpg?w=530&amp;ssl=1 530w\" sizes=\"auto, (max-width: 300px) 100vw, 300px\" \/><\/a><figcaption id=\"caption-attachment-63039\" class=\"wp-caption-text\">Consejo Consultivo de Infancia y Adolescencia se reuni\u00f3 con dirigentes del transporte y la representante provincial de la Junaeb.<\/figcaption><\/figure>\n<p>Diversos temas que les inquietan en torno al servicio que prestan los operadores del transporte p\u00fablico, as\u00ed como a situaciones relativas al retraso que todav\u00eda existe en la entrega de la Tarjeta Nacional Estudiantil (TNE), fueron los que plantearon los integrantes del Consejo Consultivo de Infancia y Adolescencia, a los dirigentes del transporte mayor y menor de pasajeros y a la representante en la provincia de la Junta Nacional de Auxilio Escolar y Becas, Junaeb.<br \/>\nEl encuentro, enmarcado en un nuevo Caf\u00e9 Di\u00e1logo, fue organizado por la Oficina de Protecci\u00f3n de Derechos OPD San Felipe y cont\u00f3 con la presencia del Presidente de la Federaci\u00f3n de Buses del Valle de Aconcagua, Alex Vera, la Presidenta del Consejo Superior de Taxis Colectivos de San Felipe Elizabeth Reyes, la delegada provincial de Junaeb, Claudia Moreno y el Director de Desarrollo Comunitario de la municipalidad, Pablo Silva, adem\u00e1s de dirigente de la Federaci\u00f3n de Estudiantes Secundarios.<br \/>\nEn la oportunidad, los estudiantes plantearon su preocupaci\u00f3n en torno al cumplimiento de la normativa que rige la gratuidad y la rebaja de tarifas en la locomoci\u00f3n colectiva, ya que por una parte no se les ha entregado a todos en los plazos comprometidos la TNE, documento que les permite acceder a los beneficios; mientras que en varios casos se han enfrentado a operadores del transporte de pasajeros que lo respetan su derecho a viajar ya sea de manera liberada en el caso de los alumnos de ense\u00f1anza b\u00e1sica, o bien, a un valor m\u00e1s bajo, quienes cursan la ense\u00f1anza media.<br \/>\nMat\u00edas Chaparro, alumno del Colegio Greenland, es integrante del Consejo Consultivo y de la Federaci\u00f3n de Estudiantes Secundarios, se\u00f1al\u00f3 que \u201cnos preocupa que hay muchos conductores de microbuses que no respetan el cobro de tarifa rebajada, sobre todo los fines de semana, en circunstancias que la ley establece que quienes portan la TNE pueden ejercer su derecho a gratuidad o valor rebajado del pasaje durante los 365 d\u00edas del a\u00f1o\u201d.<br \/>\nEn esta misma l\u00ednea, Tadeo Witto, alumno del Colegio Alem\u00e1n y coordinador interino de la Federaci\u00f3n de Estudiantes Secundarios, manifest\u00f3 que \u201cqueremos una soluci\u00f3n para el problema de la entrega de la no entrega a\u00fan de la TNE, mientras que en la reuni\u00f3n que sostuvimos con los dirigentes del transporte, llegamos a algunos acuerdos, que esperamos que puedan cumplirse, como poner carteles informativos sobre los derechos y obligaciones de los estudiantes, comprometi\u00e9ndome ambas partes seguir en esta l\u00ednea de reuniones peri\u00f3dicas para subsanar los problemas que se presentan, por lo que sostendremos una reuni\u00f3n dentro de dos semanas\u201d.<br \/>\nEn este sentido, la delegada provincial de Junaeb, Claudia Moreno, resalt\u00f3 esta oportunidad dialogar con los estudiantes del Consejo Consultivo, precisando que en lo relativo a los planteamientos formulados, ya existe un trabajo que inici\u00f3 en esta l\u00ednea el director regional de la instituci\u00f3n gubernamental, con la Federaci\u00f3n de Estudiantes Secundarios, a objeto de avanzar r\u00e1pidamente en la entrega de las TNE que est\u00e1n pendientes.<br \/>\nAsimismo, la presidenta del Consejo Superior de Taxis Colectivos, Elizabeth Reyes, a quien se plante\u00f3 la preocupaci\u00f3n por la inexistencia en algunas l\u00edneas de tarifa escolar, manifest\u00f3 que \u201ccomo dirigentes del transporte valoramos no solo que esta instancia de di\u00e1logo se genere en un marco de absoluto y mutuo respeto, sino que tambi\u00e9n, nos comprometemos a trabajar en base a las demandas de los estudiantes\u201d.<br \/>\nDurante la cita, se acord\u00f3 que dentro de dos semanas se sostendr\u00e1 un nuevo encuentro entre estos mismos actores, a objeto de verificar si se logra avanzar en el cumplimiento de los acuerdos suscritos.<\/p>\n","protected":false},"excerpt":{"rendered":"<p>Diversos temas que les inquietan en torno al servicio que prestan los operadores del transporte p\u00fablico, as\u00ed como a situaciones relativas al retraso que todav\u00eda existe en la entrega de la Tarjeta&#8230;<\/p>\n","protected":false},"author":482,"featured_media":63039,"comment_status":"open","ping_status":"open","sticky":false,"template":"","format":"standard","meta":{"advanced_seo_description":"","jetpack_seo_html_title":"","jetpack_seo_noindex":false,"_jetpack_memberships_contains_paid_content":false,"footnotes":""},"categories":[1],"tags":[],"class_list":["post-63038","post","type-post","status-publish","format-standard","has-post-thumbnail","hentry","category-cronica"],"jetpack_featured_media_url":"https:\/\/i0.wp.com\/eltrabajo.cl\/portal\/wp-content\/uploads\/2015\/10\/Cafe-Dialogo-con-dirigentes-del-transporte-y-Junaeb-01.jpg?fit=530%2C349&ssl=1","jetpack_sharing_enabled":true,"jetpack_likes_enabled":true,"jetpack-related-posts":[],"_links":{"self":[{"href":"https:\/\/eltrabajo.cl\/portal\/wp-json\/wp\/v2\/posts\/63038","targetHints":{"allow":["GET"]}}],"collection":[{"href":"https:\/\/eltrabajo.cl\/portal\/wp-json\/wp\/v2\/posts"}],"about":[{"href":"https:\/\/eltrabajo.cl\/portal\/wp-json\/wp\/v2\/types\/post"}],"author":[{"embeddable":true,"href":"https:\/\/eltrabajo.cl\/portal\/wp-json\/wp\/v2\/users\/482"}],"replies":[{"embeddable":true,"href":"https:\/\/eltrabajo.cl\/portal\/wp-json\/wp\/v2\/comments?post=63038"}],"version-history":[{"count":0,"href":"https:\/\/eltrabajo.cl\/portal\/wp-json\/wp\/v2\/posts\/63038\/revisions"}],"wp:featuredmedia":[{"embeddable":true,"href":"https:\/\/eltrabajo.cl\/portal\/wp-json\/wp\/v2\/media\/63039"}],"wp:attachment":[{"href":"https:\/\/eltrabajo.cl\/portal\/wp-json\/wp\/v2\/media?parent=63038"}],"wp:term":[{"taxonomy":"category","embeddable":true,"href":"https:\/\/eltrabajo.cl\/portal\/wp-json\/wp\/v2\/categories?post=63038"},{"taxonomy":"post_tag","embeddable":true,"href":"https:\/\/eltrabajo.cl\/portal\/wp-json\/wp\/v2\/tags?post=63038"}],"curies":[{"name":"wp","href":"https:\/\/api.w.org\/{rel}","templated":true}]}}