{"id":63041,"date":"2015-10-20T09:30:35","date_gmt":"2015-10-20T12:30:35","guid":{"rendered":"http:\/\/www.eltrabajo.cl\/portal\/?p=63041"},"modified":"2015-10-20T09:30:35","modified_gmt":"2015-10-20T12:30:35","slug":"en-prision-preventiva-quedo-el-mono-titi-al-ser-sorprendido-circulando-en-una-bicicleta-robada","status":"publish","type":"post","link":"https:\/\/eltrabajo.cl\/portal\/en-prision-preventiva-quedo-el-mono-titi-al-ser-sorprendido-circulando-en-una-bicicleta-robada\/","title":{"rendered":"En prisi\u00f3n preventiva qued\u00f3 el \u2018Mono Tit\u00ed\u2019 al ser sorprendido circulando en una bicicleta robada"},"content":{"rendered":"<figure id=\"attachment_63042\" aria-describedby=\"caption-attachment-63042\" style=\"width: 300px\" class=\"wp-caption alignleft\"><a href=\"https:\/\/i0.wp.com\/www.eltrabajo.cl\/portal\/wp-content\/uploads\/2015\/10\/Mono-Titi.jpg\"><img data-recalc-dims=\"1\" loading=\"lazy\" decoding=\"async\" class=\"wp-image-63042 size-medium\" src=\"https:\/\/i0.wp.com\/www.eltrabajo.cl\/portal\/wp-content\/uploads\/2015\/10\/Mono-Titi-300x198.jpg?resize=300%2C198\" alt=\"El delincuente habitual identificado como Alejandro Villarroel Ijerra (39), alias \u2018El Mono tit\u00ed\u2019, qued\u00f3 en prisi\u00f3n preventiva por los dos meses que dure la investigaci\u00f3n.\" width=\"300\" height=\"198\" srcset=\"https:\/\/i0.wp.com\/eltrabajo.cl\/portal\/wp-content\/uploads\/2015\/10\/Mono-Titi.jpg?resize=300%2C198&amp;ssl=1 300w, https:\/\/i0.wp.com\/eltrabajo.cl\/portal\/wp-content\/uploads\/2015\/10\/Mono-Titi.jpg?resize=200%2C132&amp;ssl=1 200w, https:\/\/i0.wp.com\/eltrabajo.cl\/portal\/wp-content\/uploads\/2015\/10\/Mono-Titi.jpg?resize=228%2C150&amp;ssl=1 228w, https:\/\/i0.wp.com\/eltrabajo.cl\/portal\/wp-content\/uploads\/2015\/10\/Mono-Titi.jpg?resize=400%2C263&amp;ssl=1 400w, https:\/\/i0.wp.com\/eltrabajo.cl\/portal\/wp-content\/uploads\/2015\/10\/Mono-Titi.jpg?w=530&amp;ssl=1 530w\" sizes=\"auto, (max-width: 300px) 100vw, 300px\" \/><\/a><figcaption id=\"caption-attachment-63042\" class=\"wp-caption-text\">El delincuente habitual identificado como Alejandro Villarroel Ijerra (39), alias \u2018El Mono tit\u00ed\u2019, qued\u00f3 en prisi\u00f3n preventiva por los dos meses que dure la investigaci\u00f3n.<\/figcaption><\/figure>\n<ul>\n<li><strong>Se investiga la participaci\u00f3n de este peligroso antisocial en el robo del veh\u00edculo, ya que dijo que era de un amigo.<\/strong><\/li>\n<\/ul>\n<p><strong>LOS ANDES.<\/strong>&#8211; En un patrullaje preventivo por el centro de la ciudad, personal de la SIP de Carabineros arrest\u00f3 la madrugada de este lunes al peligroso delincuente habitual Alejandro Ernesto Villarroel Ijerra (39), alias \u2018El Mono Tit\u00ed\u2019, quien circulaba en una bicicleta robada que momentos antes hab\u00eda sido sustra\u00edda desde un domicilio en el sector norte de la ciudad.<br \/>\nConforme a los antecedentes entregados por el Subcomisario de los Servicios de Carabineros, Capit\u00e1n Fernando Jara, a eso de las 4:45 de la madruga, personal de esa unidad que efectuada labores extraordinarias de vigilancia en el centro de la ciudad para prevenir robos, avist\u00f3 a un sujeto circulando en una bicicleta marca Trek de color verde en la esquina de calles Membrillar con Tres Carrera.<br \/>\nEste hecho le llam\u00f3 la atenci\u00f3n a los polic\u00edas quienes se acercaron a este sujeto a efectuarle un control de identidad, sin embargo el antisocial se dio a la fuga por calle Membrillar al sur, luego dobl\u00f3 hacia Esmeralda hasta llegar a Yerbas Buenas y de ah\u00ed enfil\u00f3 rumbo al sur por esta arteria, siendo seguido por el veh\u00edculo de la SIP.<br \/>\nLa persecuci\u00f3n termin\u00f3 en la esquina de calle Bolivia con Eduardo Frei, donde finalmente fue detenido y se comprob\u00f3 que se trataba del \u2018Mono Tit\u00ed\u2019.<br \/>\nAl consultarle por la procedencia de la bicicleta, no supo dar una explicaci\u00f3n satisfactoria respecto de la tenencia de la bicicleta, asegurando que era de un amigo.<br \/>\nPor esta raz\u00f3n Villarroel Ijerra qued\u00f3 detenido para ser puesto a disposici\u00f3n del Tribunal de Garant\u00eda de Los Andes por el delito de receptaci\u00f3n.<br \/>\nEl Capit\u00e1n Fernando Jara destac\u00f3 que la detenci\u00f3n de este maleante es fruto del trabajo que est\u00e1 llevando adelante la polic\u00eda uniformada en el centro de la ciudad con personal uniformado y de la SIP para prevenir robos en locales y casas comerciales.<\/p>\n<p><strong>DETENCI\u00d3N ILEGAL Y PRISI\u00d3N PREVENTIVA<\/strong><br \/>\nUna vez puesto a disposici\u00f3n del Tribunal de Garant\u00eda, la magistrado Valeria Crosa decret\u00f3 ilegal la detenci\u00f3n de Villarroel Ijerra, haciendo suyos los argumentos expuestos por la abogada defensora Paola Zapata, en cuanto a que no hab\u00eda ning\u00fan indicio de delito que llevara a Carabineros a efectuarle un control de identidad, ya que a esa hora a\u00fan no se sab\u00eda que la bicicleta era robada y el circular con un gorro pasamonta\u00f1as no es delito, m\u00e1s a\u00fan si en horas de la madrugada estaba lloviendo y hac\u00eda fr\u00edo.<br \/>\nAun cuando la detenci\u00f3n fue declarada ilegal, de todas maneras el fiscal Jorge Alfaro lo formaliz\u00f3 por los delitos de receptaci\u00f3n y porte de elementos destinados a cometer il\u00edcitos, como es en este caso el pasamonta\u00f1as.<br \/>\nEl fiscal hizo ver al tribunal las once hojas de extracto de filiaci\u00f3n que posee el \u2018Mono Tit\u00ed\u2019 por delitos de robo, hurto, receptaci\u00f3n, porte de arma, blanca, ri\u00f1a y des\u00f3rdenes para solicitar su prisi\u00f3n preventiva considerarlo un peligro para la seguridad de la sociedad.<br \/>\nLa magistrado en este caso si acogi\u00f3 la solicitud del Ministerio P\u00fablico y envi\u00f3 a la c\u00e1rcel al \u2018Mono Tit\u00ed\u2019 por los dos meses que durar\u00e1 la investigaci\u00f3n.<\/p>\n<p><strong>ROBO DE LA BICICLETA.<\/strong><br \/>\nEn diligencias posteriores efectuadas por la SIP, se pudo establecer que la bicicleta Trek modelo Alfa en la circulaba el \u2018Mono Tit\u00ed\u2019 y cuyo due\u00f1o avalu\u00f3 supera los $ 350.000, hab\u00eda sido robada en horas de la misma madrugada desde un domicilio en la villa Trasandino.<br \/>\nLos ladrones escalaron el cierre perimetral del inmueble para acceder al patio y sustraer el veh\u00edculo, por lo que se presume que el \u2018Mono Tit\u00ed\u2019 ser\u00eda el autor material de este il\u00edcito.<\/p>\n","protected":false},"excerpt":{"rendered":"<p>Se investiga la participaci\u00f3n de este peligroso antisocial en el robo del veh\u00edculo, ya que dijo que era de un amigo. LOS ANDES.&#8211; En un patrullaje preventivo por el centro de la&#8230;<\/p>\n","protected":false},"author":482,"featured_media":63042,"comment_status":"open","ping_status":"open","sticky":false,"template":"","format":"standard","meta":{"advanced_seo_description":"","jetpack_seo_html_title":"","jetpack_seo_noindex":false,"_jetpack_memberships_contains_paid_content":false,"footnotes":""},"categories":[21],"tags":[],"class_list":["post-63041","post","type-post","status-publish","format-standard","has-post-thumbnail","hentry","category-policial"],"jetpack_featured_media_url":"https:\/\/i0.wp.com\/eltrabajo.cl\/portal\/wp-content\/uploads\/2015\/10\/Mono-Titi.jpg?fit=530%2C349&ssl=1","jetpack_sharing_enabled":true,"jetpack_likes_enabled":true,"jetpack-related-posts":[],"_links":{"self":[{"href":"https:\/\/eltrabajo.cl\/portal\/wp-json\/wp\/v2\/posts\/63041","targetHints":{"allow":["GET"]}}],"collection":[{"href":"https:\/\/eltrabajo.cl\/portal\/wp-json\/wp\/v2\/posts"}],"about":[{"href":"https:\/\/eltrabajo.cl\/portal\/wp-json\/wp\/v2\/types\/post"}],"author":[{"embeddable":true,"href":"https:\/\/eltrabajo.cl\/portal\/wp-json\/wp\/v2\/users\/482"}],"replies":[{"embeddable":true,"href":"https:\/\/eltrabajo.cl\/portal\/wp-json\/wp\/v2\/comments?post=63041"}],"version-history":[{"count":0,"href":"https:\/\/eltrabajo.cl\/portal\/wp-json\/wp\/v2\/posts\/63041\/revisions"}],"wp:featuredmedia":[{"embeddable":true,"href":"https:\/\/eltrabajo.cl\/portal\/wp-json\/wp\/v2\/media\/63042"}],"wp:attachment":[{"href":"https:\/\/eltrabajo.cl\/portal\/wp-json\/wp\/v2\/media?parent=63041"}],"wp:term":[{"taxonomy":"category","embeddable":true,"href":"https:\/\/eltrabajo.cl\/portal\/wp-json\/wp\/v2\/categories?post=63041"},{"taxonomy":"post_tag","embeddable":true,"href":"https:\/\/eltrabajo.cl\/portal\/wp-json\/wp\/v2\/tags?post=63041"}],"curies":[{"name":"wp","href":"https:\/\/api.w.org\/{rel}","templated":true}]}}