{"id":63044,"date":"2015-10-20T09:34:55","date_gmt":"2015-10-20T12:34:55","guid":{"rendered":"http:\/\/www.eltrabajo.cl\/portal\/?p=63044"},"modified":"2015-10-20T09:34:55","modified_gmt":"2015-10-20T12:34:55","slug":"pediatras-se-niegan-atender-turnos-en-urgencias-del-san-camilo","status":"publish","type":"post","link":"https:\/\/eltrabajo.cl\/portal\/pediatras-se-niegan-atender-turnos-en-urgencias-del-san-camilo\/","title":{"rendered":"Pediatras se niegan atender turnos en Urgencias del San Camilo"},"content":{"rendered":"<figure id=\"attachment_63045\" aria-describedby=\"caption-attachment-63045\" style=\"width: 300px\" class=\"wp-caption alignleft\"><a href=\"https:\/\/i0.wp.com\/www.eltrabajo.cl\/portal\/wp-content\/uploads\/2015\/10\/Urgencias33.jpg\"><img data-recalc-dims=\"1\" loading=\"lazy\" decoding=\"async\" class=\"wp-image-63045 size-medium\" src=\"https:\/\/i0.wp.com\/www.eltrabajo.cl\/portal\/wp-content\/uploads\/2015\/10\/Urgencias33-300x198.jpg?resize=300%2C198\" alt=\"SIN PEDIATRAS.- As\u00ed luc\u00eda la sala de Urgencias durante la ma\u00f1ana de este lunes en el Hospital San Camilo.\" width=\"300\" height=\"198\" srcset=\"https:\/\/i0.wp.com\/eltrabajo.cl\/portal\/wp-content\/uploads\/2015\/10\/Urgencias33.jpg?resize=300%2C198&amp;ssl=1 300w, https:\/\/i0.wp.com\/eltrabajo.cl\/portal\/wp-content\/uploads\/2015\/10\/Urgencias33.jpg?resize=200%2C132&amp;ssl=1 200w, https:\/\/i0.wp.com\/eltrabajo.cl\/portal\/wp-content\/uploads\/2015\/10\/Urgencias33.jpg?resize=228%2C150&amp;ssl=1 228w, https:\/\/i0.wp.com\/eltrabajo.cl\/portal\/wp-content\/uploads\/2015\/10\/Urgencias33.jpg?resize=400%2C263&amp;ssl=1 400w, https:\/\/i0.wp.com\/eltrabajo.cl\/portal\/wp-content\/uploads\/2015\/10\/Urgencias33.jpg?w=530&amp;ssl=1 530w\" sizes=\"auto, (max-width: 300px) 100vw, 300px\" \/><\/a><figcaption id=\"caption-attachment-63045\" class=\"wp-caption-text\">SIN PEDIATRAS.- As\u00ed luc\u00eda la sala de Urgencias durante la ma\u00f1ana de este lunes en el Hospital San Camilo.<\/figcaption><\/figure>\n<ul>\n<li><strong>Ni\u00f1os son devueltos regularmente. Hospital asegura que s\u00f3lo atender\u00e1 las \u2018verdaderas\u2019 emergencias.<\/strong><\/li>\n<\/ul>\n<p>Gran malestar y preocupaci\u00f3n es la que muchos usuarios del Servicio de Urgencias del Hospital San Camilo est\u00e1n experimentando desde hace ya varios meses, al menos los que hablaron con Diario El Trabajo la ma\u00f1ana de ayer lunes, aseguran que cuando traen a sus ni\u00f1os con alguna urgencia m\u00e9dica, en ventanilla les indican que no hay pediatras disponibles para atender a sus hijos, lo que genera gran ansiedad en estos usuarios.<\/p>\n<p><strong>LOS RECLAMOS<\/strong><br \/>\nLas quejas puntuales sobre este irregular operativo del centro hospitalario fueron externadas por dos angustiadas madres a nuestro medio.<br \/>\n\u00abMi hija sufre de bronquitis obstructiva desde hace unos cuatro d\u00edas, aqu\u00ed lo que me responden es que eso no es grave, que espere a ser llamada, pero la cuesti\u00f3n es que estoy desesperada con este mal servicio\u00bb, indic\u00f3 Lorena Rivero, vecina de El Totoral.<br \/>\nPor su parte otra usuaria de Urgencias, Gloria Mart\u00ednez, fue clara al se\u00f1alar que \u00abmi hija tiene principios de apendicitis, sub\u00ed a la Direcci\u00f3n del San Camilo para pedir que me la atendieran, de nada sirvi\u00f3, igual a m\u00ed me dijeron que no hay pediatra en Urgencias\u00bb.<\/p>\n<p><strong>SAN CAMILO RESPONDE<\/strong><br \/>\nDiario El Trabajo tambi\u00e9n pidi\u00f3 explicaciones al San Camilo, en un breve comunicado se nos explic\u00f3 la postura del hospital.<br \/>\n\u00abEl Hospital San Camilo a trav\u00e9s de su servicio de Urgencias tiene el deber de prestar atenci\u00f3n m\u00e9dica a los casos de gravedad cl\u00ednica, situaci\u00f3n que nunca ha dejado de prestarse ya que frente a la posible y eventual falta de pediatras, existe un plan de contingencia que consiste en que los menores con cuadros de gravedad, considerados por la categorizaci\u00f3n como C1 o C2, son vistos y tratados por el pediatra que est\u00e1 de turno en la Unidad de Tratamientos Intermedios Pedi\u00e1tricos al interior del recinto. Este plan de contingencia garantiza que ning\u00fan paciente que requiera atenci\u00f3n inmediata se quedar\u00e1 sin ella. Por otra parte, todos aquellos pacientes que no son de gravedad ni urgencia, categorizados como C3, C4 o C5, pueden consultar en los centros preparados para ello, como los Cesfam o el Sapu, ya que su cuadro no requiere ser atendido de inmediato. Cabe destacar, que quien realiza esta categorizaci\u00f3n es un profesional de enfermer\u00eda, capacitado y entrenado para determinar si el paciente requiere o no atenci\u00f3n de urgencia en base a par\u00e1metros de gravedad descritos por expertos a nivel internacional\u00bb.<\/p>\n<p><strong>M\u00c9DICOS SE NIEGAN<\/strong><br \/>\nUn funcionario del Hospital San Camilo habl\u00f3 con nuestro medio, solicit\u00f3 que su identidad no fuera revelada y nos explic\u00f3 las supuestas verdaderas razones de este problema. \u00abEl verdadero problema con los pediatras del San Camilo, y los que laboran en otros centros m\u00e9dicos de la regi\u00f3n, es que ninguno quiere hacer ese turno, pues las valoraciones m\u00e9dicas a los menores las tienen que hacer \u2018a pura vista\u2019, o sea, sin ex\u00e1menes ni instrumentos que den certeza, lo que les genera un alto margen de error, del hospital les llamamos para solicitarles que asuman un rol de trabajo en Urgencias, pero se niegan a trabajar en ese departamento y horarios\u00bb, dijo la fuente.<br \/>\nBien sea que esta fuente tenga raz\u00f3n o no, lo cierto del problema es que de momento los ni\u00f1os sanfelipe\u00f1os tendr\u00e1n que seguir en espera de atenci\u00f3n m\u00e9dica, a menos que sufran una extrema urgencia.<br \/>\n<strong>Roberto Gonz\u00e1lez Short<\/strong><br \/>\n<strong>rgonzalez@eltrabajo.cl<\/strong><\/p>\n<div class=\"tiled-gallery type-rectangular tiled-gallery-unresized\" data-original-width=\"640\" data-carousel-extra='null' itemscope itemtype=\"http:\/\/schema.org\/ImageGallery\" > <div class=\"gallery-row\" style=\"width: 640px; height: 212px;\" data-original-width=\"640\" data-original-height=\"212\" > <div class=\"gallery-group images-1\" style=\"width: 320px; height: 212px;\" data-original-width=\"320\" data-original-height=\"212\" > <div class=\"tiled-gallery-item tiled-gallery-item-large\" itemprop=\"associatedMedia\" itemscope itemtype=\"http:\/\/schema.org\/ImageObject\"> <a href=\"https:\/\/eltrabajo.cl\/portal\/pediatras-se-niegan-atender-turnos-en-urgencias-del-san-camilo\/gloria-martinez\/\" border=\"0\" itemprop=\"url\"> <meta itemprop=\"width\" content=\"316\"> <meta itemprop=\"height\" content=\"208\"> <img decoding=\"async\" class=\"\" data-attachment-id=\"63046\" data-orig-file=\"https:\/\/eltrabajo.cl\/portal\/wp-content\/uploads\/2015\/10\/Gloria-Martinez.jpg\" data-orig-size=\"530,349\" data-comments-opened=\"1\" data-image-meta=\"{&quot;aperture&quot;:&quot;0&quot;,&quot;credit&quot;:&quot;&quot;,&quot;camera&quot;:&quot;&quot;,&quot;caption&quot;:&quot;&quot;,&quot;created_timestamp&quot;:&quot;0&quot;,&quot;copyright&quot;:&quot;&quot;,&quot;focal_length&quot;:&quot;0&quot;,&quot;iso&quot;:&quot;0&quot;,&quot;shutter_speed&quot;:&quot;0&quot;,&quot;title&quot;:&quot;&quot;,&quot;orientation&quot;:&quot;0&quot;}\" data-image-title=\"Gloria Martinez\" data-image-description=\"&lt;p&gt;Gloria Mart\u00ednez, usuaria del San Camilo.&lt;\/p&gt; \" data-medium-file=\"https:\/\/i0.wp.com\/eltrabajo.cl\/portal\/wp-content\/uploads\/2015\/10\/Gloria-Martinez.jpg?fit=300%2C198&#038;ssl=1\" data-large-file=\"https:\/\/i0.wp.com\/eltrabajo.cl\/portal\/wp-content\/uploads\/2015\/10\/Gloria-Martinez.jpg?fit=530%2C349&#038;ssl=1\" src=\"https:\/\/i0.wp.com\/eltrabajo.cl\/portal\/wp-content\/uploads\/2015\/10\/Gloria-Martinez.jpg?w=316&#038;h=208&#038;ssl=1\" srcset=\"https:\/\/i0.wp.com\/eltrabajo.cl\/portal\/wp-content\/uploads\/2015\/10\/Gloria-Martinez.jpg?w=530&amp;ssl=1 530w, https:\/\/i0.wp.com\/eltrabajo.cl\/portal\/wp-content\/uploads\/2015\/10\/Gloria-Martinez.jpg?resize=200%2C132&amp;ssl=1 200w, https:\/\/i0.wp.com\/eltrabajo.cl\/portal\/wp-content\/uploads\/2015\/10\/Gloria-Martinez.jpg?resize=300%2C198&amp;ssl=1 300w, https:\/\/i0.wp.com\/eltrabajo.cl\/portal\/wp-content\/uploads\/2015\/10\/Gloria-Martinez.jpg?resize=228%2C150&amp;ssl=1 228w, https:\/\/i0.wp.com\/eltrabajo.cl\/portal\/wp-content\/uploads\/2015\/10\/Gloria-Martinez.jpg?resize=400%2C263&amp;ssl=1 400w\" width=\"316\" height=\"208\" loading=\"lazy\" data-original-width=\"316\" data-original-height=\"208\" itemprop=\"http:\/\/schema.org\/image\" title=\"Gloria Martinez\" alt=\"Gloria Mart\u00ednez, usuaria del San Camilo.\" style=\"width: 316px; height: 208px;\" \/> <\/a> <div class=\"tiled-gallery-caption\" itemprop=\"caption description\"> Gloria Mart\u00ednez, usuaria del San Camilo. <\/div> <\/div> <\/div> <!-- close group --> <div class=\"gallery-group images-1\" style=\"width: 320px; height: 212px;\" data-original-width=\"320\" data-original-height=\"212\" > <div class=\"tiled-gallery-item tiled-gallery-item-large\" itemprop=\"associatedMedia\" itemscope itemtype=\"http:\/\/schema.org\/ImageObject\"> <a href=\"https:\/\/eltrabajo.cl\/portal\/pediatras-se-niegan-atender-turnos-en-urgencias-del-san-camilo\/lorena-rivero\/\" border=\"0\" itemprop=\"url\"> <meta itemprop=\"width\" content=\"316\"> <meta itemprop=\"height\" content=\"208\"> <img decoding=\"async\" class=\"\" data-attachment-id=\"63047\" data-orig-file=\"https:\/\/eltrabajo.cl\/portal\/wp-content\/uploads\/2015\/10\/Lorena-Rivero.jpg\" data-orig-size=\"530,349\" data-comments-opened=\"1\" data-image-meta=\"{&quot;aperture&quot;:&quot;0&quot;,&quot;credit&quot;:&quot;&quot;,&quot;camera&quot;:&quot;&quot;,&quot;caption&quot;:&quot;&quot;,&quot;created_timestamp&quot;:&quot;0&quot;,&quot;copyright&quot;:&quot;&quot;,&quot;focal_length&quot;:&quot;0&quot;,&quot;iso&quot;:&quot;0&quot;,&quot;shutter_speed&quot;:&quot;0&quot;,&quot;title&quot;:&quot;&quot;,&quot;orientation&quot;:&quot;0&quot;}\" data-image-title=\"Lorena Rivero\" data-image-description=\"&lt;p&gt;Lorena Rivero, vecina de El Totoral.&lt;\/p&gt; \" data-medium-file=\"https:\/\/i0.wp.com\/eltrabajo.cl\/portal\/wp-content\/uploads\/2015\/10\/Lorena-Rivero.jpg?fit=300%2C198&#038;ssl=1\" data-large-file=\"https:\/\/i0.wp.com\/eltrabajo.cl\/portal\/wp-content\/uploads\/2015\/10\/Lorena-Rivero.jpg?fit=530%2C349&#038;ssl=1\" src=\"https:\/\/i0.wp.com\/eltrabajo.cl\/portal\/wp-content\/uploads\/2015\/10\/Lorena-Rivero.jpg?w=316&#038;h=208&#038;ssl=1\" srcset=\"https:\/\/i0.wp.com\/eltrabajo.cl\/portal\/wp-content\/uploads\/2015\/10\/Lorena-Rivero.jpg?w=530&amp;ssl=1 530w, https:\/\/i0.wp.com\/eltrabajo.cl\/portal\/wp-content\/uploads\/2015\/10\/Lorena-Rivero.jpg?resize=200%2C132&amp;ssl=1 200w, https:\/\/i0.wp.com\/eltrabajo.cl\/portal\/wp-content\/uploads\/2015\/10\/Lorena-Rivero.jpg?resize=300%2C198&amp;ssl=1 300w, https:\/\/i0.wp.com\/eltrabajo.cl\/portal\/wp-content\/uploads\/2015\/10\/Lorena-Rivero.jpg?resize=228%2C150&amp;ssl=1 228w, https:\/\/i0.wp.com\/eltrabajo.cl\/portal\/wp-content\/uploads\/2015\/10\/Lorena-Rivero.jpg?resize=400%2C263&amp;ssl=1 400w\" width=\"316\" height=\"208\" loading=\"lazy\" data-original-width=\"316\" data-original-height=\"208\" itemprop=\"http:\/\/schema.org\/image\" title=\"Lorena Rivero\" alt=\"Lorena Rivero, vecina de El Totoral.\" style=\"width: 316px; height: 208px;\" \/> <\/a> <div class=\"tiled-gallery-caption\" itemprop=\"caption description\"> Lorena Rivero, vecina de El Totoral. <\/div> <\/div> <\/div> <!-- close group --> <\/div> <!-- close row --> <\/div>\n","protected":false},"excerpt":{"rendered":"<p>Ni\u00f1os son devueltos regularmente. Hospital asegura que s\u00f3lo atender\u00e1 las \u2018verdaderas\u2019 emergencias. Gran malestar y preocupaci\u00f3n es la que muchos usuarios del Servicio de Urgencias del Hospital San Camilo est\u00e1n experimentando desde&#8230;<\/p>\n","protected":false},"author":482,"featured_media":63045,"comment_status":"open","ping_status":"open","sticky":false,"template":"","format":"standard","meta":{"advanced_seo_description":"","jetpack_seo_html_title":"","jetpack_seo_noindex":false,"_jetpack_memberships_contains_paid_content":false,"footnotes":""},"categories":[1],"tags":[],"class_list":["post-63044","post","type-post","status-publish","format-standard","has-post-thumbnail","hentry","category-cronica"],"jetpack_featured_media_url":"https:\/\/i0.wp.com\/eltrabajo.cl\/portal\/wp-content\/uploads\/2015\/10\/Urgencias33.jpg?fit=530%2C349&ssl=1","jetpack_sharing_enabled":true,"jetpack_likes_enabled":true,"jetpack-related-posts":[],"_links":{"self":[{"href":"https:\/\/eltrabajo.cl\/portal\/wp-json\/wp\/v2\/posts\/63044","targetHints":{"allow":["GET"]}}],"collection":[{"href":"https:\/\/eltrabajo.cl\/portal\/wp-json\/wp\/v2\/posts"}],"about":[{"href":"https:\/\/eltrabajo.cl\/portal\/wp-json\/wp\/v2\/types\/post"}],"author":[{"embeddable":true,"href":"https:\/\/eltrabajo.cl\/portal\/wp-json\/wp\/v2\/users\/482"}],"replies":[{"embeddable":true,"href":"https:\/\/eltrabajo.cl\/portal\/wp-json\/wp\/v2\/comments?post=63044"}],"version-history":[{"count":0,"href":"https:\/\/eltrabajo.cl\/portal\/wp-json\/wp\/v2\/posts\/63044\/revisions"}],"wp:featuredmedia":[{"embeddable":true,"href":"https:\/\/eltrabajo.cl\/portal\/wp-json\/wp\/v2\/media\/63045"}],"wp:attachment":[{"href":"https:\/\/eltrabajo.cl\/portal\/wp-json\/wp\/v2\/media?parent=63044"}],"wp:term":[{"taxonomy":"category","embeddable":true,"href":"https:\/\/eltrabajo.cl\/portal\/wp-json\/wp\/v2\/categories?post=63044"},{"taxonomy":"post_tag","embeddable":true,"href":"https:\/\/eltrabajo.cl\/portal\/wp-json\/wp\/v2\/tags?post=63044"}],"curies":[{"name":"wp","href":"https:\/\/api.w.org\/{rel}","templated":true}]}}