{"id":63049,"date":"2015-10-20T09:37:31","date_gmt":"2015-10-20T12:37:31","guid":{"rendered":"http:\/\/www.eltrabajo.cl\/portal\/?p=63049"},"modified":"2015-10-20T09:37:31","modified_gmt":"2015-10-20T12:37:31","slug":"jueces-liberan-a-profesor-que-abuso-sexualmente-de-cinco-alumnos","status":"publish","type":"post","link":"https:\/\/eltrabajo.cl\/portal\/jueces-liberan-a-profesor-que-abuso-sexualmente-de-cinco-alumnos\/","title":{"rendered":"Jueces liberan a profesor que abus\u00f3 sexualmente de cinco alumnos"},"content":{"rendered":"<figure id=\"attachment_63050\" aria-describedby=\"caption-attachment-63050\" style=\"width: 300px\" class=\"wp-caption alignleft\"><a href=\"https:\/\/i0.wp.com\/www.eltrabajo.cl\/portal\/wp-content\/uploads\/2015\/10\/ABUSOS-SEXUALES.jpg\"><img data-recalc-dims=\"1\" loading=\"lazy\" decoding=\"async\" class=\"wp-image-63050 size-medium\" src=\"https:\/\/i0.wp.com\/www.eltrabajo.cl\/portal\/wp-content\/uploads\/2015\/10\/ABUSOS-SEXUALES-300x198.jpg?resize=300%2C198\" alt=\"Los alumnos fueron abusados sexualmente por su profesor de educaci\u00f3n f\u00edsica en los momentos en que se encontraban al interior de la Escuela Mateo Cokljat de Tierras Blancas de San Felipe. (Foto Referencial).\" width=\"300\" height=\"198\" srcset=\"https:\/\/i0.wp.com\/eltrabajo.cl\/portal\/wp-content\/uploads\/2015\/10\/ABUSOS-SEXUALES.jpg?resize=300%2C198&amp;ssl=1 300w, https:\/\/i0.wp.com\/eltrabajo.cl\/portal\/wp-content\/uploads\/2015\/10\/ABUSOS-SEXUALES.jpg?resize=200%2C132&amp;ssl=1 200w, https:\/\/i0.wp.com\/eltrabajo.cl\/portal\/wp-content\/uploads\/2015\/10\/ABUSOS-SEXUALES.jpg?resize=227%2C150&amp;ssl=1 227w, https:\/\/i0.wp.com\/eltrabajo.cl\/portal\/wp-content\/uploads\/2015\/10\/ABUSOS-SEXUALES.jpg?resize=400%2C264&amp;ssl=1 400w, https:\/\/i0.wp.com\/eltrabajo.cl\/portal\/wp-content\/uploads\/2015\/10\/ABUSOS-SEXUALES.jpg?w=530&amp;ssl=1 530w\" sizes=\"auto, (max-width: 300px) 100vw, 300px\" \/><\/a><figcaption id=\"caption-attachment-63050\" class=\"wp-caption-text\">Los alumnos fueron abusados sexualmente por su profesor de educaci\u00f3n f\u00edsica en los momentos en que se encontraban al interior de la Escuela Mateo Cokljat de Tierras Blancas de San Felipe. (Foto Referencial).<\/figcaption><\/figure>\n<ul>\n<li><strong>Tras permanecer privado de libertad desde el mes de abril del 2014, el profesor de educaci\u00f3n f\u00edsica Luis Emilio Jaquez Espinoza, saldr\u00e1 de la c\u00e1rcel pese a los reiterados abusos en contra de cinco menores de edad de la escuela rural de Tierras Blancas de San Felipe.<\/strong><\/li>\n<\/ul>\n<p>Con el beneficio de libertad vigilada por un plazo de 5 a\u00f1os fue la exigua condena impuesta por los jueces del Tribunal Oral en Lo Penal de San Felipe, al profesor de educaci\u00f3n f\u00edsica Luis Emilio Jaquez Espinoza, quien pese a haber sido inculpado de abuso sexual impropio a cinco de sus alumnos de quinto y sexto b\u00e1sico de la Escuela Mateo Cokljat Knezic, saldr\u00e1 de la c\u00e1rcel tras haber permanecido 566 d\u00edas en prisi\u00f3n preventiva.<br \/>\nSu intachable conducta anterior y la colaboraci\u00f3n sustancial en la investigaci\u00f3n que encabez\u00f3 la Fiscal\u00eda de San Felipe, ser\u00edan motivo de la rebaja de condena que lo eximir\u00eda de haber cumplido un ejemplar castigo de 15 a\u00f1os que persegu\u00eda la Fiscal\u00eda.<br \/>\nEn la lectura de sentencia realizada el d\u00eda de ayer lunes a las 16:00 horas, el Tribunal neg\u00f3 tomar fotograf\u00edas al imputado por parte de Diario El Trabajo, pese a los permisos requeridos con anterioridad.<br \/>\nLuis Emilio Jaquez Espinoza ingres\u00f3 al Tribunal custodiado de pies y manos para escuchar su sentencia, junto con el ingreso de familiares y cercanos al profesor.<br \/>\nEl fallo judicial detalla que se condena a Jaquez Espinoza a cumplir la pena \u00fanica de 5 a\u00f1os de presidio menor en su grado m\u00e1ximo por abuso sexual impropio y la inhabilitaci\u00f3n absoluta y perpetua para cargos o empleos relacionados con el \u00e1mbito pol\u00edtico y educacional o que involucre sujeci\u00f3n de menores de edad. El tribunal prohibi\u00f3 al sentenciado acercarse a las v\u00edctimas en los lugares donde \u00e9stos se encuentren en establecimientos educacionales o sus respectivos domicilios.<\/p>\n<p><strong>LIBERTAD VIGILADA<\/strong><br \/>\nAl concederse el beneficio de libertad vigilada por un plazo de 5 a\u00f1os, quedar\u00e1 sujeto a Gendarmer\u00eda de Chile, debiendo cumplir las exigencias que estas garant\u00edas exigen, debiendo informar cada tres meses a Carabineros la direcci\u00f3n de su domicilio, con la prohibici\u00f3n de salir del pa\u00eds.<br \/>\nComo se recordar\u00e1, el caso se enmarc\u00f3 en las denuncias de los siete escolares afectados en d\u00edas no determinados en los a\u00f1os 2011 y 2012, en circunstancias que los alumnos, mientras se encontraban al interior de dicha escuela municipal ubicada en Tierras Blancas de San Felipe, espec\u00edficamente en clases de Educaci\u00f3n F\u00edsica y Atletismo, Luis Jaquez Espinoza confes\u00f3 haber trasladado a los menores hasta una bodega de materiales, aduciendo que de acuerdo a las asignaturas deb\u00eda examinar el cuerpo de los ni\u00f1os y cometer los abusos sexuales.<br \/>\nPese a que en primera instancia fueron siete casos de alumnos vulnerados en la esfera de su sexualidad, el Tribunal Oral absolvi\u00f3 de cargos de abuso sexual en contra de dos de estos ni\u00f1os, condenando los cinco restantes que en algunos de estos casos fueron de manera reiterada.<br \/>\nEn aquella oportunidad los apoderados, al enterarse de estas conductas impropias hacia los alumnos, realizaron las correspondientes denuncias a la direcci\u00f3n del establecimiento educacional, circunstancia en que la Daem de San Felipe orden\u00f3 separar de sus funciones al profesor Luis Jaquez Espinoza, iniciando un proceso de sumario.<br \/>\nEn el mes de abril de 2014, cuando la Fiscal\u00eda de San Felipe cit\u00f3 al docente para ser formalizado de los cargos de abuso sexual impropio, requiri\u00f3 ante el Tribunal de Garant\u00eda la cautelar de prisi\u00f3n preventiva, medida que cumpli\u00f3 desde esa fecha hasta el d\u00eda de ayer, permaneciendo recluido en el Centro de Cumplimiento Penitenciario de Valpara\u00edso.<br \/>\nEl Ministerio P\u00fablico mantiene diez d\u00edas para estudiar detalladamente el dictamen judicial para presentar eventualmente un recurso de nulidad del juicio.<br \/>\n<strong>Pablo Salinas Sald\u00edas<\/strong><\/p>\n","protected":false},"excerpt":{"rendered":"<p>Tras permanecer privado de libertad desde el mes de abril del 2014, el profesor de educaci\u00f3n f\u00edsica Luis Emilio Jaquez Espinoza, saldr\u00e1 de la c\u00e1rcel pese a los reiterados abusos en contra&#8230;<\/p>\n","protected":false},"author":482,"featured_media":63050,"comment_status":"open","ping_status":"open","sticky":false,"template":"","format":"standard","meta":{"advanced_seo_description":"","jetpack_seo_html_title":"","jetpack_seo_noindex":false,"_jetpack_memberships_contains_paid_content":false,"footnotes":""},"categories":[21],"tags":[],"class_list":["post-63049","post","type-post","status-publish","format-standard","has-post-thumbnail","hentry","category-policial"],"jetpack_featured_media_url":"https:\/\/i0.wp.com\/eltrabajo.cl\/portal\/wp-content\/uploads\/2015\/10\/ABUSOS-SEXUALES.jpg?fit=530%2C350&ssl=1","jetpack_sharing_enabled":true,"jetpack_likes_enabled":true,"jetpack-related-posts":[],"_links":{"self":[{"href":"https:\/\/eltrabajo.cl\/portal\/wp-json\/wp\/v2\/posts\/63049","targetHints":{"allow":["GET"]}}],"collection":[{"href":"https:\/\/eltrabajo.cl\/portal\/wp-json\/wp\/v2\/posts"}],"about":[{"href":"https:\/\/eltrabajo.cl\/portal\/wp-json\/wp\/v2\/types\/post"}],"author":[{"embeddable":true,"href":"https:\/\/eltrabajo.cl\/portal\/wp-json\/wp\/v2\/users\/482"}],"replies":[{"embeddable":true,"href":"https:\/\/eltrabajo.cl\/portal\/wp-json\/wp\/v2\/comments?post=63049"}],"version-history":[{"count":0,"href":"https:\/\/eltrabajo.cl\/portal\/wp-json\/wp\/v2\/posts\/63049\/revisions"}],"wp:featuredmedia":[{"embeddable":true,"href":"https:\/\/eltrabajo.cl\/portal\/wp-json\/wp\/v2\/media\/63050"}],"wp:attachment":[{"href":"https:\/\/eltrabajo.cl\/portal\/wp-json\/wp\/v2\/media?parent=63049"}],"wp:term":[{"taxonomy":"category","embeddable":true,"href":"https:\/\/eltrabajo.cl\/portal\/wp-json\/wp\/v2\/categories?post=63049"},{"taxonomy":"post_tag","embeddable":true,"href":"https:\/\/eltrabajo.cl\/portal\/wp-json\/wp\/v2\/tags?post=63049"}],"curies":[{"name":"wp","href":"https:\/\/api.w.org\/{rel}","templated":true}]}}