{"id":63052,"date":"2015-10-21T09:16:17","date_gmt":"2015-10-21T12:16:17","guid":{"rendered":"http:\/\/www.eltrabajo.cl\/portal\/?p=63052"},"modified":"2015-10-21T09:16:17","modified_gmt":"2015-10-21T12:16:17","slug":"premian-a-la-biblioteca-publica-de-llay-llay-por-cumplimiento-de-metas","status":"publish","type":"post","link":"https:\/\/eltrabajo.cl\/portal\/premian-a-la-biblioteca-publica-de-llay-llay-por-cumplimiento-de-metas\/","title":{"rendered":"Premian a la biblioteca p\u00fablica de Llay Llay por cumplimiento de metas"},"content":{"rendered":"<figure id=\"attachment_63053\" aria-describedby=\"caption-attachment-63053\" style=\"width: 300px\" class=\"wp-caption alignleft\"><a href=\"https:\/\/i0.wp.com\/www.eltrabajo.cl\/portal\/wp-content\/uploads\/2015\/10\/MELANIA-ROJAS-Y-GLORIA-CAMPOS.jpg\"><img data-recalc-dims=\"1\" loading=\"lazy\" decoding=\"async\" class=\"wp-image-63053 size-medium\" src=\"https:\/\/i0.wp.com\/www.eltrabajo.cl\/portal\/wp-content\/uploads\/2015\/10\/MELANIA-ROJAS-Y-GLORIA-CAMPOS-300x197.jpg?resize=300%2C197\" alt=\"La encargada del programa Biblioredes, Melania Rojas y la jefa de la Biblioteca, Gloria Campos.\" width=\"300\" height=\"197\" srcset=\"https:\/\/i0.wp.com\/eltrabajo.cl\/portal\/wp-content\/uploads\/2015\/10\/MELANIA-ROJAS-Y-GLORIA-CAMPOS.jpg?resize=300%2C197&amp;ssl=1 300w, https:\/\/i0.wp.com\/eltrabajo.cl\/portal\/wp-content\/uploads\/2015\/10\/MELANIA-ROJAS-Y-GLORIA-CAMPOS.jpg?resize=200%2C131&amp;ssl=1 200w, https:\/\/i0.wp.com\/eltrabajo.cl\/portal\/wp-content\/uploads\/2015\/10\/MELANIA-ROJAS-Y-GLORIA-CAMPOS.jpg?resize=228%2C150&amp;ssl=1 228w, https:\/\/i0.wp.com\/eltrabajo.cl\/portal\/wp-content\/uploads\/2015\/10\/MELANIA-ROJAS-Y-GLORIA-CAMPOS.jpg?resize=400%2C263&amp;ssl=1 400w, https:\/\/i0.wp.com\/eltrabajo.cl\/portal\/wp-content\/uploads\/2015\/10\/MELANIA-ROJAS-Y-GLORIA-CAMPOS.jpg?w=530&amp;ssl=1 530w\" sizes=\"auto, (max-width: 300px) 100vw, 300px\" \/><\/a><figcaption id=\"caption-attachment-63053\" class=\"wp-caption-text\">La encargada del programa Biblioredes, Melania Rojas y la jefa de la Biblioteca, Gloria Campos.<\/figcaption><\/figure>\n<p><strong>LLAY LLAY.<\/strong>&#8211; Nuevamente la Biblioteca P\u00fablica N\u00b0 87 de Llay Llay volvi\u00f3 a ser la \u2018number one\u2019 del ranking nacional y regional 2014, que entrega la Dibam y su programa Biblioredes. Todos los incentivos obtenidos, son por cumplimiento de metas. Reconocimiento que tiene muy contentas a la jefa de la Biblioteca, Gloria Campos y a la encargada del Programa Biblioredes, Melania Rojas quienes manifiestan \u201cque gran parte del aporte al desarrollo cultural de la comunidad se basa en la consolidaci\u00f3n de contenidos locales\u201d.<br \/>\nLa carta dirigida al alcalde Mario Marillanca, por el coordinador Nacional del Programa Biblioredes Alberto Gil Laja\u00f1a, de fecha septiembre de 2015, dice que durante el a\u00f1o 2014 \u201cproducto del compromiso del personal de la Biblioteca (\u2026.) ha sido posible disminuir la brecha digital en la comuna\u201d, lo que se traduce en estad\u00edsticas que superan hasta en un 200 % las metas establecidas por la Direcci\u00f3n de Bibliotecas Archivos y Museos: registrando 254 nuevos usuarios, 184 capacitaciones realizadas, la creaci\u00f3n de cinco contenidos locales y; 2.919 sesiones de acceso a internet.<br \/>\n\u201cEste reconocimiento, nos incentiva a seguir trabajando para superar nuestras metas, con miras a 2016\u201d, dice la jefa de la Biblioteca, Gloria Campos.<br \/>\nGran parte del \u00e9xito que obtienen a\u00f1o a a\u00f1o, suma al trabajo que realizan met\u00f3dicamente, el trato hacia los usuarios basado en la afabilidad y empat\u00eda.<br \/>\nEn m\u00e9rito a todos los logros obtenidos, la Dibam entrega dos incentivos a las funcionarias. El primero es una invitaci\u00f3n al \u2018IV Seminario Internacional de Bibliotecas P\u00fablicas\u2019, entre los d\u00edas 20 a 22 de octubre, con todos los gastos pagados. El segundo, es una pasant\u00eda en la Biblioteca Nacional de Santiago.<br \/>\n<strong>Marianela Quevedo<\/strong><\/p>\n","protected":false},"excerpt":{"rendered":"<p>LLAY LLAY.&#8211; Nuevamente la Biblioteca P\u00fablica N\u00b0 87 de Llay Llay volvi\u00f3 a ser la \u2018number one\u2019 del ranking nacional y regional 2014, que entrega la Dibam y su programa Biblioredes. Todos&#8230;<\/p>\n","protected":false},"author":482,"featured_media":63053,"comment_status":"open","ping_status":"open","sticky":false,"template":"","format":"standard","meta":{"advanced_seo_description":"","jetpack_seo_html_title":"","jetpack_seo_noindex":false,"_jetpack_memberships_contains_paid_content":false,"footnotes":""},"categories":[1],"tags":[],"class_list":["post-63052","post","type-post","status-publish","format-standard","has-post-thumbnail","hentry","category-cronica"],"jetpack_featured_media_url":"https:\/\/i0.wp.com\/eltrabajo.cl\/portal\/wp-content\/uploads\/2015\/10\/MELANIA-ROJAS-Y-GLORIA-CAMPOS.jpg?fit=530%2C348&ssl=1","jetpack_sharing_enabled":true,"jetpack_likes_enabled":true,"jetpack-related-posts":[],"_links":{"self":[{"href":"https:\/\/eltrabajo.cl\/portal\/wp-json\/wp\/v2\/posts\/63052","targetHints":{"allow":["GET"]}}],"collection":[{"href":"https:\/\/eltrabajo.cl\/portal\/wp-json\/wp\/v2\/posts"}],"about":[{"href":"https:\/\/eltrabajo.cl\/portal\/wp-json\/wp\/v2\/types\/post"}],"author":[{"embeddable":true,"href":"https:\/\/eltrabajo.cl\/portal\/wp-json\/wp\/v2\/users\/482"}],"replies":[{"embeddable":true,"href":"https:\/\/eltrabajo.cl\/portal\/wp-json\/wp\/v2\/comments?post=63052"}],"version-history":[{"count":0,"href":"https:\/\/eltrabajo.cl\/portal\/wp-json\/wp\/v2\/posts\/63052\/revisions"}],"wp:featuredmedia":[{"embeddable":true,"href":"https:\/\/eltrabajo.cl\/portal\/wp-json\/wp\/v2\/media\/63053"}],"wp:attachment":[{"href":"https:\/\/eltrabajo.cl\/portal\/wp-json\/wp\/v2\/media?parent=63052"}],"wp:term":[{"taxonomy":"category","embeddable":true,"href":"https:\/\/eltrabajo.cl\/portal\/wp-json\/wp\/v2\/categories?post=63052"},{"taxonomy":"post_tag","embeddable":true,"href":"https:\/\/eltrabajo.cl\/portal\/wp-json\/wp\/v2\/tags?post=63052"}],"curies":[{"name":"wp","href":"https:\/\/api.w.org\/{rel}","templated":true}]}}