{"id":63055,"date":"2015-10-21T09:17:46","date_gmt":"2015-10-21T12:17:46","guid":{"rendered":"http:\/\/www.eltrabajo.cl\/portal\/?p=63055"},"modified":"2015-10-21T09:17:46","modified_gmt":"2015-10-21T12:17:46","slug":"efectuan-charla-para-adultos-mayores-sobre-seguridad-publica","status":"publish","type":"post","link":"https:\/\/eltrabajo.cl\/portal\/efectuan-charla-para-adultos-mayores-sobre-seguridad-publica\/","title":{"rendered":"Efect\u00faan charla para adultos mayores sobre seguridad p\u00fablica"},"content":{"rendered":"<figure id=\"attachment_63056\" aria-describedby=\"caption-attachment-63056\" style=\"width: 300px\" class=\"wp-caption alignleft\"><a href=\"https:\/\/i0.wp.com\/www.eltrabajo.cl\/portal\/wp-content\/uploads\/2015\/10\/Charla-adultos-mayores-3.jpg\"><img data-recalc-dims=\"1\" loading=\"lazy\" decoding=\"async\" class=\"wp-image-63056 size-medium\" src=\"https:\/\/i0.wp.com\/www.eltrabajo.cl\/portal\/wp-content\/uploads\/2015\/10\/Charla-adultos-mayores-3-300x198.jpg?resize=300%2C198\" alt=\"Adultos mayores de San Esteban asistieron a un encuentro participativo relacionado con la seguridad p\u00fablica y prevenci\u00f3n de delitos en las personas mayores.\" width=\"300\" height=\"198\" srcset=\"https:\/\/i0.wp.com\/eltrabajo.cl\/portal\/wp-content\/uploads\/2015\/10\/Charla-adultos-mayores-3.jpg?resize=300%2C198&amp;ssl=1 300w, https:\/\/i0.wp.com\/eltrabajo.cl\/portal\/wp-content\/uploads\/2015\/10\/Charla-adultos-mayores-3.jpg?resize=200%2C132&amp;ssl=1 200w, https:\/\/i0.wp.com\/eltrabajo.cl\/portal\/wp-content\/uploads\/2015\/10\/Charla-adultos-mayores-3.jpg?resize=228%2C150&amp;ssl=1 228w, https:\/\/i0.wp.com\/eltrabajo.cl\/portal\/wp-content\/uploads\/2015\/10\/Charla-adultos-mayores-3.jpg?resize=400%2C263&amp;ssl=1 400w, https:\/\/i0.wp.com\/eltrabajo.cl\/portal\/wp-content\/uploads\/2015\/10\/Charla-adultos-mayores-3.jpg?w=530&amp;ssl=1 530w\" sizes=\"auto, (max-width: 300px) 100vw, 300px\" \/><\/a><figcaption id=\"caption-attachment-63056\" class=\"wp-caption-text\">Adultos mayores de San Esteban asistieron a un encuentro participativo relacionado con la seguridad p\u00fablica y prevenci\u00f3n de delitos en las personas mayores.<\/figcaption><\/figure>\n<p><strong>LOS ANDES.<\/strong>&#8211; Adultos mayores de la comuna de San Esteban se reunieron en la Gobernaci\u00f3n Provincial de Los Andes para asistir a un encuentro participativo relacionado con la seguridad p\u00fablica y prevenci\u00f3n de delitos en las personas mayores en el marco de su mes. Tambi\u00e9n estuvieron presentes durante la jornada la gobernadora provincial Mar\u00eda Victoria Rodr\u00edguez, la coordinadora regional (s) de Seguridad P\u00fablica, Karin Silva y el abogado de la Gobernaci\u00f3n Provincial, Iv\u00e1n Inostroza, adem\u00e1s de representantes de la Polic\u00eda de Investigaciones.<br \/>\nOrganizada por la Coordinaci\u00f3n Regional de Seguridad P\u00fablica y la Gobernaci\u00f3n Provincial de Los Andes, la instancia abord\u00f3 distintas tem\u00e1ticas ligadas al desarrollo de campa\u00f1as sobre el Plan Nacional de Seguridad P\u00fablica, tales como la prevenci\u00f3n de robos, autocuidado, respeto en la sociedad, temas contractuales y evitar situaciones conflictivas, con el fin de dotar de herramientas en materia de seguridad.<br \/>\nLa gobernadora de Los Andes, Mar\u00eda Victoria Rodr\u00edguez, se\u00f1al\u00f3 que \u201c\u00e9sta iniciativa es parte de un mandato de nuestra Presidenta Michelle Bachelet para proteger, cuidar y respetar a nuestros adultos mayores, brind\u00e1ndoles seguridad en sus quehaceres diarios. Es por ello que valoro la presencia del equipo profesional de la Coordinaci\u00f3n Regional de Seguridad P\u00fablica, quienes est\u00e1n aportando con herramientas necesarias para que los adultos mayores puedan enfrentarse a diferentes tipos de situaciones\u201d.<br \/>\nPor su parte, el presidente de la Uni\u00f3n Comunal de Clubes de Adultos Mayores (UCAM) de la comuna de San Esteban, Manuel Mart\u00ednez, destac\u00f3 la actividad y precis\u00f3 que \u201clos adultos mayores debemos protegernos ante situaciones complicadas, por lo que es bueno y valorable que se realicen este tipo de iniciativas que fomenten la seguridad entre nosotros\u201d.<br \/>\nDesde la Coordinaci\u00f3n Regional de Seguridad P\u00fablica manifestaron la importancia de dar a conocer a la comunidad y, en este caso, a los adultos mayores, el Plan Nacional de Seguridad P\u00fablica, eje principal del Gobierno de la Presidenta Michelle Bachelet, y que busca mitigar la sensaci\u00f3n de inseguridad en la poblaci\u00f3n y acabar con la delincuencia.<br \/>\nLas autoridades, en tanto, insistieron en que la seguridad p\u00fablica tiene que ser el resultado de la coordinaci\u00f3n y el trabajo conjunto entre las autoridades, las polic\u00edas y las organizaciones sociales, tal como lo ha manifestado la Presidenta Michelle Bachelet.<\/p>\n","protected":false},"excerpt":{"rendered":"<p>LOS ANDES.&#8211; Adultos mayores de la comuna de San Esteban se reunieron en la Gobernaci\u00f3n Provincial de Los Andes para asistir a un encuentro participativo relacionado con la seguridad p\u00fablica y prevenci\u00f3n&#8230;<\/p>\n","protected":false},"author":482,"featured_media":63056,"comment_status":"open","ping_status":"open","sticky":false,"template":"","format":"standard","meta":{"advanced_seo_description":"","jetpack_seo_html_title":"","jetpack_seo_noindex":false,"_jetpack_memberships_contains_paid_content":false,"footnotes":""},"categories":[1],"tags":[],"class_list":["post-63055","post","type-post","status-publish","format-standard","has-post-thumbnail","hentry","category-cronica"],"jetpack_featured_media_url":"https:\/\/i0.wp.com\/eltrabajo.cl\/portal\/wp-content\/uploads\/2015\/10\/Charla-adultos-mayores-3.jpg?fit=530%2C349&ssl=1","jetpack_sharing_enabled":true,"jetpack_likes_enabled":true,"jetpack-related-posts":[],"_links":{"self":[{"href":"https:\/\/eltrabajo.cl\/portal\/wp-json\/wp\/v2\/posts\/63055","targetHints":{"allow":["GET"]}}],"collection":[{"href":"https:\/\/eltrabajo.cl\/portal\/wp-json\/wp\/v2\/posts"}],"about":[{"href":"https:\/\/eltrabajo.cl\/portal\/wp-json\/wp\/v2\/types\/post"}],"author":[{"embeddable":true,"href":"https:\/\/eltrabajo.cl\/portal\/wp-json\/wp\/v2\/users\/482"}],"replies":[{"embeddable":true,"href":"https:\/\/eltrabajo.cl\/portal\/wp-json\/wp\/v2\/comments?post=63055"}],"version-history":[{"count":0,"href":"https:\/\/eltrabajo.cl\/portal\/wp-json\/wp\/v2\/posts\/63055\/revisions"}],"wp:featuredmedia":[{"embeddable":true,"href":"https:\/\/eltrabajo.cl\/portal\/wp-json\/wp\/v2\/media\/63056"}],"wp:attachment":[{"href":"https:\/\/eltrabajo.cl\/portal\/wp-json\/wp\/v2\/media?parent=63055"}],"wp:term":[{"taxonomy":"category","embeddable":true,"href":"https:\/\/eltrabajo.cl\/portal\/wp-json\/wp\/v2\/categories?post=63055"},{"taxonomy":"post_tag","embeddable":true,"href":"https:\/\/eltrabajo.cl\/portal\/wp-json\/wp\/v2\/tags?post=63055"}],"curies":[{"name":"wp","href":"https:\/\/api.w.org\/{rel}","templated":true}]}}