{"id":63061,"date":"2015-10-21T09:20:50","date_gmt":"2015-10-21T12:20:50","guid":{"rendered":"http:\/\/www.eltrabajo.cl\/portal\/?p=63061"},"modified":"2015-10-21T09:20:50","modified_gmt":"2015-10-21T12:20:50","slug":"mas-de-cien-escolares-del-valle-de-aconcagua-participaran-de-primer-encuentro-de-seguridad-publica-e-infancia","status":"publish","type":"post","link":"https:\/\/eltrabajo.cl\/portal\/mas-de-cien-escolares-del-valle-de-aconcagua-participaran-de-primer-encuentro-de-seguridad-publica-e-infancia\/","title":{"rendered":"M\u00e1s de cien escolares del Valle de Aconcagua participar\u00e1n de primer encuentro de Seguridad P\u00fablica e Infancia"},"content":{"rendered":"<figure id=\"attachment_63062\" aria-describedby=\"caption-attachment-63062\" style=\"width: 300px\" class=\"wp-caption alignleft\"><a href=\"https:\/\/i0.wp.com\/www.eltrabajo.cl\/portal\/wp-content\/uploads\/2015\/10\/Encuentro-de-seguridad-Publica-e-infancia.jpg\"><img data-recalc-dims=\"1\" loading=\"lazy\" decoding=\"async\" class=\"wp-image-63062 size-medium\" src=\"https:\/\/i0.wp.com\/www.eltrabajo.cl\/portal\/wp-content\/uploads\/2015\/10\/Encuentro-de-seguridad-Publica-e-infancia-300x198.jpg?resize=300%2C198\" alt=\"120 escolares de San Felipe y Los Andes participar\u00e1n del 1\u00ba encuentro Seguridad P\u00fablica e Infancia a realizarse este jueves en la Casa Juan XXIII de San Felipe.\" width=\"300\" height=\"198\" srcset=\"https:\/\/i0.wp.com\/eltrabajo.cl\/portal\/wp-content\/uploads\/2015\/10\/Encuentro-de-seguridad-Publica-e-infancia.jpg?resize=300%2C198&amp;ssl=1 300w, https:\/\/i0.wp.com\/eltrabajo.cl\/portal\/wp-content\/uploads\/2015\/10\/Encuentro-de-seguridad-Publica-e-infancia.jpg?resize=200%2C132&amp;ssl=1 200w, https:\/\/i0.wp.com\/eltrabajo.cl\/portal\/wp-content\/uploads\/2015\/10\/Encuentro-de-seguridad-Publica-e-infancia.jpg?resize=227%2C150&amp;ssl=1 227w, https:\/\/i0.wp.com\/eltrabajo.cl\/portal\/wp-content\/uploads\/2015\/10\/Encuentro-de-seguridad-Publica-e-infancia.jpg?resize=400%2C264&amp;ssl=1 400w, https:\/\/i0.wp.com\/eltrabajo.cl\/portal\/wp-content\/uploads\/2015\/10\/Encuentro-de-seguridad-Publica-e-infancia.jpg?w=530&amp;ssl=1 530w\" sizes=\"auto, (max-width: 300px) 100vw, 300px\" \/><\/a><figcaption id=\"caption-attachment-63062\" class=\"wp-caption-text\">120 escolares de San Felipe y Los Andes participar\u00e1n del 1\u00ba encuentro Seguridad P\u00fablica e Infancia a realizarse este jueves en la Casa Juan XXIII de San Felipe.<\/figcaption><\/figure>\n<p>Este jueves 22 de octubre, en la Casa Juan XXIII de San Felipe, 120 ni\u00f1os y j\u00f3venes de las provincias de San Felipe y Los Andes, participar\u00e1n en el Primer Encuentro de Seguridad P\u00fablica e Infancia, que es organizado por la coordinaci\u00f3n regional de Seguridad P\u00fablica junto al Consejo Nacional de la Infancia, la Seremi de Educaci\u00f3n y el Consejo Regional de la Cultura, con el apoyo de las Gobernaciones de ambas provincias.<br \/>\nEl objetivo de este encuentro es propiciar, mediante una metodolog\u00eda l\u00fadica, una instancia de participaci\u00f3n en la que los asistentes puedan abordar la tem\u00e1tica de la seguridad p\u00fablica y la convivencia desde su percepci\u00f3n, para lo cual se ha dispuesto de un espacio de conversaci\u00f3n a trav\u00e9s de diversas disciplinas art\u00edsticas como la m\u00fasica, la pl\u00e1stica o la actuaci\u00f3n, y que tambi\u00e9n contempla la presentaci\u00f3n de la Obra de teatro \u2018Los Intolerables\u2019 de la compa\u00f1\u00eda Qu\u00e9 s\u00e9 yo. La puesta en escena ser\u00e1 realizada por tres actores de la regi\u00f3n que retratar\u00e1n las vivencias y experiencias de tres alumnos de ense\u00f1anza media, con lo que se motivar\u00e1 el trabajo grupal y participativo que desarrollar\u00e1n los estudiantes durante toda la ma\u00f1ana.<br \/>\nLa Coordinadora Regional del Consejo Nacional de la Infancia, Alejandra Nielsen, destac\u00f3 la intersectorialidad para llevar a cabo estos encuentros, \u201cya que el tema de la seguridad p\u00fablica ser\u00e1 abordado por los ni\u00f1os y ni\u00f1as desde diversas miradas, que tienen relaci\u00f3n con sus edades, su identidad, la comuna en que viven, etc.; por lo que los servicios p\u00fablicos tendremos la tarea de escuchar sus opiniones y considerarlas para la realizaci\u00f3n del diagn\u00f3stico regional que se elaborar\u00e1 a partir de estos encuentros. Los ni\u00f1os y ni\u00f1as quieren participar y es nuestro deber como adultos garantizar ese derecho\u201d.<br \/>\nEstos encuentros se enmarcan en el Plan Regional de Seguridad P\u00fablica, que busca establecer espacios de participaci\u00f3n para que ni\u00f1os, ni\u00f1as y j\u00f3venes sean parte de la pol\u00edtica p\u00fablica de seguridad, dado que pr\u00f3ximamente deber\u00e1n conformarse los Consejos Comunales de Seguridad P\u00fablica, al alero de las municipalidades, las que en una tarea de co responsabilidad, podr\u00e1n incorporar en sus estrategias no s\u00f3lo la visi\u00f3n de los adultos, sino tambi\u00e9n la de ni\u00f1os y ni\u00f1as que quieren ser parte del desarrollo de sus ciudades.<\/p>\n","protected":false},"excerpt":{"rendered":"<p>Este jueves 22 de octubre, en la Casa Juan XXIII de San Felipe, 120 ni\u00f1os y j\u00f3venes de las provincias de San Felipe y Los Andes, participar\u00e1n en el Primer Encuentro de&#8230;<\/p>\n","protected":false},"author":482,"featured_media":63062,"comment_status":"open","ping_status":"open","sticky":false,"template":"","format":"standard","meta":{"advanced_seo_description":"","jetpack_seo_html_title":"","jetpack_seo_noindex":false,"_jetpack_memberships_contains_paid_content":false,"footnotes":""},"categories":[15],"tags":[],"class_list":["post-63061","post","type-post","status-publish","format-standard","has-post-thumbnail","hentry","category-comunidad"],"jetpack_featured_media_url":"https:\/\/i0.wp.com\/eltrabajo.cl\/portal\/wp-content\/uploads\/2015\/10\/Encuentro-de-seguridad-Publica-e-infancia.jpg?fit=530%2C350&ssl=1","jetpack_sharing_enabled":true,"jetpack_likes_enabled":true,"jetpack-related-posts":[],"_links":{"self":[{"href":"https:\/\/eltrabajo.cl\/portal\/wp-json\/wp\/v2\/posts\/63061","targetHints":{"allow":["GET"]}}],"collection":[{"href":"https:\/\/eltrabajo.cl\/portal\/wp-json\/wp\/v2\/posts"}],"about":[{"href":"https:\/\/eltrabajo.cl\/portal\/wp-json\/wp\/v2\/types\/post"}],"author":[{"embeddable":true,"href":"https:\/\/eltrabajo.cl\/portal\/wp-json\/wp\/v2\/users\/482"}],"replies":[{"embeddable":true,"href":"https:\/\/eltrabajo.cl\/portal\/wp-json\/wp\/v2\/comments?post=63061"}],"version-history":[{"count":0,"href":"https:\/\/eltrabajo.cl\/portal\/wp-json\/wp\/v2\/posts\/63061\/revisions"}],"wp:featuredmedia":[{"embeddable":true,"href":"https:\/\/eltrabajo.cl\/portal\/wp-json\/wp\/v2\/media\/63062"}],"wp:attachment":[{"href":"https:\/\/eltrabajo.cl\/portal\/wp-json\/wp\/v2\/media?parent=63061"}],"wp:term":[{"taxonomy":"category","embeddable":true,"href":"https:\/\/eltrabajo.cl\/portal\/wp-json\/wp\/v2\/categories?post=63061"},{"taxonomy":"post_tag","embeddable":true,"href":"https:\/\/eltrabajo.cl\/portal\/wp-json\/wp\/v2\/tags?post=63061"}],"curies":[{"name":"wp","href":"https:\/\/api.w.org\/{rel}","templated":true}]}}