{"id":63064,"date":"2015-10-21T09:23:53","date_gmt":"2015-10-21T12:23:53","guid":{"rendered":"http:\/\/www.eltrabajo.cl\/portal\/?p=63064"},"modified":"2015-10-21T09:23:53","modified_gmt":"2015-10-21T12:23:53","slug":"encuentro-intergeneracional-en-jardin-infantil-la-higuera-danzarina","status":"publish","type":"post","link":"https:\/\/eltrabajo.cl\/portal\/encuentro-intergeneracional-en-jardin-infantil-la-higuera-danzarina\/","title":{"rendered":"Encuentro intergeneracional en Jard\u00edn Infantil La Higuera Danzarina"},"content":{"rendered":"<figure id=\"attachment_63065\" aria-describedby=\"caption-attachment-63065\" style=\"width: 300px\" class=\"wp-caption alignleft\"><a href=\"https:\/\/i0.wp.com\/www.eltrabajo.cl\/portal\/wp-content\/uploads\/2015\/10\/Higueras1.jpg\"><img data-recalc-dims=\"1\" loading=\"lazy\" decoding=\"async\" class=\"wp-image-63065 size-medium\" src=\"https:\/\/i0.wp.com\/www.eltrabajo.cl\/portal\/wp-content\/uploads\/2015\/10\/Higueras1-300x198.jpg?resize=300%2C198\" alt=\"LINDA EXPERIENCIA.- Peques y abuelos disfrutaron en grande este encuentro intergeneracional en el Jard\u00edn Infantil La Higuera Danzarina de La Higuera.\" width=\"300\" height=\"198\" srcset=\"https:\/\/i0.wp.com\/eltrabajo.cl\/portal\/wp-content\/uploads\/2015\/10\/Higueras1.jpg?resize=300%2C198&amp;ssl=1 300w, https:\/\/i0.wp.com\/eltrabajo.cl\/portal\/wp-content\/uploads\/2015\/10\/Higueras1.jpg?resize=200%2C132&amp;ssl=1 200w, https:\/\/i0.wp.com\/eltrabajo.cl\/portal\/wp-content\/uploads\/2015\/10\/Higueras1.jpg?resize=227%2C150&amp;ssl=1 227w, https:\/\/i0.wp.com\/eltrabajo.cl\/portal\/wp-content\/uploads\/2015\/10\/Higueras1.jpg?resize=400%2C264&amp;ssl=1 400w, https:\/\/i0.wp.com\/eltrabajo.cl\/portal\/wp-content\/uploads\/2015\/10\/Higueras1.jpg?w=530&amp;ssl=1 530w\" sizes=\"auto, (max-width: 300px) 100vw, 300px\" \/><\/a><figcaption id=\"caption-attachment-63065\" class=\"wp-caption-text\">LINDA EXPERIENCIA.- Peques y abuelos disfrutaron en grande este encuentro intergeneracional en el Jard\u00edn Infantil La Higuera Danzarina de La Higuera.<\/figcaption><\/figure>\n<p><strong>SANTA MAR\u00cdA.<\/strong>&#8211; La ma\u00f1ana de este martes, en el Jard\u00edn Infantil La Higuera Danzarina de La Higuera, se realiz\u00f3 un encuentro intergeneracional de primer nivel, pues los peque\u00f1itos del jard\u00edn se divirtieron con la visita de los 20 abuelos del \u2018Club Adulto Mayor Los A\u00f1os dorados\u2019, quienes visitaron el centro infantil.<br \/>\nEsta actividad fue coordinada entre la Oficina de Salud del Cesfam de Santa Mar\u00eda y la directora del jard\u00edn, Carolina Lazo.<br \/>\n\u00abLos ni\u00f1os lo han pasado bien esta ma\u00f1ana, han jugado; comido fruta; aprendido a relacionarse con otra generaci\u00f3n distinta a la suya, y est\u00e1n muy alegres con la visita\u00bb, dijo Lazo a Diario El Trabajo.<br \/>\nLa din\u00e1mica jornada fue dirigida por la educadora para la salud del Cesfam, Dania \u00c1lvarez Corredera, \u00abla idea primordial que buscamos desarrollar con estos encuentros intergeneracionales, es el de cambiar el enfoque sobre c\u00f3mo nuestra sociedad valora a la Tercera Edad, buscamos tambi\u00e9n dejar muy claro que nuestros miembros del club est\u00e1n organizados, activos y con muchos planes de trabajo que ejecutar\u00bb, explic\u00f3 \u00c1lvarez a nuestro medio.<\/p>\n<p><strong>BREVE RESE\u00d1A<\/strong><br \/>\nJard\u00edn Infantil La Higuera Danzarina de La Higuera empez\u00f3 a funcionar como centro abierto, con el nombre de Sargento Candelaria, dicho nombre fue designado por Fundaci\u00f3n Ayuda a la comunidad, en el gobierno de Augusto Pinochet en honor a una militar chilena que particip\u00f3 en la guerra contra la Confederaci\u00f3n Per\u00fa-Boliviana y su labor en el Ej\u00e9rcito fue una mezcla de soldado, enfermera, esp\u00eda y mensajera.<br \/>\nEl 19 de junio 1984 se firma comodato por un lapso de 30 a\u00f1os entre Municipalidad de Santa Mar\u00eda, representada por la alcaldesa Carmen Graciela Ch\u00e1vez Musso y Teresa Castellanos Iturrate de Pacheco, vice-presidente de Fundaci\u00f3n Nacional de ayuda a la comunidad.<br \/>\nEn 1990 todos los centros abiertos pasan hacer parte de Fundaci\u00f3n Educacional Integra, reconocidos como jardines infantiles, por lo anterior se hace necesario cambiar el nombre del establecimiento al actual nombre: La Higuera Danzarina.<br \/>\n<strong>Roberto Gonz\u00e1lez Short<\/strong><br \/>\n<strong>rgonzalez@eltrabajo.cl<\/strong><\/p>\n<div class=\"tiled-gallery type-rectangular tiled-gallery-unresized\" data-original-width=\"640\" data-carousel-extra='null' itemscope itemtype=\"http:\/\/schema.org\/ImageGallery\" > <div class=\"gallery-row\" style=\"width: 640px; height: 283px;\" data-original-width=\"640\" data-original-height=\"283\" > <div class=\"gallery-group images-1\" style=\"width: 427px; height: 283px;\" data-original-width=\"427\" data-original-height=\"283\" > <div class=\"tiled-gallery-item tiled-gallery-item-large\" itemprop=\"associatedMedia\" itemscope itemtype=\"http:\/\/schema.org\/ImageObject\"> <a href=\"https:\/\/eltrabajo.cl\/portal\/encuentro-intergeneracional-en-jardin-infantil-la-higuera-danzarina\/higuera2-4\/\" border=\"0\" itemprop=\"url\"> <meta itemprop=\"width\" content=\"423\"> <meta itemprop=\"height\" content=\"279\"> <img decoding=\"async\" class=\"\" data-attachment-id=\"63068\" data-orig-file=\"https:\/\/eltrabajo.cl\/portal\/wp-content\/uploads\/2015\/10\/Higuera2.jpg\" data-orig-size=\"530,350\" data-comments-opened=\"1\" data-image-meta=\"{&quot;aperture&quot;:&quot;0&quot;,&quot;credit&quot;:&quot;&quot;,&quot;camera&quot;:&quot;&quot;,&quot;caption&quot;:&quot;&quot;,&quot;created_timestamp&quot;:&quot;0&quot;,&quot;copyright&quot;:&quot;&quot;,&quot;focal_length&quot;:&quot;0&quot;,&quot;iso&quot;:&quot;0&quot;,&quot;shutter_speed&quot;:&quot;0&quot;,&quot;title&quot;:&quot;&quot;,&quot;orientation&quot;:&quot;0&quot;}\" data-image-title=\"Higuera2\" data-image-description=\"&lt;p&gt;LOS ATRAP\u00d3.- As\u00ed jugaron los ni\u00f1os, al ritmo de las din\u00e1micas propuestas de la educadora para la salud del Cesfam, Dania \u00c1lvarez Corredera.&lt;\/p&gt; \" data-medium-file=\"https:\/\/i0.wp.com\/eltrabajo.cl\/portal\/wp-content\/uploads\/2015\/10\/Higuera2.jpg?fit=300%2C198&#038;ssl=1\" data-large-file=\"https:\/\/i0.wp.com\/eltrabajo.cl\/portal\/wp-content\/uploads\/2015\/10\/Higuera2.jpg?fit=530%2C350&#038;ssl=1\" src=\"https:\/\/i0.wp.com\/eltrabajo.cl\/portal\/wp-content\/uploads\/2015\/10\/Higuera2.jpg?w=423&#038;h=279&#038;ssl=1\" srcset=\"https:\/\/i0.wp.com\/eltrabajo.cl\/portal\/wp-content\/uploads\/2015\/10\/Higuera2.jpg?w=530&amp;ssl=1 530w, https:\/\/i0.wp.com\/eltrabajo.cl\/portal\/wp-content\/uploads\/2015\/10\/Higuera2.jpg?resize=200%2C132&amp;ssl=1 200w, https:\/\/i0.wp.com\/eltrabajo.cl\/portal\/wp-content\/uploads\/2015\/10\/Higuera2.jpg?resize=300%2C198&amp;ssl=1 300w, https:\/\/i0.wp.com\/eltrabajo.cl\/portal\/wp-content\/uploads\/2015\/10\/Higuera2.jpg?resize=227%2C150&amp;ssl=1 227w, https:\/\/i0.wp.com\/eltrabajo.cl\/portal\/wp-content\/uploads\/2015\/10\/Higuera2.jpg?resize=400%2C264&amp;ssl=1 400w\" width=\"423\" height=\"279\" loading=\"lazy\" data-original-width=\"423\" data-original-height=\"279\" itemprop=\"http:\/\/schema.org\/image\" title=\"Higuera2\" alt=\"LOS ATRAP\u00d3.- As\u00ed jugaron los ni\u00f1os, al ritmo de las din\u00e1micas propuestas de la educadora para la salud del Cesfam, Dania \u00c1lvarez Corredera.\" style=\"width: 423px; height: 279px;\" \/> <\/a> <div class=\"tiled-gallery-caption\" itemprop=\"caption description\"> LOS ATRAP\u00d3.- As\u00ed jugaron los ni\u00f1os, al ritmo de las din\u00e1micas propuestas de la educadora para la salud del Cesfam, Dania \u00c1lvarez Corredera. <\/div> <\/div> <\/div> <!-- close group --> <div class=\"gallery-group images-2\" style=\"width: 213px; height: 283px;\" data-original-width=\"213\" data-original-height=\"283\" > <div class=\"tiled-gallery-item tiled-gallery-item-small\" itemprop=\"associatedMedia\" itemscope itemtype=\"http:\/\/schema.org\/ImageObject\"> <a href=\"https:\/\/eltrabajo.cl\/portal\/encuentro-intergeneracional-en-jardin-infantil-la-higuera-danzarina\/dania-alvarez\/\" border=\"0\" itemprop=\"url\"> <meta itemprop=\"width\" content=\"209\"> <meta itemprop=\"height\" content=\"138\"> <img decoding=\"async\" class=\"\" data-attachment-id=\"63067\" data-orig-file=\"https:\/\/eltrabajo.cl\/portal\/wp-content\/uploads\/2015\/10\/Dania-Alvarez.jpg\" data-orig-size=\"530,348\" data-comments-opened=\"1\" data-image-meta=\"{&quot;aperture&quot;:&quot;0&quot;,&quot;credit&quot;:&quot;&quot;,&quot;camera&quot;:&quot;&quot;,&quot;caption&quot;:&quot;&quot;,&quot;created_timestamp&quot;:&quot;0&quot;,&quot;copyright&quot;:&quot;&quot;,&quot;focal_length&quot;:&quot;0&quot;,&quot;iso&quot;:&quot;0&quot;,&quot;shutter_speed&quot;:&quot;0&quot;,&quot;title&quot;:&quot;&quot;,&quot;orientation&quot;:&quot;0&quot;}\" data-image-title=\"Dania Alvarez\" data-image-description=\"&lt;p&gt;Educadora para la salud del Cesfam, Dania \u00c1lvarez Corredera.&lt;\/p&gt; \" data-medium-file=\"https:\/\/i0.wp.com\/eltrabajo.cl\/portal\/wp-content\/uploads\/2015\/10\/Dania-Alvarez.jpg?fit=300%2C197&#038;ssl=1\" data-large-file=\"https:\/\/i0.wp.com\/eltrabajo.cl\/portal\/wp-content\/uploads\/2015\/10\/Dania-Alvarez.jpg?fit=530%2C348&#038;ssl=1\" src=\"https:\/\/i0.wp.com\/eltrabajo.cl\/portal\/wp-content\/uploads\/2015\/10\/Dania-Alvarez.jpg?w=209&#038;h=138&#038;ssl=1\" srcset=\"https:\/\/i0.wp.com\/eltrabajo.cl\/portal\/wp-content\/uploads\/2015\/10\/Dania-Alvarez.jpg?w=530&amp;ssl=1 530w, https:\/\/i0.wp.com\/eltrabajo.cl\/portal\/wp-content\/uploads\/2015\/10\/Dania-Alvarez.jpg?resize=200%2C131&amp;ssl=1 200w, https:\/\/i0.wp.com\/eltrabajo.cl\/portal\/wp-content\/uploads\/2015\/10\/Dania-Alvarez.jpg?resize=300%2C197&amp;ssl=1 300w, https:\/\/i0.wp.com\/eltrabajo.cl\/portal\/wp-content\/uploads\/2015\/10\/Dania-Alvarez.jpg?resize=228%2C150&amp;ssl=1 228w, https:\/\/i0.wp.com\/eltrabajo.cl\/portal\/wp-content\/uploads\/2015\/10\/Dania-Alvarez.jpg?resize=400%2C263&amp;ssl=1 400w\" width=\"209\" height=\"138\" loading=\"lazy\" data-original-width=\"209\" data-original-height=\"138\" itemprop=\"http:\/\/schema.org\/image\" title=\"Dania Alvarez\" alt=\"Educadora para la salud del Cesfam, Dania \u00c1lvarez Corredera.\" style=\"width: 209px; height: 138px;\" \/> <\/a> <div class=\"tiled-gallery-caption\" itemprop=\"caption description\"> Educadora para la salud del Cesfam, Dania \u00c1lvarez Corredera. <\/div> <\/div> <div class=\"tiled-gallery-item tiled-gallery-item-small\" itemprop=\"associatedMedia\" itemscope itemtype=\"http:\/\/schema.org\/ImageObject\"> <a href=\"https:\/\/eltrabajo.cl\/portal\/encuentro-intergeneracional-en-jardin-infantil-la-higuera-danzarina\/carolina-lazo-2\/\" border=\"0\" itemprop=\"url\"> <meta itemprop=\"width\" content=\"209\"> <meta itemprop=\"height\" content=\"137\"> <img decoding=\"async\" class=\"\" data-attachment-id=\"63066\" data-orig-file=\"https:\/\/eltrabajo.cl\/portal\/wp-content\/uploads\/2015\/10\/Carolina-Lazo.jpg\" data-orig-size=\"530,348\" data-comments-opened=\"1\" data-image-meta=\"{&quot;aperture&quot;:&quot;0&quot;,&quot;credit&quot;:&quot;&quot;,&quot;camera&quot;:&quot;&quot;,&quot;caption&quot;:&quot;&quot;,&quot;created_timestamp&quot;:&quot;0&quot;,&quot;copyright&quot;:&quot;&quot;,&quot;focal_length&quot;:&quot;0&quot;,&quot;iso&quot;:&quot;0&quot;,&quot;shutter_speed&quot;:&quot;0&quot;,&quot;title&quot;:&quot;&quot;,&quot;orientation&quot;:&quot;0&quot;}\" data-image-title=\"Carolina Lazo\" data-image-description=\"&lt;p&gt;Directora del jard\u00edn, Carolina Lazo.&lt;\/p&gt; \" data-medium-file=\"https:\/\/i0.wp.com\/eltrabajo.cl\/portal\/wp-content\/uploads\/2015\/10\/Carolina-Lazo.jpg?fit=300%2C197&#038;ssl=1\" data-large-file=\"https:\/\/i0.wp.com\/eltrabajo.cl\/portal\/wp-content\/uploads\/2015\/10\/Carolina-Lazo.jpg?fit=530%2C348&#038;ssl=1\" src=\"https:\/\/i0.wp.com\/eltrabajo.cl\/portal\/wp-content\/uploads\/2015\/10\/Carolina-Lazo.jpg?w=209&#038;h=137&#038;ssl=1\" srcset=\"https:\/\/i0.wp.com\/eltrabajo.cl\/portal\/wp-content\/uploads\/2015\/10\/Carolina-Lazo.jpg?w=530&amp;ssl=1 530w, https:\/\/i0.wp.com\/eltrabajo.cl\/portal\/wp-content\/uploads\/2015\/10\/Carolina-Lazo.jpg?resize=200%2C131&amp;ssl=1 200w, https:\/\/i0.wp.com\/eltrabajo.cl\/portal\/wp-content\/uploads\/2015\/10\/Carolina-Lazo.jpg?resize=300%2C197&amp;ssl=1 300w, https:\/\/i0.wp.com\/eltrabajo.cl\/portal\/wp-content\/uploads\/2015\/10\/Carolina-Lazo.jpg?resize=228%2C150&amp;ssl=1 228w, https:\/\/i0.wp.com\/eltrabajo.cl\/portal\/wp-content\/uploads\/2015\/10\/Carolina-Lazo.jpg?resize=400%2C263&amp;ssl=1 400w\" width=\"209\" height=\"137\" loading=\"lazy\" data-original-width=\"209\" data-original-height=\"137\" itemprop=\"http:\/\/schema.org\/image\" title=\"Carolina Lazo\" alt=\"Directora del jard\u00edn, Carolina Lazo.\" style=\"width: 209px; height: 137px;\" \/> <\/a> <div class=\"tiled-gallery-caption\" itemprop=\"caption description\"> Directora del jard\u00edn, Carolina Lazo. <\/div> <\/div> <\/div> <!-- close group --> <\/div> <!-- close row --> <\/div>\n","protected":false},"excerpt":{"rendered":"<p>SANTA MAR\u00cdA.&#8211; La ma\u00f1ana de este martes, en el Jard\u00edn Infantil La Higuera Danzarina de La Higuera, se realiz\u00f3 un encuentro intergeneracional de primer nivel, pues los peque\u00f1itos del jard\u00edn se divirtieron&#8230;<\/p>\n","protected":false},"author":482,"featured_media":63065,"comment_status":"open","ping_status":"open","sticky":false,"template":"","format":"standard","meta":{"advanced_seo_description":"","jetpack_seo_html_title":"","jetpack_seo_noindex":false,"_jetpack_memberships_contains_paid_content":false,"footnotes":""},"categories":[15],"tags":[],"class_list":["post-63064","post","type-post","status-publish","format-standard","has-post-thumbnail","hentry","category-comunidad"],"jetpack_featured_media_url":"https:\/\/i0.wp.com\/eltrabajo.cl\/portal\/wp-content\/uploads\/2015\/10\/Higueras1.jpg?fit=530%2C350&ssl=1","jetpack_sharing_enabled":true,"jetpack_likes_enabled":true,"jetpack-related-posts":[],"_links":{"self":[{"href":"https:\/\/eltrabajo.cl\/portal\/wp-json\/wp\/v2\/posts\/63064","targetHints":{"allow":["GET"]}}],"collection":[{"href":"https:\/\/eltrabajo.cl\/portal\/wp-json\/wp\/v2\/posts"}],"about":[{"href":"https:\/\/eltrabajo.cl\/portal\/wp-json\/wp\/v2\/types\/post"}],"author":[{"embeddable":true,"href":"https:\/\/eltrabajo.cl\/portal\/wp-json\/wp\/v2\/users\/482"}],"replies":[{"embeddable":true,"href":"https:\/\/eltrabajo.cl\/portal\/wp-json\/wp\/v2\/comments?post=63064"}],"version-history":[{"count":0,"href":"https:\/\/eltrabajo.cl\/portal\/wp-json\/wp\/v2\/posts\/63064\/revisions"}],"wp:featuredmedia":[{"embeddable":true,"href":"https:\/\/eltrabajo.cl\/portal\/wp-json\/wp\/v2\/media\/63065"}],"wp:attachment":[{"href":"https:\/\/eltrabajo.cl\/portal\/wp-json\/wp\/v2\/media?parent=63064"}],"wp:term":[{"taxonomy":"category","embeddable":true,"href":"https:\/\/eltrabajo.cl\/portal\/wp-json\/wp\/v2\/categories?post=63064"},{"taxonomy":"post_tag","embeddable":true,"href":"https:\/\/eltrabajo.cl\/portal\/wp-json\/wp\/v2\/tags?post=63064"}],"curies":[{"name":"wp","href":"https:\/\/api.w.org\/{rel}","templated":true}]}}