{"id":63070,"date":"2015-10-21T09:25:05","date_gmt":"2015-10-21T12:25:05","guid":{"rendered":"http:\/\/www.eltrabajo.cl\/portal\/?p=63070"},"modified":"2015-10-21T09:25:05","modified_gmt":"2015-10-21T12:25:05","slug":"solo-madres-pertenecientes-a-programa-ief-accederan-al-bono-de-control-sano","status":"publish","type":"post","link":"https:\/\/eltrabajo.cl\/portal\/solo-madres-pertenecientes-a-programa-ief-accederan-al-bono-de-control-sano\/","title":{"rendered":"Solo madres pertenecientes a programa IEF acceder\u00e1n al bono de Control Sano"},"content":{"rendered":"<figure id=\"attachment_63071\" aria-describedby=\"caption-attachment-63071\" style=\"width: 300px\" class=\"wp-caption alignleft\"><a href=\"https:\/\/i0.wp.com\/www.eltrabajo.cl\/portal\/wp-content\/uploads\/2015\/10\/control-sano.jpg\"><img data-recalc-dims=\"1\" loading=\"lazy\" decoding=\"async\" class=\"wp-image-63071 size-medium\" src=\"https:\/\/i0.wp.com\/www.eltrabajo.cl\/portal\/wp-content\/uploads\/2015\/10\/control-sano-300x198.jpg?resize=300%2C198\" alt=\"Las familias pertenecientes al IEF solo deben presentar carn\u00e9 de control sano con las atenciones al d\u00eda. (Foto referencial).\" width=\"300\" height=\"198\" srcset=\"https:\/\/i0.wp.com\/eltrabajo.cl\/portal\/wp-content\/uploads\/2015\/10\/control-sano.jpg?resize=300%2C198&amp;ssl=1 300w, https:\/\/i0.wp.com\/eltrabajo.cl\/portal\/wp-content\/uploads\/2015\/10\/control-sano.jpg?resize=200%2C132&amp;ssl=1 200w, https:\/\/i0.wp.com\/eltrabajo.cl\/portal\/wp-content\/uploads\/2015\/10\/control-sano.jpg?resize=228%2C150&amp;ssl=1 228w, https:\/\/i0.wp.com\/eltrabajo.cl\/portal\/wp-content\/uploads\/2015\/10\/control-sano.jpg?resize=400%2C263&amp;ssl=1 400w, https:\/\/i0.wp.com\/eltrabajo.cl\/portal\/wp-content\/uploads\/2015\/10\/control-sano.jpg?w=530&amp;ssl=1 530w\" sizes=\"auto, (max-width: 300px) 100vw, 300px\" \/><\/a><figcaption id=\"caption-attachment-63071\" class=\"wp-caption-text\">Las familias pertenecientes al IEF solo deben presentar carn\u00e9 de control sano con las atenciones al d\u00eda. (Foto referencial).<\/figcaption><\/figure>\n<p><strong>PANQUEHUE<\/strong>.- Ante un aumento en las consultas, la Directora del Direcci\u00f3n de Desarrollo Comunitario (Dideco) Camila Arag\u00f3n, record\u00f3 que solo las madres que son beneficiarias del programa Ingreso \u00c9tico Familiar, tienen derecho al cobro del bono por control sano de sus hijos.<br \/>\nInform\u00f3 que se trata de un beneficio no postulable de $ 6.000 mensuales por ni\u00f1o. Se entrega a las familias que forman parte del Ingreso \u00c9tico Familiar (IEF) o se incorporaron a Chile Solidario en el a\u00f1o, cuyos hijos menores de 6 a\u00f1os (al 31 de marzo de 2014) acrediten el control del ni\u00f1o sano al d\u00eda.<br \/>\n\u201cSe trata de un beneficio al que no se puede postular, viene dirigido a las familias que son del Ingreso \u00c9tico familiar y que han sido visitadas por el apoyo social y laboral.<br \/>\nPor lo tanto el llamado que hacemos como Dideco es a las familias que pertenecen al IEF y que a la fecha no han accedido al beneficio, presentar solo el carnet de control sano de salud, con sus controles al d\u00eda, para as\u00ed nosotros efectuar la notificaci\u00f3n y pago del beneficio.<br \/>\nNosotros como unidad social, hemos recibido una gran cantidad de consultas de parte de madres que son no beneficiaras del programa, ellos no pueden acceder a este, independiente que est\u00e9n al d\u00eda de los controles de salud\u201d.<br \/>\nEl control de salud se puede realizar gratuitamente en los consultorios o con el pediatra que los padres elijan. Para obtener este bono, cualquier integrante del grupo familiar (mayor de 18 a\u00f1os) debe presentar en su municipio el carn\u00e9 de ni\u00f1o sano al d\u00eda.<br \/>\nEl pago de este bono se realizar\u00e1 de forma mensual por un per\u00edodo de 12 o 24 meses. Este per\u00edodo se determinar\u00e1 seg\u00fan la duraci\u00f3n m\u00e1xima del programa de Apoyo Laboral o \u00fanicamente de Apoyo Psicosocial. Este bono ser\u00e1 compatible con la percepci\u00f3n de cualquier otro subsidio o transferencia que entregue el Estado.<br \/>\nLa instituci\u00f3n pagadora es el Instituto de Previsi\u00f3n Social (IPS), quien realiza los pagos por medio de la Caja de Compensaci\u00f3n Los H\u00e9roes, o mediante dep\u00f3sito en cuenta RUT del BancoEstado.<\/p>\n","protected":false},"excerpt":{"rendered":"<p>PANQUEHUE.- Ante un aumento en las consultas, la Directora del Direcci\u00f3n de Desarrollo Comunitario (Dideco) Camila Arag\u00f3n, record\u00f3 que solo las madres que son beneficiarias del programa Ingreso \u00c9tico Familiar, tienen derecho&#8230;<\/p>\n","protected":false},"author":482,"featured_media":63071,"comment_status":"open","ping_status":"open","sticky":false,"template":"","format":"standard","meta":{"advanced_seo_description":"","jetpack_seo_html_title":"","jetpack_seo_noindex":false,"_jetpack_memberships_contains_paid_content":false,"footnotes":""},"categories":[1],"tags":[],"class_list":["post-63070","post","type-post","status-publish","format-standard","has-post-thumbnail","hentry","category-cronica"],"jetpack_featured_media_url":"https:\/\/i0.wp.com\/eltrabajo.cl\/portal\/wp-content\/uploads\/2015\/10\/control-sano.jpg?fit=530%2C349&ssl=1","jetpack_sharing_enabled":true,"jetpack_likes_enabled":true,"jetpack-related-posts":[],"_links":{"self":[{"href":"https:\/\/eltrabajo.cl\/portal\/wp-json\/wp\/v2\/posts\/63070","targetHints":{"allow":["GET"]}}],"collection":[{"href":"https:\/\/eltrabajo.cl\/portal\/wp-json\/wp\/v2\/posts"}],"about":[{"href":"https:\/\/eltrabajo.cl\/portal\/wp-json\/wp\/v2\/types\/post"}],"author":[{"embeddable":true,"href":"https:\/\/eltrabajo.cl\/portal\/wp-json\/wp\/v2\/users\/482"}],"replies":[{"embeddable":true,"href":"https:\/\/eltrabajo.cl\/portal\/wp-json\/wp\/v2\/comments?post=63070"}],"version-history":[{"count":0,"href":"https:\/\/eltrabajo.cl\/portal\/wp-json\/wp\/v2\/posts\/63070\/revisions"}],"wp:featuredmedia":[{"embeddable":true,"href":"https:\/\/eltrabajo.cl\/portal\/wp-json\/wp\/v2\/media\/63071"}],"wp:attachment":[{"href":"https:\/\/eltrabajo.cl\/portal\/wp-json\/wp\/v2\/media?parent=63070"}],"wp:term":[{"taxonomy":"category","embeddable":true,"href":"https:\/\/eltrabajo.cl\/portal\/wp-json\/wp\/v2\/categories?post=63070"},{"taxonomy":"post_tag","embeddable":true,"href":"https:\/\/eltrabajo.cl\/portal\/wp-json\/wp\/v2\/tags?post=63070"}],"curies":[{"name":"wp","href":"https:\/\/api.w.org\/{rel}","templated":true}]}}