{"id":63073,"date":"2015-10-21T09:26:53","date_gmt":"2015-10-21T12:26:53","guid":{"rendered":"http:\/\/www.eltrabajo.cl\/portal\/?p=63073"},"modified":"2015-10-21T09:26:53","modified_gmt":"2015-10-21T12:26:53","slug":"para-reactivar-la-agricultura-indap-ofrece-creditos-de-bajo-interes-a-agricultores-de-aconcagua","status":"publish","type":"post","link":"https:\/\/eltrabajo.cl\/portal\/para-reactivar-la-agricultura-indap-ofrece-creditos-de-bajo-interes-a-agricultores-de-aconcagua\/","title":{"rendered":"Para reactivar la agricultura Indap ofrece cr\u00e9ditos de bajo inter\u00e9s a agricultores de Aconcagua"},"content":{"rendered":"<figure id=\"attachment_63074\" aria-describedby=\"caption-attachment-63074\" style=\"width: 300px\" class=\"wp-caption alignleft\"><a href=\"https:\/\/i0.wp.com\/www.eltrabajo.cl\/portal\/wp-content\/uploads\/2015\/10\/Agricultores.jpg\"><img data-recalc-dims=\"1\" loading=\"lazy\" decoding=\"async\" class=\"wp-image-63074 size-medium\" src=\"https:\/\/i0.wp.com\/www.eltrabajo.cl\/portal\/wp-content\/uploads\/2015\/10\/Agricultores-300x198.jpg?resize=300%2C198\" alt=\"El cr\u00e9dito que ofrece Indap estar\u00e1 disponible s\u00f3lo hasta el 20 de diciembre de 2015.\" width=\"300\" height=\"198\" srcset=\"https:\/\/i0.wp.com\/eltrabajo.cl\/portal\/wp-content\/uploads\/2015\/10\/Agricultores.jpg?resize=300%2C198&amp;ssl=1 300w, https:\/\/i0.wp.com\/eltrabajo.cl\/portal\/wp-content\/uploads\/2015\/10\/Agricultores.jpg?resize=200%2C132&amp;ssl=1 200w, https:\/\/i0.wp.com\/eltrabajo.cl\/portal\/wp-content\/uploads\/2015\/10\/Agricultores.jpg?resize=227%2C150&amp;ssl=1 227w, https:\/\/i0.wp.com\/eltrabajo.cl\/portal\/wp-content\/uploads\/2015\/10\/Agricultores.jpg?resize=400%2C264&amp;ssl=1 400w, https:\/\/i0.wp.com\/eltrabajo.cl\/portal\/wp-content\/uploads\/2015\/10\/Agricultores.jpg?w=530&amp;ssl=1 530w\" sizes=\"auto, (max-width: 300px) 100vw, 300px\" \/><\/a><figcaption id=\"caption-attachment-63074\" class=\"wp-caption-text\">El cr\u00e9dito que ofrece Indap estar\u00e1 disponible s\u00f3lo hasta el 20 de diciembre de 2015.<\/figcaption><\/figure>\n<p>Un llamado a los peque\u00f1os agricultores de Aconcagua a invertir en sus producciones, hizo el Director Regional de Indap, Helmuth Hinrichsen, quien invit\u00f3 a las familias campesinas de la regi\u00f3n a solicitar un cr\u00e9dito especial que ofrece Indap a los productores locales y que s\u00f3lo estar\u00e1 disponible hasta el 20 de diciembre pr\u00f3ximo.<br \/>\nSe trata de cr\u00e9ditos de corto y largo plazo en pesos, con tasas de inter\u00e9s preferencial del 6% anual no reajustable, que pueden ser utilizados por los agricultores para financiar inversiones en bienes para establecer y desarrollar rubros como frutales, hortalizas y flores, crianza de ganado, forestaci\u00f3n y establecimiento de praderas, entre otros.<br \/>\nPuede ser utilizado, adem\u00e1s, para financiar la habilitaci\u00f3n de suelos, infraestructura, maquinaria y equipos, entre otras necesidades.<br \/>\nAl respecto, el Director Regional de Indap, Helmuth Hinrichsen, expres\u00f3 que \u201cdada la necesidad de reactivar la agricultura en la regi\u00f3n y considerando que hemos tenido lluvias que dan cierta tranquilidad, Indap ha establecido un cr\u00e9dito preferencial con bajo inter\u00e9s para los agricultores, de tal forma que ellos puedan acceder y reactivar su producci\u00f3n ahora que estamos en primavera y que est\u00e1n en condiciones de tener una cantidad de agua que permite ver el futuro con un poco m\u00e1s de optimismo\u201d.<br \/>\nCabe destacar que el cr\u00e9dito de corto plazo tiene una extensi\u00f3n m\u00e1xima de 359 d\u00edas, y su modalidad de pago puede ser establecida en una sola cuota anual o en cuotas mensuales, semestrales u otras, de acuerdo con los flujos de ingresos del productor.<br \/>\nEn tanto, el cr\u00e9dito a largo plazo tiene un plazo superior a 360 d\u00edas, y un m\u00e1ximo de 10 a\u00f1os. Su modalidad de pago puede ser establecida en cuotas anuales, mensuales, semestrales u otras, de acuerdo con los flujos de ingresos del productor.<br \/>\nLos interesados en aprovechar esta gran oportunidad pueden solicitar este cr\u00e9dito especial que ofrece Indap s\u00f3lo hasta el 20 de diciembre de 2015. Para ello deben acercarse a su agencia de \u00e1rea de Indap m\u00e1s cercana para tramitar el beneficio.<\/p>\n","protected":false},"excerpt":{"rendered":"<p>Un llamado a los peque\u00f1os agricultores de Aconcagua a invertir en sus producciones, hizo el Director Regional de Indap, Helmuth Hinrichsen, quien invit\u00f3 a las familias campesinas de la regi\u00f3n a solicitar&#8230;<\/p>\n","protected":false},"author":482,"featured_media":63074,"comment_status":"open","ping_status":"open","sticky":false,"template":"","format":"standard","meta":{"advanced_seo_description":"","jetpack_seo_html_title":"","jetpack_seo_noindex":false,"_jetpack_memberships_contains_paid_content":false,"footnotes":""},"categories":[15],"tags":[],"class_list":["post-63073","post","type-post","status-publish","format-standard","has-post-thumbnail","hentry","category-comunidad"],"jetpack_featured_media_url":"https:\/\/i0.wp.com\/eltrabajo.cl\/portal\/wp-content\/uploads\/2015\/10\/Agricultores.jpg?fit=530%2C350&ssl=1","jetpack_sharing_enabled":true,"jetpack_likes_enabled":true,"jetpack-related-posts":[],"_links":{"self":[{"href":"https:\/\/eltrabajo.cl\/portal\/wp-json\/wp\/v2\/posts\/63073","targetHints":{"allow":["GET"]}}],"collection":[{"href":"https:\/\/eltrabajo.cl\/portal\/wp-json\/wp\/v2\/posts"}],"about":[{"href":"https:\/\/eltrabajo.cl\/portal\/wp-json\/wp\/v2\/types\/post"}],"author":[{"embeddable":true,"href":"https:\/\/eltrabajo.cl\/portal\/wp-json\/wp\/v2\/users\/482"}],"replies":[{"embeddable":true,"href":"https:\/\/eltrabajo.cl\/portal\/wp-json\/wp\/v2\/comments?post=63073"}],"version-history":[{"count":0,"href":"https:\/\/eltrabajo.cl\/portal\/wp-json\/wp\/v2\/posts\/63073\/revisions"}],"wp:featuredmedia":[{"embeddable":true,"href":"https:\/\/eltrabajo.cl\/portal\/wp-json\/wp\/v2\/media\/63074"}],"wp:attachment":[{"href":"https:\/\/eltrabajo.cl\/portal\/wp-json\/wp\/v2\/media?parent=63073"}],"wp:term":[{"taxonomy":"category","embeddable":true,"href":"https:\/\/eltrabajo.cl\/portal\/wp-json\/wp\/v2\/categories?post=63073"},{"taxonomy":"post_tag","embeddable":true,"href":"https:\/\/eltrabajo.cl\/portal\/wp-json\/wp\/v2\/tags?post=63073"}],"curies":[{"name":"wp","href":"https:\/\/api.w.org\/{rel}","templated":true}]}}