{"id":63076,"date":"2015-10-21T09:29:41","date_gmt":"2015-10-21T12:29:41","guid":{"rendered":"http:\/\/www.eltrabajo.cl\/portal\/?p=63076"},"modified":"2015-10-21T09:29:41","modified_gmt":"2015-10-21T12:29:41","slug":"alumnas-del-dario-salas-ganan-regional-de-cheerleaders-dance-2015","status":"publish","type":"post","link":"https:\/\/eltrabajo.cl\/portal\/alumnas-del-dario-salas-ganan-regional-de-cheerleaders-dance-2015\/","title":{"rendered":"Alumnas del Dar\u00edo Salas ganan Regional de Cheerleaders\u00a0Dance 2015"},"content":{"rendered":"<figure id=\"attachment_63077\" aria-describedby=\"caption-attachment-63077\" style=\"width: 300px\" class=\"wp-caption alignleft\"><a href=\"https:\/\/i0.wp.com\/www.eltrabajo.cl\/portal\/wp-content\/uploads\/2015\/10\/Campeonas33.jpg\"><img data-recalc-dims=\"1\" loading=\"lazy\" decoding=\"async\" class=\"wp-image-63077 size-medium\" src=\"https:\/\/i0.wp.com\/www.eltrabajo.cl\/portal\/wp-content\/uploads\/2015\/10\/Campeonas33-300x198.jpg?resize=300%2C198\" alt=\"LAS MEJORES.- Ellas son las campeonas regionales 2015 del Cheerleaders\u00a0Dance de toda la V Regi\u00f3n.\" width=\"300\" height=\"198\" srcset=\"https:\/\/i0.wp.com\/eltrabajo.cl\/portal\/wp-content\/uploads\/2015\/10\/Campeonas33.jpg?resize=300%2C198&amp;ssl=1 300w, https:\/\/i0.wp.com\/eltrabajo.cl\/portal\/wp-content\/uploads\/2015\/10\/Campeonas33.jpg?resize=200%2C132&amp;ssl=1 200w, https:\/\/i0.wp.com\/eltrabajo.cl\/portal\/wp-content\/uploads\/2015\/10\/Campeonas33.jpg?resize=227%2C150&amp;ssl=1 227w, https:\/\/i0.wp.com\/eltrabajo.cl\/portal\/wp-content\/uploads\/2015\/10\/Campeonas33.jpg?resize=400%2C264&amp;ssl=1 400w, https:\/\/i0.wp.com\/eltrabajo.cl\/portal\/wp-content\/uploads\/2015\/10\/Campeonas33.jpg?w=530&amp;ssl=1 530w\" sizes=\"auto, (max-width: 300px) 100vw, 300px\" \/><\/a><figcaption id=\"caption-attachment-63077\" class=\"wp-caption-text\">LAS MEJORES.- Ellas son las campeonas regionales 2015 del Cheerleaders\u00a0Dance de toda la V Regi\u00f3n.<\/figcaption><\/figure>\n<p><strong>SANTA MAR\u00cdA<\/strong>.- Derrotando a m\u00e1s de 39 equipos de Cheerleaders\u00a0Dance de toda la V Regi\u00f3n y apuntando a grandes cosas, as\u00ed se coronaron este fin de semana las peque\u00f1as deportistas del Liceo Dar\u00edo Salas, quienes luego de un largo y disputado proceso de competencias en el a\u00f1o, lograron ganar el campeonato regional en la categor\u00eda piwi, y un tercer lugar regional en la categor\u00eda Young.<br \/>\n\u00abLas ni\u00f1as est\u00e1n muy entusiasmadas con estos triunfos regionales, ahora ya se preparan para el Nacional en Santiago en Teatro Caupolic\u00e1n, el 22 de noviembre pr\u00f3ximo. Ellas han ensayado mucho y tambi\u00e9n enfrentaron a sus rivales en toda la regi\u00f3n\u00bb, explic\u00f3 a Diario El Trabajo la entrenadora y profesora de Educaci\u00f3n F\u00edsica del Dar\u00edo Salas, Solange Rodr\u00edguez.<\/p>\n<figure id=\"attachment_63078\" aria-describedby=\"caption-attachment-63078\" style=\"width: 300px\" class=\"wp-caption alignright\"><a href=\"https:\/\/i0.wp.com\/www.eltrabajo.cl\/portal\/wp-content\/uploads\/2015\/10\/Solange-Rodriguez.jpg\"><img data-recalc-dims=\"1\" loading=\"lazy\" decoding=\"async\" class=\"wp-image-63078 size-medium\" src=\"https:\/\/i0.wp.com\/www.eltrabajo.cl\/portal\/wp-content\/uploads\/2015\/10\/Solange-Rodriguez-300x197.jpg?resize=300%2C197\" alt=\"Entrenadora y profesora de Educaci\u00f3n F\u00edsica del Dar\u00edo Salas, Solange Rodr\u00edguez.\" width=\"300\" height=\"197\" srcset=\"https:\/\/i0.wp.com\/eltrabajo.cl\/portal\/wp-content\/uploads\/2015\/10\/Solange-Rodriguez.jpg?resize=300%2C197&amp;ssl=1 300w, https:\/\/i0.wp.com\/eltrabajo.cl\/portal\/wp-content\/uploads\/2015\/10\/Solange-Rodriguez.jpg?resize=200%2C131&amp;ssl=1 200w, https:\/\/i0.wp.com\/eltrabajo.cl\/portal\/wp-content\/uploads\/2015\/10\/Solange-Rodriguez.jpg?resize=228%2C150&amp;ssl=1 228w, https:\/\/i0.wp.com\/eltrabajo.cl\/portal\/wp-content\/uploads\/2015\/10\/Solange-Rodriguez.jpg?resize=400%2C263&amp;ssl=1 400w, https:\/\/i0.wp.com\/eltrabajo.cl\/portal\/wp-content\/uploads\/2015\/10\/Solange-Rodriguez.jpg?w=530&amp;ssl=1 530w\" sizes=\"auto, (max-width: 300px) 100vw, 300px\" \/><\/a><figcaption id=\"caption-attachment-63078\" class=\"wp-caption-text\">Entrenadora y profesora de Educaci\u00f3n F\u00edsica del Dar\u00edo Salas, Solange Rodr\u00edguez.<\/figcaption><\/figure>\n<p>Seg\u00fan coment\u00f3 la entrenadora, normalmente en estos torneos las ni\u00f1as reciben premios especiales, sets de maquillaje; trajes e implementos para sus competencias.<br \/>\nLas peque\u00f1itas regresaron del Teatro Telet\u00f3n de Santiago cargadas de medallas y copas, por lo que en Diario El Trabajo felicitamos a estas explosivas peque\u00f1itas del Liceo Dar\u00edo Salas, a la vez que les deseamos mucha suerte en el pr\u00f3ximo Nacional.<br \/>\n<strong>Roberto Gonz\u00e1lez Short<\/strong><br \/>\n<strong>rgonzalez@eltrabajo.cl<\/strong><\/p>\n","protected":false},"excerpt":{"rendered":"<p>SANTA MAR\u00cdA.- Derrotando a m\u00e1s de 39 equipos de Cheerleaders\u00a0Dance de toda la V Regi\u00f3n y apuntando a grandes cosas, as\u00ed se coronaron este fin de semana las peque\u00f1as deportistas del Liceo&#8230;<\/p>\n","protected":false},"author":482,"featured_media":63077,"comment_status":"open","ping_status":"open","sticky":false,"template":"","format":"standard","meta":{"advanced_seo_description":"","jetpack_seo_html_title":"","jetpack_seo_noindex":false,"_jetpack_memberships_contains_paid_content":false,"footnotes":""},"categories":[15],"tags":[],"class_list":["post-63076","post","type-post","status-publish","format-standard","has-post-thumbnail","hentry","category-comunidad"],"jetpack_featured_media_url":"https:\/\/i0.wp.com\/eltrabajo.cl\/portal\/wp-content\/uploads\/2015\/10\/Campeonas33.jpg?fit=530%2C350&ssl=1","jetpack_sharing_enabled":true,"jetpack_likes_enabled":true,"jetpack-related-posts":[],"_links":{"self":[{"href":"https:\/\/eltrabajo.cl\/portal\/wp-json\/wp\/v2\/posts\/63076","targetHints":{"allow":["GET"]}}],"collection":[{"href":"https:\/\/eltrabajo.cl\/portal\/wp-json\/wp\/v2\/posts"}],"about":[{"href":"https:\/\/eltrabajo.cl\/portal\/wp-json\/wp\/v2\/types\/post"}],"author":[{"embeddable":true,"href":"https:\/\/eltrabajo.cl\/portal\/wp-json\/wp\/v2\/users\/482"}],"replies":[{"embeddable":true,"href":"https:\/\/eltrabajo.cl\/portal\/wp-json\/wp\/v2\/comments?post=63076"}],"version-history":[{"count":0,"href":"https:\/\/eltrabajo.cl\/portal\/wp-json\/wp\/v2\/posts\/63076\/revisions"}],"wp:featuredmedia":[{"embeddable":true,"href":"https:\/\/eltrabajo.cl\/portal\/wp-json\/wp\/v2\/media\/63077"}],"wp:attachment":[{"href":"https:\/\/eltrabajo.cl\/portal\/wp-json\/wp\/v2\/media?parent=63076"}],"wp:term":[{"taxonomy":"category","embeddable":true,"href":"https:\/\/eltrabajo.cl\/portal\/wp-json\/wp\/v2\/categories?post=63076"},{"taxonomy":"post_tag","embeddable":true,"href":"https:\/\/eltrabajo.cl\/portal\/wp-json\/wp\/v2\/tags?post=63076"}],"curies":[{"name":"wp","href":"https:\/\/api.w.org\/{rel}","templated":true}]}}