{"id":63080,"date":"2015-10-21T09:35:02","date_gmt":"2015-10-21T12:35:02","guid":{"rendered":"http:\/\/www.eltrabajo.cl\/portal\/?p=63080"},"modified":"2015-10-21T09:35:02","modified_gmt":"2015-10-21T12:35:02","slug":"presidente-de-jvrp-senala-que-productores-de-fruta-son-los-mas-perjudicados-por-inusuales-lluvias","status":"publish","type":"post","link":"https:\/\/eltrabajo.cl\/portal\/presidente-de-jvrp-senala-que-productores-de-fruta-son-los-mas-perjudicados-por-inusuales-lluvias\/","title":{"rendered":"Presidente de JVRP se\u00f1ala que productores de fruta son los m\u00e1s perjudicados por inusuales lluvias"},"content":{"rendered":"<figure id=\"attachment_63081\" aria-describedby=\"caption-attachment-63081\" style=\"width: 300px\" class=\"wp-caption alignleft\"><a href=\"https:\/\/i0.wp.com\/www.eltrabajo.cl\/portal\/wp-content\/uploads\/2015\/10\/Miguel-Vega.jpg\"><img data-recalc-dims=\"1\" loading=\"lazy\" decoding=\"async\" class=\"wp-image-63081 size-medium\" src=\"https:\/\/i0.wp.com\/www.eltrabajo.cl\/portal\/wp-content\/uploads\/2015\/10\/Miguel-Vega-300x198.jpg?resize=300%2C198\" alt=\"Miguel Vega, presidente de la Junta de Vigilancia del R\u00edo Putaendo.\" width=\"300\" height=\"198\" srcset=\"https:\/\/i0.wp.com\/eltrabajo.cl\/portal\/wp-content\/uploads\/2015\/10\/Miguel-Vega.jpg?resize=300%2C198&amp;ssl=1 300w, https:\/\/i0.wp.com\/eltrabajo.cl\/portal\/wp-content\/uploads\/2015\/10\/Miguel-Vega.jpg?resize=200%2C132&amp;ssl=1 200w, https:\/\/i0.wp.com\/eltrabajo.cl\/portal\/wp-content\/uploads\/2015\/10\/Miguel-Vega.jpg?resize=227%2C150&amp;ssl=1 227w, https:\/\/i0.wp.com\/eltrabajo.cl\/portal\/wp-content\/uploads\/2015\/10\/Miguel-Vega.jpg?resize=400%2C264&amp;ssl=1 400w, https:\/\/i0.wp.com\/eltrabajo.cl\/portal\/wp-content\/uploads\/2015\/10\/Miguel-Vega.jpg?w=530&amp;ssl=1 530w\" sizes=\"auto, (max-width: 300px) 100vw, 300px\" \/><\/a><figcaption id=\"caption-attachment-63081\" class=\"wp-caption-text\">Miguel Vega, presidente de la Junta de Vigilancia del R\u00edo Putaendo.<\/figcaption><\/figure>\n<p><strong>PUTAENDO<\/strong>.-Las \u00faltimas lluvias registradas en gran parte del pa\u00eds han generado varias sensaciones en la comunidad de Putaendo, que en general las recibe con optimismo, a excepci\u00f3n de los productores de fruta de nuestra comuna, que de acuerdo a lo expuesto por la Junta de Vigilancia del R\u00edo Putaendo, a trav\u00e9s de su presidente, Miguel Vega, ser\u00e1n los m\u00e1s perjudicados con estos inusuales frentes de mal tiempo.<br \/>\nEl dirigente asegur\u00f3 que las \u00faltimas lluvias registradas durante este mes han sido una inquietud constante para los productores de durazno, damasco y cerezos, porque en estos casos el \u00edndice en el rendimiento de esta fruta est\u00e1 pr\u00e1cticamente en cero, mientras que la producci\u00f3n de duraznos a\u00fan no se encuentra en proceso de \u2018flor\u2019, cuando a esta altura del a\u00f1o se debiera estar con la fruta raleada.<br \/>\nVega puntualiz\u00f3 que el da\u00f1o ya es agobiante para los agricultores, m\u00e1s a\u00fan cuando se anuncian m\u00e1s precipitaciones, mientras que tambi\u00e9n se visualiza una arista de optimismo debido a que ha aumentado el \u00edndice de agua lluvia ca\u00edda en la comuna y la acumulaci\u00f3n de nieve en la cordillera, hechos que han superado los registros normales, ejemplificados en las cifras que arrojan m\u00e1s de 240 mil\u00edmetros de agua lluvia y entre 3 a 4 metros de nieve en la cordillera, lo que a juicio del dirigente dar\u00e1 una seguridad de riego para los agricultores de Putaendo.<br \/>\nEl Presidente de la JVRP plante\u00f3 que hoy se est\u00e1 entregando turno extendido de agua en todos los sectores, lo que debiera mantenerse a lo menos hasta el 15 de enero de 2016, situaci\u00f3n que es evidenciada en los casi 8.000 metros c\u00fabicos de agua en el caudal del R\u00edo Putaendo.<br \/>\nEn lo referido al Embalse Chacrillas, Miguel Vega dijo que la mega obra debiese estar terminada en su totalidad en marzo del pr\u00f3ximo a\u00f1o, mientras que los trabajos de sellado se est\u00e1n desarrollando dentro de lo estimado, y se mantiene la expectativa que se pueda almacenar agua proveniente de los deshielos que debiesen comenzar el pr\u00f3ximo mes, con m\u00e1s abundancia que a\u00f1os precedentes debido a la amplia cantidad de nieve.<br \/>\n<strong>Patricio Gallardo M.<\/strong><\/p>\n","protected":false},"excerpt":{"rendered":"<p>PUTAENDO.-Las \u00faltimas lluvias registradas en gran parte del pa\u00eds han generado varias sensaciones en la comunidad de Putaendo, que en general las recibe con optimismo, a excepci\u00f3n de los productores de fruta&#8230;<\/p>\n","protected":false},"author":482,"featured_media":63081,"comment_status":"open","ping_status":"open","sticky":false,"template":"","format":"standard","meta":{"advanced_seo_description":"","jetpack_seo_html_title":"","jetpack_seo_noindex":false,"_jetpack_memberships_contains_paid_content":false,"footnotes":""},"categories":[1],"tags":[],"class_list":["post-63080","post","type-post","status-publish","format-standard","has-post-thumbnail","hentry","category-cronica"],"jetpack_featured_media_url":"https:\/\/i0.wp.com\/eltrabajo.cl\/portal\/wp-content\/uploads\/2015\/10\/Miguel-Vega.jpg?fit=530%2C350&ssl=1","jetpack_sharing_enabled":true,"jetpack_likes_enabled":true,"jetpack-related-posts":[],"_links":{"self":[{"href":"https:\/\/eltrabajo.cl\/portal\/wp-json\/wp\/v2\/posts\/63080","targetHints":{"allow":["GET"]}}],"collection":[{"href":"https:\/\/eltrabajo.cl\/portal\/wp-json\/wp\/v2\/posts"}],"about":[{"href":"https:\/\/eltrabajo.cl\/portal\/wp-json\/wp\/v2\/types\/post"}],"author":[{"embeddable":true,"href":"https:\/\/eltrabajo.cl\/portal\/wp-json\/wp\/v2\/users\/482"}],"replies":[{"embeddable":true,"href":"https:\/\/eltrabajo.cl\/portal\/wp-json\/wp\/v2\/comments?post=63080"}],"version-history":[{"count":0,"href":"https:\/\/eltrabajo.cl\/portal\/wp-json\/wp\/v2\/posts\/63080\/revisions"}],"wp:featuredmedia":[{"embeddable":true,"href":"https:\/\/eltrabajo.cl\/portal\/wp-json\/wp\/v2\/media\/63081"}],"wp:attachment":[{"href":"https:\/\/eltrabajo.cl\/portal\/wp-json\/wp\/v2\/media?parent=63080"}],"wp:term":[{"taxonomy":"category","embeddable":true,"href":"https:\/\/eltrabajo.cl\/portal\/wp-json\/wp\/v2\/categories?post=63080"},{"taxonomy":"post_tag","embeddable":true,"href":"https:\/\/eltrabajo.cl\/portal\/wp-json\/wp\/v2\/tags?post=63080"}],"curies":[{"name":"wp","href":"https:\/\/api.w.org\/{rel}","templated":true}]}}