{"id":63083,"date":"2015-10-21T09:36:43","date_gmt":"2015-10-21T12:36:43","guid":{"rendered":"http:\/\/www.eltrabajo.cl\/portal\/?p=63083"},"modified":"2015-10-21T09:36:43","modified_gmt":"2015-10-21T12:36:43","slug":"destacan-cultura-de-dialogo-que-primaria-con-reforma-laboral","status":"publish","type":"post","link":"https:\/\/eltrabajo.cl\/portal\/destacan-cultura-de-dialogo-que-primaria-con-reforma-laboral\/","title":{"rendered":"Destacan \u2018cultura de di\u00e1logo\u2019 que primar\u00eda con Reforma Laboral"},"content":{"rendered":"<figure id=\"attachment_63084\" aria-describedby=\"caption-attachment-63084\" style=\"width: 300px\" class=\"wp-caption alignleft\"><a href=\"https:\/\/i0.wp.com\/www.eltrabajo.cl\/portal\/wp-content\/uploads\/2015\/10\/Reunion-gobernador-Seremi-trabajo.jpg\"><img data-recalc-dims=\"1\" loading=\"lazy\" decoding=\"async\" class=\"wp-image-63084 size-medium\" src=\"https:\/\/i0.wp.com\/www.eltrabajo.cl\/portal\/wp-content\/uploads\/2015\/10\/Reunion-gobernador-Seremi-trabajo-300x198.jpg?resize=300%2C198\" alt=\"La seremi del Trabajo Karen Medina en una visita a la Provincia de San Felipe, se reuni\u00f3 con el gobernador Eduardo Le\u00f3n y un grupo de dirigentes sindicales del comercio retail, para analizar diversas inquietudes y aclarar dudas respecto.\" width=\"300\" height=\"198\" srcset=\"https:\/\/i0.wp.com\/eltrabajo.cl\/portal\/wp-content\/uploads\/2015\/10\/Reunion-gobernador-Seremi-trabajo.jpg?resize=300%2C198&amp;ssl=1 300w, https:\/\/i0.wp.com\/eltrabajo.cl\/portal\/wp-content\/uploads\/2015\/10\/Reunion-gobernador-Seremi-trabajo.jpg?resize=200%2C132&amp;ssl=1 200w, https:\/\/i0.wp.com\/eltrabajo.cl\/portal\/wp-content\/uploads\/2015\/10\/Reunion-gobernador-Seremi-trabajo.jpg?resize=227%2C150&amp;ssl=1 227w, https:\/\/i0.wp.com\/eltrabajo.cl\/portal\/wp-content\/uploads\/2015\/10\/Reunion-gobernador-Seremi-trabajo.jpg?resize=400%2C264&amp;ssl=1 400w, https:\/\/i0.wp.com\/eltrabajo.cl\/portal\/wp-content\/uploads\/2015\/10\/Reunion-gobernador-Seremi-trabajo.jpg?w=530&amp;ssl=1 530w\" sizes=\"auto, (max-width: 300px) 100vw, 300px\" \/><\/a><figcaption id=\"caption-attachment-63084\" class=\"wp-caption-text\">La seremi del Trabajo Karen Medina en una visita a la Provincia de San Felipe, se reuni\u00f3 con el gobernador Eduardo Le\u00f3n y un grupo de dirigentes sindicales del comercio retail, para analizar diversas inquietudes y aclarar dudas respecto.<\/figcaption><\/figure>\n<ul>\n<li><strong>Seremi del Trabajo y Previsi\u00f3n Social y Gobernador de la Provincia de San Felipe valoraron iniciativa que pretende generar equilibrio y crear mayores acuerdos en las negociaciones colectivas.<\/strong><\/li>\n<\/ul>\n<p>Tras su visita a la Provincia de San Felipe, la seremi del Trabajo y Previsi\u00f3n Social, Karen Medina, se reuni\u00f3 con el gobernador Eduardo Le\u00f3n y un grupo de dirigentes sindicales del comercio retail, para analizar diversas inquietudes y aclarar dudas respecto a las implicancias y beneficios que traer\u00e1 la puesta en marcha de la Reforma Laboral en la zona, proyecto de ley que ya se encuentra en sus \u00faltimos tr\u00e1mites en el Congreso Nacional, y que espera traducirse en ampliar los espacios para que los trabajadores puedan llegar a acuerdos al interior de sus empresas, generando una cultura de di\u00e1logo que otorgue mayor equidad en la negociaci\u00f3n.<br \/>\nTras la reuni\u00f3n, la Seremi Karen Medina destac\u00f3 que \u201ca semanas de aprobarse el proyecto de ley que moderniza y mejora las relaciones laborales, es necesario seguir coment\u00e1ndolo, difundi\u00e9ndolo con los actores que se van a ver beneficiados con esta iniciativa, que son las organizaciones sindicales, al igual que los empleadores, considerando el objetivo principal de este proyecto de ley, que es garantizar la cultura del di\u00e1logo como el instrumento para llegar a acuerdos que permiten garantizar el fin; que cuando a una empresa le haya ido bien y efectivamente tiene ganancias, que eso tambi\u00e9n se pueda reflejar en los trabajadores, y en un ejercicio sano de negociaci\u00f3n colectiva donde el conflicto no sea la manera de resolver\u201d, indic\u00f3.<br \/>\nPor su parte, el gobernador Eduardo Le\u00f3n destac\u00f3 que \u201chemos tenido reuniones con varios sindicatos del retail y a la vez, abordando la reforma laboral, nos interesa la participaci\u00f3n, la informaci\u00f3n y el contenido de este iniciativa del Gobierno de la Presidenta Bachelet. A nosotros como Gobierno nos interesa un debate, pero que \u00e9ste sea informado. Queremos emparejar la cancha a todo nivel y uno de esos avances, es esta reforma laboral\u201d, puntualiz\u00f3 la m\u00e1xima autoridad provincial.<br \/>\nAdem\u00e1s, ambas autoridades recordaron que, tal y como est\u00e1 considerado hoy en d\u00eda el proyecto, la iniciativa apunta a mejorar los climas laborales, teniendo mayores espacios para el di\u00e1logo y mejorar as\u00ed la productividad en las empresas.<\/p>\n","protected":false},"excerpt":{"rendered":"<p>Seremi del Trabajo y Previsi\u00f3n Social y Gobernador de la Provincia de San Felipe valoraron iniciativa que pretende generar equilibrio y crear mayores acuerdos en las negociaciones colectivas. Tras su visita a&#8230;<\/p>\n","protected":false},"author":482,"featured_media":63084,"comment_status":"open","ping_status":"open","sticky":false,"template":"","format":"standard","meta":{"advanced_seo_description":"","jetpack_seo_html_title":"","jetpack_seo_noindex":false,"_jetpack_memberships_contains_paid_content":false,"footnotes":""},"categories":[1],"tags":[],"class_list":["post-63083","post","type-post","status-publish","format-standard","has-post-thumbnail","hentry","category-cronica"],"jetpack_featured_media_url":"https:\/\/i0.wp.com\/eltrabajo.cl\/portal\/wp-content\/uploads\/2015\/10\/Reunion-gobernador-Seremi-trabajo.jpg?fit=530%2C350&ssl=1","jetpack_sharing_enabled":true,"jetpack_likes_enabled":true,"jetpack-related-posts":[],"_links":{"self":[{"href":"https:\/\/eltrabajo.cl\/portal\/wp-json\/wp\/v2\/posts\/63083","targetHints":{"allow":["GET"]}}],"collection":[{"href":"https:\/\/eltrabajo.cl\/portal\/wp-json\/wp\/v2\/posts"}],"about":[{"href":"https:\/\/eltrabajo.cl\/portal\/wp-json\/wp\/v2\/types\/post"}],"author":[{"embeddable":true,"href":"https:\/\/eltrabajo.cl\/portal\/wp-json\/wp\/v2\/users\/482"}],"replies":[{"embeddable":true,"href":"https:\/\/eltrabajo.cl\/portal\/wp-json\/wp\/v2\/comments?post=63083"}],"version-history":[{"count":0,"href":"https:\/\/eltrabajo.cl\/portal\/wp-json\/wp\/v2\/posts\/63083\/revisions"}],"wp:featuredmedia":[{"embeddable":true,"href":"https:\/\/eltrabajo.cl\/portal\/wp-json\/wp\/v2\/media\/63084"}],"wp:attachment":[{"href":"https:\/\/eltrabajo.cl\/portal\/wp-json\/wp\/v2\/media?parent=63083"}],"wp:term":[{"taxonomy":"category","embeddable":true,"href":"https:\/\/eltrabajo.cl\/portal\/wp-json\/wp\/v2\/categories?post=63083"},{"taxonomy":"post_tag","embeddable":true,"href":"https:\/\/eltrabajo.cl\/portal\/wp-json\/wp\/v2\/tags?post=63083"}],"curies":[{"name":"wp","href":"https:\/\/api.w.org\/{rel}","templated":true}]}}