{"id":63086,"date":"2015-10-21T09:38:11","date_gmt":"2015-10-21T12:38:11","guid":{"rendered":"http:\/\/www.eltrabajo.cl\/portal\/?p=63086"},"modified":"2015-10-21T09:38:11","modified_gmt":"2015-10-21T12:38:11","slug":"concejal-covarrubias-pide-replicar-farmacia-municipal-para-san-felipe","status":"publish","type":"post","link":"https:\/\/eltrabajo.cl\/portal\/concejal-covarrubias-pide-replicar-farmacia-municipal-para-san-felipe\/","title":{"rendered":"Concejal Covarrubias pide replicar farmacia municipal para San Felipe"},"content":{"rendered":"<figure id=\"attachment_63087\" aria-describedby=\"caption-attachment-63087\" style=\"width: 300px\" class=\"wp-caption alignleft\"><a href=\"https:\/\/i0.wp.com\/www.eltrabajo.cl\/portal\/wp-content\/uploads\/2015\/10\/Covarrubias.jpg\"><img data-recalc-dims=\"1\" loading=\"lazy\" decoding=\"async\" class=\"wp-image-63087 size-medium\" src=\"https:\/\/i0.wp.com\/www.eltrabajo.cl\/portal\/wp-content\/uploads\/2015\/10\/Covarrubias-300x197.jpg?resize=300%2C197\" alt=\"Concejal Ricardo Covarrubias ir\u00e1 hasta el municipio de Recoleta para requerir mayores antecdentes sobre esta iniciativa.\" width=\"300\" height=\"197\" srcset=\"https:\/\/i0.wp.com\/eltrabajo.cl\/portal\/wp-content\/uploads\/2015\/10\/Covarrubias.jpg?resize=300%2C197&amp;ssl=1 300w, https:\/\/i0.wp.com\/eltrabajo.cl\/portal\/wp-content\/uploads\/2015\/10\/Covarrubias.jpg?resize=200%2C131&amp;ssl=1 200w, https:\/\/i0.wp.com\/eltrabajo.cl\/portal\/wp-content\/uploads\/2015\/10\/Covarrubias.jpg?resize=228%2C150&amp;ssl=1 228w, https:\/\/i0.wp.com\/eltrabajo.cl\/portal\/wp-content\/uploads\/2015\/10\/Covarrubias.jpg?resize=400%2C263&amp;ssl=1 400w, https:\/\/i0.wp.com\/eltrabajo.cl\/portal\/wp-content\/uploads\/2015\/10\/Covarrubias.jpg?w=530&amp;ssl=1 530w\" sizes=\"auto, (max-width: 300px) 100vw, 300px\" \/><\/a><figcaption id=\"caption-attachment-63087\" class=\"wp-caption-text\">Concejal Ricardo Covarrubias ir\u00e1 hasta el municipio de Recoleta para requerir mayores antecdentes sobre esta iniciativa.<\/figcaption><\/figure>\n<p>El concejal Ricardo Covarrubias solicit\u00f3 en sesi\u00f3n de Concejo, replicar la iniciativa impulsada por el municipio de la comuna de Recoleta de disponer de una farmacia municipal con la finalidad de responder a la alta demanda de medicamentos que en el mercado existente no est\u00e1n al alcance de los bolsillos de los vecinos.<br \/>\nAl ser consultado sobre esta iniciativa, manifest\u00f3 haber sostenido una conversaci\u00f3n con el alcalde de Recoleta, Daniel Jadue, quien le entreg\u00f3 algunos par\u00e1metros para lograr llevar adelante dicha iniciativa: \u00abTuvo que sortear todos los lineamientos de exigencias que dispone el Instituto de Salud P\u00fablica, raz\u00f3n por la cual hace m\u00e1s veraz este mecanismo que va en directo beneficio de los m\u00e1s pobres ante la colusi\u00f3n de las grandes cadenas farmac\u00e9uticas\u00bb, asever\u00f3 el concejal.<br \/>\nA su vez puntualiz\u00f3 que era necesario impulsar la farmacia municipal porque con ello los precios a los usuarios les sale al costo, \u00abporque est\u00e1 claro que las grandes cadenas de farmacias se coluden y triplican los precios de los medicamentos, y dejan en la calle a los usuarios por sus altos costos\u00bb, indic\u00f3.<br \/>\nAl mismo tiempo indic\u00f3 que dicha propuesta la hizo en sesi\u00f3n de Concejo y que esta semana viajar\u00e1 hasta Recoleta con la finalidad de recoger todos los aspectos legales y administrativos para hacer operativo este proceso: \u00abYo pienso que nuestra ciudad de San Felipe no puede quedar al margen de este compromiso con los vecinos de nuestra comuna, porque el tema remedios o medicamentos son caros y destruye cualquier econom\u00eda hogare\u00f1a\u00bb, precis\u00f3 el concejal.<br \/>\nFinalmente manifest\u00f3 que \u00abnosotros como municipio debemos velar porque nuestros vecinos tengan los accesos dignos para sus atenciones en salud, y desde luego que el tema medicamentos no es ajeno a ello, por cuanto debemos ponernos al nivel de las exigencias toda vez que la municipalidad debe realizar gastos que implican altos costos a trav\u00e9s de la Direcci\u00f3n de Desarrollo Comunal, ya sea para comprar medicamentos o cancelar tratamientos y apoyos paliativos para enfermedades cr\u00f3nicas de nuestros vecinos\u00bb, concluy\u00f3 Ricardo Covarrubias.<\/p>\n","protected":false},"excerpt":{"rendered":"<p>El concejal Ricardo Covarrubias solicit\u00f3 en sesi\u00f3n de Concejo, replicar la iniciativa impulsada por el municipio de la comuna de Recoleta de disponer de una farmacia municipal con la finalidad de responder&#8230;<\/p>\n","protected":false},"author":482,"featured_media":63087,"comment_status":"open","ping_status":"open","sticky":false,"template":"","format":"standard","meta":{"advanced_seo_description":"","jetpack_seo_html_title":"","jetpack_seo_noindex":false,"_jetpack_memberships_contains_paid_content":false,"footnotes":""},"categories":[1],"tags":[],"class_list":["post-63086","post","type-post","status-publish","format-standard","has-post-thumbnail","hentry","category-cronica"],"jetpack_featured_media_url":"https:\/\/i0.wp.com\/eltrabajo.cl\/portal\/wp-content\/uploads\/2015\/10\/Covarrubias.jpg?fit=530%2C348&ssl=1","jetpack_sharing_enabled":true,"jetpack_likes_enabled":true,"jetpack-related-posts":[],"_links":{"self":[{"href":"https:\/\/eltrabajo.cl\/portal\/wp-json\/wp\/v2\/posts\/63086","targetHints":{"allow":["GET"]}}],"collection":[{"href":"https:\/\/eltrabajo.cl\/portal\/wp-json\/wp\/v2\/posts"}],"about":[{"href":"https:\/\/eltrabajo.cl\/portal\/wp-json\/wp\/v2\/types\/post"}],"author":[{"embeddable":true,"href":"https:\/\/eltrabajo.cl\/portal\/wp-json\/wp\/v2\/users\/482"}],"replies":[{"embeddable":true,"href":"https:\/\/eltrabajo.cl\/portal\/wp-json\/wp\/v2\/comments?post=63086"}],"version-history":[{"count":0,"href":"https:\/\/eltrabajo.cl\/portal\/wp-json\/wp\/v2\/posts\/63086\/revisions"}],"wp:featuredmedia":[{"embeddable":true,"href":"https:\/\/eltrabajo.cl\/portal\/wp-json\/wp\/v2\/media\/63087"}],"wp:attachment":[{"href":"https:\/\/eltrabajo.cl\/portal\/wp-json\/wp\/v2\/media?parent=63086"}],"wp:term":[{"taxonomy":"category","embeddable":true,"href":"https:\/\/eltrabajo.cl\/portal\/wp-json\/wp\/v2\/categories?post=63086"},{"taxonomy":"post_tag","embeddable":true,"href":"https:\/\/eltrabajo.cl\/portal\/wp-json\/wp\/v2\/tags?post=63086"}],"curies":[{"name":"wp","href":"https:\/\/api.w.org\/{rel}","templated":true}]}}