{"id":63089,"date":"2015-10-21T09:42:57","date_gmt":"2015-10-21T12:42:57","guid":{"rendered":"http:\/\/www.eltrabajo.cl\/portal\/?p=63089"},"modified":"2015-10-21T09:42:57","modified_gmt":"2015-10-21T12:42:57","slug":"despues-de-7-anos-condenan-a-sujeto-que-violo-a-un-nino","status":"publish","type":"post","link":"https:\/\/eltrabajo.cl\/portal\/despues-de-7-anos-condenan-a-sujeto-que-violo-a-un-nino\/","title":{"rendered":"Despu\u00e9s de 7 a\u00f1os condenan a sujeto que viol\u00f3 a un ni\u00f1o"},"content":{"rendered":"<figure id=\"attachment_63090\" aria-describedby=\"caption-attachment-63090\" style=\"width: 300px\" class=\"wp-caption alignleft\"><a href=\"https:\/\/i0.wp.com\/www.eltrabajo.cl\/portal\/wp-content\/uploads\/2015\/10\/ni%C3%B1o-violado.jpg\"><img data-recalc-dims=\"1\" loading=\"lazy\" decoding=\"async\" class=\"wp-image-63090 size-medium\" src=\"https:\/\/i0.wp.com\/www.eltrabajo.cl\/portal\/wp-content\/uploads\/2015\/10\/ni%C3%B1o-violado-300x199.jpg?resize=300%2C199\" alt=\"El ni\u00f1o v\u00edctima de este bestial crimen, hoy un adolescente logr\u00f3 llevar a juicio a su agresor que lo viol\u00f3 en la comuna de Santa Mar\u00eda (imagen referencial).\" width=\"300\" height=\"199\" srcset=\"https:\/\/i0.wp.com\/eltrabajo.cl\/portal\/wp-content\/uploads\/2015\/10\/ni%C3%B1o-violado.jpg?resize=300%2C199&amp;ssl=1 300w, https:\/\/i0.wp.com\/eltrabajo.cl\/portal\/wp-content\/uploads\/2015\/10\/ni%C3%B1o-violado.jpg?resize=200%2C133&amp;ssl=1 200w, https:\/\/i0.wp.com\/eltrabajo.cl\/portal\/wp-content\/uploads\/2015\/10\/ni%C3%B1o-violado.jpg?resize=226%2C150&amp;ssl=1 226w, https:\/\/i0.wp.com\/eltrabajo.cl\/portal\/wp-content\/uploads\/2015\/10\/ni%C3%B1o-violado.jpg?resize=400%2C265&amp;ssl=1 400w, https:\/\/i0.wp.com\/eltrabajo.cl\/portal\/wp-content\/uploads\/2015\/10\/ni%C3%B1o-violado.jpg?w=528&amp;ssl=1 528w\" sizes=\"auto, (max-width: 300px) 100vw, 300px\" \/><\/a><figcaption id=\"caption-attachment-63090\" class=\"wp-caption-text\">El ni\u00f1o v\u00edctima de este bestial crimen, hoy un adolescente logr\u00f3 llevar a juicio a su agresor que lo viol\u00f3 en la comuna de Santa Mar\u00eda (imagen referencial).<\/figcaption><\/figure>\n<ul>\n<li><strong>El violador, de origen mapuche, se encontraba pr\u00f3fugo de la justicia y fue condenado por el Tribunal Oral tras las pruebas presentadas por la Fiscal\u00eda de San Felipe, que demostraron su culpabilidad en este delito cometido en la comuna de Santa Mar\u00eda.<\/strong><\/li>\n<\/ul>\n<p>Fueron a\u00f1os y a\u00f1os de espera para que un ni\u00f1o v\u00edctima, hoy actualmente un adolescente, demostrara ante la justicia haber sido bestialmente violado por un sujeto que lo intimid\u00f3, fingiendo ser un psic\u00f3logo perteneciente a la Polic\u00eda de Investigaciones, oblig\u00e1ndolo a que lo acompa\u00f1ara hasta una casa abandonada donde se cometi\u00f3 el desgarrador crimen en la comuna de Santa Mar\u00eda.<br \/>\nDe acuerdo a las investigaciones que curs\u00f3 la Fiscal\u00eda, el sujeto de origen mapuche, identificado como Ricardo Erasmo Huachunao Cayuqueo, logr\u00f3 ser sometido a juicio luego de encontrarse pr\u00f3fugo de la justicia, siendo capturado en la Novena Regi\u00f3n del pa\u00eds; no obstante, para ser procesado por el Tribunal de San Felipe, qued\u00f3 bajo la cautelar de prisi\u00f3n preventiva para garantizar su presencia a los actos del procedimiento.<br \/>\nLos detalles de la acusaci\u00f3n, que en el a\u00f1o 2008 encabez\u00f3 la otrora fiscal de delitos sexuales de San Felipe Yasmina Asp\u00e9, acusaban a este sujeto de violaci\u00f3n, en circunstancias que la v\u00edctima transitaba por la v\u00eda p\u00fablica de la comuna de Santa Mar\u00eda cuando fue enga\u00f1ado por el falso psic\u00f3logo de la PDI, obligando al menor a acompa\u00f1arlo hasta una vivienda por una supuesta investigaci\u00f3n.<\/p>\n<figure id=\"attachment_63091\" aria-describedby=\"caption-attachment-63091\" style=\"width: 300px\" class=\"wp-caption alignright\"><a href=\"https:\/\/i0.wp.com\/www.eltrabajo.cl\/portal\/wp-content\/uploads\/2015\/10\/Fiscal-Daniela-Quevedo1.jpg\"><img data-recalc-dims=\"1\" loading=\"lazy\" decoding=\"async\" class=\"wp-image-63091 size-medium\" src=\"https:\/\/i0.wp.com\/www.eltrabajo.cl\/portal\/wp-content\/uploads\/2015\/10\/Fiscal-Daniela-Quevedo1-300x198.jpg?resize=300%2C198\" alt=\"La Fiscal Daniela Quevedo persigue una pena de 5 a\u00f1os y un d\u00eda en contra del sujeto de origen mapuche por el delito de violaci\u00f3n.\" width=\"300\" height=\"198\" srcset=\"https:\/\/i0.wp.com\/eltrabajo.cl\/portal\/wp-content\/uploads\/2015\/10\/Fiscal-Daniela-Quevedo1.jpg?resize=300%2C198&amp;ssl=1 300w, https:\/\/i0.wp.com\/eltrabajo.cl\/portal\/wp-content\/uploads\/2015\/10\/Fiscal-Daniela-Quevedo1.jpg?resize=200%2C132&amp;ssl=1 200w, https:\/\/i0.wp.com\/eltrabajo.cl\/portal\/wp-content\/uploads\/2015\/10\/Fiscal-Daniela-Quevedo1.jpg?resize=228%2C150&amp;ssl=1 228w, https:\/\/i0.wp.com\/eltrabajo.cl\/portal\/wp-content\/uploads\/2015\/10\/Fiscal-Daniela-Quevedo1.jpg?resize=400%2C263&amp;ssl=1 400w, https:\/\/i0.wp.com\/eltrabajo.cl\/portal\/wp-content\/uploads\/2015\/10\/Fiscal-Daniela-Quevedo1.jpg?w=530&amp;ssl=1 530w\" sizes=\"auto, (max-width: 300px) 100vw, 300px\" \/><\/a><figcaption id=\"caption-attachment-63091\" class=\"wp-caption-text\">La Fiscal Daniela Quevedo persigue una pena de 5 a\u00f1os y un d\u00eda en contra del sujeto de origen mapuche por el delito de violaci\u00f3n.<\/figcaption><\/figure>\n<p>El ni\u00f1o revel\u00f3 que el acusado procedi\u00f3 a violarlo en dos oportunidades mediante el uso de fuerza, logrando defenderse y golpear a su agresor en los test\u00edculos para que depusiera estas crueles vejaciones, huyendo r\u00e1pidamente hasta su domicilio, para contar lo ocurrido. \u00abLa v\u00edctima de inmediato le cuenta llorando a su abuela, despu\u00e9s salen junto a unos t\u00edos a realizar la denuncia a la polic\u00eda y durante el camino se encuentran con este sujeto reconocido por la v\u00edctima siendo detenido\u00bb, se\u00f1al\u00f3 la actual Fiscal a cargo de este caso, Daniela Quevedo Henr\u00edquez.<br \/>\nLa persecutora present\u00f3 las acusaciones en contra de Huachunao Cayuqueo en el Tribunal Oral en Lo Penal de San Felipe, luego de siete a\u00f1os trascurridos desde el d\u00eda de los hechos, mostrando pericias f\u00edsicas y psicol\u00f3gicas a las que fue sometido el menor atentado sexualmente, junto a su relato y el de testigos de contexto que acreditaron el delito.<br \/>\nEl razonamiento de la terna de jueces fue condenar a Ricardo Huachunao por violaci\u00f3n impropia a un menor de edad, pudiendo ser sentenciado a una pena de cinco a\u00f1os y un d\u00eda por este crimen, de acuerdo al requerimiento que efectu\u00f3 la Fiscal\u00eda en el a\u00f1o 2008. Dicha sentencia ser\u00e1 dada a conocer la tarde de hoy mi\u00e9rcoles en la sala del Tribunal Oral de San Felipe.<br \/>\n<strong>Pablo Salinas Sald\u00edas<\/strong><\/p>\n","protected":false},"excerpt":{"rendered":"<p>El violador, de origen mapuche, se encontraba pr\u00f3fugo de la justicia y fue condenado por el Tribunal Oral tras las pruebas presentadas por la Fiscal\u00eda de San Felipe, que demostraron su culpabilidad&#8230;<\/p>\n","protected":false},"author":482,"featured_media":63090,"comment_status":"open","ping_status":"open","sticky":false,"template":"","format":"standard","meta":{"advanced_seo_description":"","jetpack_seo_html_title":"","jetpack_seo_noindex":false,"_jetpack_memberships_contains_paid_content":false,"footnotes":""},"categories":[21],"tags":[],"class_list":["post-63089","post","type-post","status-publish","format-standard","has-post-thumbnail","hentry","category-policial"],"jetpack_featured_media_url":"https:\/\/i0.wp.com\/eltrabajo.cl\/portal\/wp-content\/uploads\/2015\/10\/ni%C3%B1o-violado.jpg?fit=528%2C350&ssl=1","jetpack_sharing_enabled":true,"jetpack_likes_enabled":true,"jetpack-related-posts":[],"_links":{"self":[{"href":"https:\/\/eltrabajo.cl\/portal\/wp-json\/wp\/v2\/posts\/63089","targetHints":{"allow":["GET"]}}],"collection":[{"href":"https:\/\/eltrabajo.cl\/portal\/wp-json\/wp\/v2\/posts"}],"about":[{"href":"https:\/\/eltrabajo.cl\/portal\/wp-json\/wp\/v2\/types\/post"}],"author":[{"embeddable":true,"href":"https:\/\/eltrabajo.cl\/portal\/wp-json\/wp\/v2\/users\/482"}],"replies":[{"embeddable":true,"href":"https:\/\/eltrabajo.cl\/portal\/wp-json\/wp\/v2\/comments?post=63089"}],"version-history":[{"count":0,"href":"https:\/\/eltrabajo.cl\/portal\/wp-json\/wp\/v2\/posts\/63089\/revisions"}],"wp:featuredmedia":[{"embeddable":true,"href":"https:\/\/eltrabajo.cl\/portal\/wp-json\/wp\/v2\/media\/63090"}],"wp:attachment":[{"href":"https:\/\/eltrabajo.cl\/portal\/wp-json\/wp\/v2\/media?parent=63089"}],"wp:term":[{"taxonomy":"category","embeddable":true,"href":"https:\/\/eltrabajo.cl\/portal\/wp-json\/wp\/v2\/categories?post=63089"},{"taxonomy":"post_tag","embeddable":true,"href":"https:\/\/eltrabajo.cl\/portal\/wp-json\/wp\/v2\/tags?post=63089"}],"curies":[{"name":"wp","href":"https:\/\/api.w.org\/{rel}","templated":true}]}}