{"id":63108,"date":"2015-10-22T09:24:25","date_gmt":"2015-10-22T12:24:25","guid":{"rendered":"http:\/\/www.eltrabajo.cl\/portal\/?p=63108"},"modified":"2015-10-22T09:24:25","modified_gmt":"2015-10-22T12:24:25","slug":"entregan-computadores-a-estudiantes-gracias-a-proyecto-me-conecto-para-aprender","status":"publish","type":"post","link":"https:\/\/eltrabajo.cl\/portal\/entregan-computadores-a-estudiantes-gracias-a-proyecto-me-conecto-para-aprender\/","title":{"rendered":"Entregan computadores a estudiantes gracias a proyecto \u2018Me Conecto para Aprender\u2019"},"content":{"rendered":"<figure id=\"attachment_63109\" aria-describedby=\"caption-attachment-63109\" style=\"width: 300px\" class=\"wp-caption alignleft\"><a href=\"https:\/\/i0.wp.com\/www.eltrabajo.cl\/portal\/wp-content\/uploads\/2015\/10\/Programa-Me-Conecto-para-Aprender-2.jpg\"><img data-recalc-dims=\"1\" loading=\"lazy\" decoding=\"async\" class=\"wp-image-63109 size-medium\" src=\"https:\/\/i0.wp.com\/www.eltrabajo.cl\/portal\/wp-content\/uploads\/2015\/10\/Programa-Me-Conecto-para-Aprender-2-300x198.jpg?resize=300%2C198\" alt=\"61 estudiantes se vieron beneficiados por este programa de gobierno que les entrega un computador y conexi\u00f3n a internet por un a\u00f1o, gracias al programa \u2018Me Conecto para Aprender\u2019.\" width=\"300\" height=\"198\" srcset=\"https:\/\/i0.wp.com\/eltrabajo.cl\/portal\/wp-content\/uploads\/2015\/10\/Programa-Me-Conecto-para-Aprender-2.jpg?resize=300%2C198&amp;ssl=1 300w, https:\/\/i0.wp.com\/eltrabajo.cl\/portal\/wp-content\/uploads\/2015\/10\/Programa-Me-Conecto-para-Aprender-2.jpg?resize=200%2C132&amp;ssl=1 200w, https:\/\/i0.wp.com\/eltrabajo.cl\/portal\/wp-content\/uploads\/2015\/10\/Programa-Me-Conecto-para-Aprender-2.jpg?resize=227%2C150&amp;ssl=1 227w, https:\/\/i0.wp.com\/eltrabajo.cl\/portal\/wp-content\/uploads\/2015\/10\/Programa-Me-Conecto-para-Aprender-2.jpg?resize=400%2C264&amp;ssl=1 400w, https:\/\/i0.wp.com\/eltrabajo.cl\/portal\/wp-content\/uploads\/2015\/10\/Programa-Me-Conecto-para-Aprender-2.jpg?w=530&amp;ssl=1 530w\" sizes=\"auto, (max-width: 300px) 100vw, 300px\" \/><\/a><figcaption id=\"caption-attachment-63109\" class=\"wp-caption-text\">61 estudiantes se vieron beneficiados por este programa de gobierno que les entrega un computador y conexi\u00f3n a internet por un a\u00f1o, gracias al programa \u2018Me Conecto para Aprender\u2019.<\/figcaption><\/figure>\n<p><strong>CALLE LARGA.<\/strong>&#8211; Un total de 61 estudiantes de s\u00e9ptimo b\u00e1sico, de las escuelas municipalizadas de Calle Larga, recibieron la ma\u00f1ana del mi\u00e9rcoles un computador port\u00e1til, m\u00e1s conexi\u00f3n a internet por un a\u00f1o, en el marco del proyecto \u2018Me Conecto para Aprender\u2019, desarrollado por la Junaeb.<br \/>\nEsta entrega se pudo concretar gracias a la iniciativa presidencial del Gobierno de Chile, que tiene como prop\u00f3sito acortar la brecha de acceso y uso de las Tecnolog\u00edas de la Informaci\u00f3n y Comunicaci\u00f3n (TIC) y que beneficia a los estudiantes de s\u00e9ptimo b\u00e1sico de todos los establecimientos p\u00fablicos del pa\u00eds.<br \/>\nPara el alcalde Nelson Venegas esta masiva entrega de computadores, permite a los ni\u00f1os de Calle Larga contar con m\u00e1s herramientas para enfrentar de mejor forma el futuro.<br \/>\n\u201cEste es un tremendo esfuerzo que est\u00e1 realizando el Gobierno, porque le est\u00e1 entregando herramientas verdaderas a los ni\u00f1os de la comuna. En nuestra \u00e9poca escolar nunca so\u00f1amos ni siquiera que nos entregaran una calculadora, es por eso que es importante que las personas valoren estos esfuerzos que le permitir\u00e1n a los ni\u00f1os tener un mejor futuro\u201d, sostuvo el alcalde de Calle Larga.<br \/>\nPor su parte, la representante de la Gobernadora de Los Andes, Aracelli Lambruschini, destac\u00f3 la importancia de la educaci\u00f3n municipalizada en la provincia de Los Andes.<br \/>\n\u201cEstos computadores son una gran herramienta para los estudiantes de las escuelas municipalizadas del pa\u00eds, en ese sentido hago un llamado a los padres, madres y apoderados a que inscriban a sus hijos en las escuelas municipalizadas las que entregan una educaci\u00f3n de gran calidad\u201d.<br \/>\nTambi\u00e9n Claudia Moreno ahumada, Delegada Provincial de la Junaeb San Felipe- Los Andes, destac\u00f3 esta entrega.<br \/>\n\u201cEsta es una iniciativa nueva de la Presidenta que es sumamente importante ya que entrega computadores de gran calidad y que permite a los peque\u00f1os llevar adelante sus estudios de mejor forma\u201d, manifest\u00f3 Claudia Moreno.<\/p>\n","protected":false},"excerpt":{"rendered":"<p>CALLE LARGA.&#8211; Un total de 61 estudiantes de s\u00e9ptimo b\u00e1sico, de las escuelas municipalizadas de Calle Larga, recibieron la ma\u00f1ana del mi\u00e9rcoles un computador port\u00e1til, m\u00e1s conexi\u00f3n a internet por un a\u00f1o,&#8230;<\/p>\n","protected":false},"author":482,"featured_media":63109,"comment_status":"open","ping_status":"open","sticky":false,"template":"","format":"standard","meta":{"advanced_seo_description":"","jetpack_seo_html_title":"","jetpack_seo_noindex":false,"_jetpack_memberships_contains_paid_content":false,"footnotes":""},"categories":[1],"tags":[],"class_list":["post-63108","post","type-post","status-publish","format-standard","has-post-thumbnail","hentry","category-cronica"],"jetpack_featured_media_url":"https:\/\/i0.wp.com\/eltrabajo.cl\/portal\/wp-content\/uploads\/2015\/10\/Programa-Me-Conecto-para-Aprender-2.jpg?fit=530%2C350&ssl=1","jetpack_sharing_enabled":true,"jetpack_likes_enabled":true,"jetpack-related-posts":[],"_links":{"self":[{"href":"https:\/\/eltrabajo.cl\/portal\/wp-json\/wp\/v2\/posts\/63108","targetHints":{"allow":["GET"]}}],"collection":[{"href":"https:\/\/eltrabajo.cl\/portal\/wp-json\/wp\/v2\/posts"}],"about":[{"href":"https:\/\/eltrabajo.cl\/portal\/wp-json\/wp\/v2\/types\/post"}],"author":[{"embeddable":true,"href":"https:\/\/eltrabajo.cl\/portal\/wp-json\/wp\/v2\/users\/482"}],"replies":[{"embeddable":true,"href":"https:\/\/eltrabajo.cl\/portal\/wp-json\/wp\/v2\/comments?post=63108"}],"version-history":[{"count":0,"href":"https:\/\/eltrabajo.cl\/portal\/wp-json\/wp\/v2\/posts\/63108\/revisions"}],"wp:featuredmedia":[{"embeddable":true,"href":"https:\/\/eltrabajo.cl\/portal\/wp-json\/wp\/v2\/media\/63109"}],"wp:attachment":[{"href":"https:\/\/eltrabajo.cl\/portal\/wp-json\/wp\/v2\/media?parent=63108"}],"wp:term":[{"taxonomy":"category","embeddable":true,"href":"https:\/\/eltrabajo.cl\/portal\/wp-json\/wp\/v2\/categories?post=63108"},{"taxonomy":"post_tag","embeddable":true,"href":"https:\/\/eltrabajo.cl\/portal\/wp-json\/wp\/v2\/tags?post=63108"}],"curies":[{"name":"wp","href":"https:\/\/api.w.org\/{rel}","templated":true}]}}