{"id":63111,"date":"2015-10-22T09:25:59","date_gmt":"2015-10-22T12:25:59","guid":{"rendered":"http:\/\/www.eltrabajo.cl\/portal\/?p=63111"},"modified":"2015-10-22T09:25:59","modified_gmt":"2015-10-22T12:25:59","slug":"chile-crece-contigo-realiza-concurso-de-dibujo-y-payas-con-ninos-de-pediatria","status":"publish","type":"post","link":"https:\/\/eltrabajo.cl\/portal\/chile-crece-contigo-realiza-concurso-de-dibujo-y-payas-con-ninos-de-pediatria\/","title":{"rendered":"Chile Crece Contigo realiza concurso de dibujo y payas con ni\u00f1os de Pediatr\u00eda"},"content":{"rendered":"<figure id=\"attachment_63112\" aria-describedby=\"caption-attachment-63112\" style=\"width: 300px\" class=\"wp-caption alignleft\"><a href=\"https:\/\/i0.wp.com\/www.eltrabajo.cl\/portal\/wp-content\/uploads\/2015\/10\/Concurso-Chile-Crece-Contigo.jpg\"><img data-recalc-dims=\"1\" loading=\"lazy\" decoding=\"async\" class=\"wp-image-63112 size-medium\" src=\"https:\/\/i0.wp.com\/www.eltrabajo.cl\/portal\/wp-content\/uploads\/2015\/10\/Concurso-Chile-Crece-Contigo-300x198.jpg?resize=300%2C198\" alt=\"19 ni\u00f1os que permanec\u00edan internados, participaron del concurso organizado por Chile Crece Contigo que buscaba acercar las fiestas patrias a los menores.\" width=\"300\" height=\"198\" srcset=\"https:\/\/i0.wp.com\/eltrabajo.cl\/portal\/wp-content\/uploads\/2015\/10\/Concurso-Chile-Crece-Contigo.jpg?resize=300%2C198&amp;ssl=1 300w, https:\/\/i0.wp.com\/eltrabajo.cl\/portal\/wp-content\/uploads\/2015\/10\/Concurso-Chile-Crece-Contigo.jpg?resize=200%2C132&amp;ssl=1 200w, https:\/\/i0.wp.com\/eltrabajo.cl\/portal\/wp-content\/uploads\/2015\/10\/Concurso-Chile-Crece-Contigo.jpg?resize=227%2C150&amp;ssl=1 227w, https:\/\/i0.wp.com\/eltrabajo.cl\/portal\/wp-content\/uploads\/2015\/10\/Concurso-Chile-Crece-Contigo.jpg?resize=400%2C264&amp;ssl=1 400w, https:\/\/i0.wp.com\/eltrabajo.cl\/portal\/wp-content\/uploads\/2015\/10\/Concurso-Chile-Crece-Contigo.jpg?w=530&amp;ssl=1 530w\" sizes=\"auto, (max-width: 300px) 100vw, 300px\" \/><\/a><figcaption id=\"caption-attachment-63112\" class=\"wp-caption-text\">19 ni\u00f1os que permanec\u00edan internados, participaron del concurso organizado por Chile Crece Contigo que buscaba acercar las fiestas patrias a los menores.<\/figcaption><\/figure>\n<p>Por segundo a\u00f1o consecutivo, el Sistema de Protecci\u00f3n a la Primera Infancia, Chile Crece Contigo realiz\u00f3 el Concurso de Dibujo y Payas dirigido a los menores hospitalizados en el establecimiento.<br \/>\nEn este a\u00f1o participaron un total de 19 ni\u00f1os, 15 de los cuales realizaron dibujos y 4 escribieron payas relacionadas a las fiestas patrias. En los dibujos, 5 ni\u00f1os participaron en la categor\u00eda de 0 a 5 a\u00f1os y 10 ni\u00f1os participaron en la categor\u00eda de 6 a 10 a\u00f1os. La convocatoria se realiz\u00f3 entre los d\u00edas martes 1 al d\u00eda mi\u00e9rcoles 30 de septiembre, ambos d\u00edas incluidos.<br \/>\nEl objetivo de la realizaci\u00f3n de este concurso es acercar la celebraci\u00f3n de fiestas patrias a los ni\u00f1os que por alg\u00fan motivo se encuentran hospitalizados, tanto en los Servicios de Pediatr\u00eda como de Cirug\u00eda Infantil, lo que aporta tambi\u00e9n con el esparcimiento de los ni\u00f1os dentro del mismo hospital, ya que es una instancia de diversi\u00f3n y de conexi\u00f3n con sus compa\u00f1eros de sala.<br \/>\nTras la ceremonia de premiaci\u00f3n, los menores y sus padres se retiraron muy contentos y agradecidos de haber participado de esta iniciativa ya que claramente gracias a este concurso, los menores recordar\u00e1n de mejor manera su estad\u00eda en el establecimiento.<\/p>\n","protected":false},"excerpt":{"rendered":"<p>Por segundo a\u00f1o consecutivo, el Sistema de Protecci\u00f3n a la Primera Infancia, Chile Crece Contigo realiz\u00f3 el Concurso de Dibujo y Payas dirigido a los menores hospitalizados en el establecimiento. En este&#8230;<\/p>\n","protected":false},"author":482,"featured_media":63112,"comment_status":"open","ping_status":"open","sticky":false,"template":"","format":"standard","meta":{"advanced_seo_description":"","jetpack_seo_html_title":"","jetpack_seo_noindex":false,"_jetpack_memberships_contains_paid_content":false,"footnotes":""},"categories":[1],"tags":[],"class_list":["post-63111","post","type-post","status-publish","format-standard","has-post-thumbnail","hentry","category-cronica"],"jetpack_featured_media_url":"https:\/\/i0.wp.com\/eltrabajo.cl\/portal\/wp-content\/uploads\/2015\/10\/Concurso-Chile-Crece-Contigo.jpg?fit=530%2C350&ssl=1","jetpack_sharing_enabled":true,"jetpack_likes_enabled":true,"jetpack-related-posts":[],"_links":{"self":[{"href":"https:\/\/eltrabajo.cl\/portal\/wp-json\/wp\/v2\/posts\/63111","targetHints":{"allow":["GET"]}}],"collection":[{"href":"https:\/\/eltrabajo.cl\/portal\/wp-json\/wp\/v2\/posts"}],"about":[{"href":"https:\/\/eltrabajo.cl\/portal\/wp-json\/wp\/v2\/types\/post"}],"author":[{"embeddable":true,"href":"https:\/\/eltrabajo.cl\/portal\/wp-json\/wp\/v2\/users\/482"}],"replies":[{"embeddable":true,"href":"https:\/\/eltrabajo.cl\/portal\/wp-json\/wp\/v2\/comments?post=63111"}],"version-history":[{"count":0,"href":"https:\/\/eltrabajo.cl\/portal\/wp-json\/wp\/v2\/posts\/63111\/revisions"}],"wp:featuredmedia":[{"embeddable":true,"href":"https:\/\/eltrabajo.cl\/portal\/wp-json\/wp\/v2\/media\/63112"}],"wp:attachment":[{"href":"https:\/\/eltrabajo.cl\/portal\/wp-json\/wp\/v2\/media?parent=63111"}],"wp:term":[{"taxonomy":"category","embeddable":true,"href":"https:\/\/eltrabajo.cl\/portal\/wp-json\/wp\/v2\/categories?post=63111"},{"taxonomy":"post_tag","embeddable":true,"href":"https:\/\/eltrabajo.cl\/portal\/wp-json\/wp\/v2\/tags?post=63111"}],"curies":[{"name":"wp","href":"https:\/\/api.w.org\/{rel}","templated":true}]}}