{"id":63114,"date":"2015-10-22T09:28:09","date_gmt":"2015-10-22T12:28:09","guid":{"rendered":"http:\/\/www.eltrabajo.cl\/portal\/?p=63114"},"modified":"2015-10-22T09:28:09","modified_gmt":"2015-10-22T12:28:09","slug":"campeonato-nacional-de-descenso-en-cerro-la-virgen-realizaran-durante-el-fin-de-semana","status":"publish","type":"post","link":"https:\/\/eltrabajo.cl\/portal\/campeonato-nacional-de-descenso-en-cerro-la-virgen-realizaran-durante-el-fin-de-semana\/","title":{"rendered":"Campeonato Nacional de Descenso en Cerro La Virgen realizar\u00e1n durante el fin de semana"},"content":{"rendered":"<figure id=\"attachment_63115\" aria-describedby=\"caption-attachment-63115\" style=\"width: 300px\" class=\"wp-caption alignleft\"><a href=\"https:\/\/i0.wp.com\/www.eltrabajo.cl\/portal\/wp-content\/uploads\/2015\/10\/Campeonato-Nacional-de-Descenso-en-Bicicleta.jpg\"><img data-recalc-dims=\"1\" loading=\"lazy\" decoding=\"async\" class=\"wp-image-63115 size-medium\" src=\"https:\/\/i0.wp.com\/www.eltrabajo.cl\/portal\/wp-content\/uploads\/2015\/10\/Campeonato-Nacional-de-Descenso-en-Bicicleta-300x198.jpg?resize=300%2C198\" alt=\"El evento durar\u00e1 3 d\u00edas, en los cuales se realizar\u00e1 un circuito que ir\u00e1 desde la cumbre del cerro, hasta el nuevo mirador de avenida Enrique De La Fuente.\" width=\"300\" height=\"198\" srcset=\"https:\/\/i0.wp.com\/eltrabajo.cl\/portal\/wp-content\/uploads\/2015\/10\/Campeonato-Nacional-de-Descenso-en-Bicicleta.jpg?resize=300%2C198&amp;ssl=1 300w, https:\/\/i0.wp.com\/eltrabajo.cl\/portal\/wp-content\/uploads\/2015\/10\/Campeonato-Nacional-de-Descenso-en-Bicicleta.jpg?resize=200%2C132&amp;ssl=1 200w, https:\/\/i0.wp.com\/eltrabajo.cl\/portal\/wp-content\/uploads\/2015\/10\/Campeonato-Nacional-de-Descenso-en-Bicicleta.jpg?resize=227%2C150&amp;ssl=1 227w, https:\/\/i0.wp.com\/eltrabajo.cl\/portal\/wp-content\/uploads\/2015\/10\/Campeonato-Nacional-de-Descenso-en-Bicicleta.jpg?resize=400%2C264&amp;ssl=1 400w, https:\/\/i0.wp.com\/eltrabajo.cl\/portal\/wp-content\/uploads\/2015\/10\/Campeonato-Nacional-de-Descenso-en-Bicicleta.jpg?w=530&amp;ssl=1 530w\" sizes=\"auto, (max-width: 300px) 100vw, 300px\" \/><\/a><figcaption id=\"caption-attachment-63115\" class=\"wp-caption-text\">El evento durar\u00e1 3 d\u00edas, en los cuales se realizar\u00e1 un circuito que ir\u00e1 desde la cumbre del cerro, hasta el nuevo mirador de avenida Enrique De La Fuente.<\/figcaption><\/figure>\n<ul>\n<li><strong>Circuito que ir\u00e1 desde la cumbre del cerro hasta el nuevo mirador de la remodelada Avenida Enrique De La Fuente.<\/strong><\/li>\n<\/ul>\n<p><strong>LOS ANDES<\/strong>.- Este fin de semana, el Cerro La Virgen de Los Andes ser\u00e1 escenario del Campeonato Nacional de Descenso en Bicicleta, competencia organizada por exponentes locales de este deporte, con apoyo del municipio andino.<br \/>\nEl evento se va a realizar el 23, 24 y 25 de octubre, comprendiendo un circuito que ir\u00e1 desde la cumbre del cerro, hasta el nuevo mirador de la remodelada avenida Enrique De La Fuente.<br \/>\nNelson Plaza, organizador del certamen y presidente del club Plaza Cycle, destac\u00f3 que \u00abesta es la carrera m\u00e1s importante de esta disciplina en Chile\u00bb. Seg\u00fan inform\u00f3 \u00abvienen corredores de todo Chile y, entre los andinos, destacan Mat\u00edas Paredes y Diego Vargas. Ambos, se perfilan como posibles campeones nacionales en la categor\u00eda junior\u00bb.<br \/>\nPlaza subray\u00f3 que el objetivo es posicionar a Los Andes como una de las sedes permanentes del mountain bike en Chile. En este sentido, agradeci\u00f3 el apoyo recibido por el alcalde Mauricio Navarro y el Concejo Municipal, que se tradujo en la entrega de una subvenci\u00f3n y apoyo log\u00edstico para la organizaci\u00f3n del evento.<br \/>\nEn tanto, el alcalde Mauricio Navarro manifest\u00f3 que se trata de \u00abuna tremenda iniciativa deportiva, que nos ubica como ciudad en un lugar relevante a nivel nacional en este disciplina\u00bb. El jefe comunal expres\u00f3 que este fin de semana Los Andes se constituir\u00e1 en la \u00abcapital deportiva del ciclismo de descenso\u00bb, agregando que este campeonato permitir\u00e1 \u00abrescatar un espacio tan importante como el Cerro La Virgen para una competencia de car\u00e1cter nacional\u00bb.<br \/>\nNavarro efectu\u00f3 una invitaci\u00f3n para asistir a presenciar y disfrutar este evento, adem\u00e1s de apoyar a los deportistas andinos que competir\u00e1n para convertirse en campeones nacionales.<\/p>\n","protected":false},"excerpt":{"rendered":"<p>Circuito que ir\u00e1 desde la cumbre del cerro hasta el nuevo mirador de la remodelada Avenida Enrique De La Fuente. LOS ANDES.- Este fin de semana, el Cerro La Virgen de Los&#8230;<\/p>\n","protected":false},"author":482,"featured_media":63115,"comment_status":"open","ping_status":"open","sticky":false,"template":"","format":"standard","meta":{"advanced_seo_description":"","jetpack_seo_html_title":"","jetpack_seo_noindex":false,"_jetpack_memberships_contains_paid_content":false,"footnotes":""},"categories":[1],"tags":[],"class_list":["post-63114","post","type-post","status-publish","format-standard","has-post-thumbnail","hentry","category-cronica"],"jetpack_featured_media_url":"https:\/\/i0.wp.com\/eltrabajo.cl\/portal\/wp-content\/uploads\/2015\/10\/Campeonato-Nacional-de-Descenso-en-Bicicleta.jpg?fit=530%2C350&ssl=1","jetpack_sharing_enabled":true,"jetpack_likes_enabled":true,"jetpack-related-posts":[],"_links":{"self":[{"href":"https:\/\/eltrabajo.cl\/portal\/wp-json\/wp\/v2\/posts\/63114","targetHints":{"allow":["GET"]}}],"collection":[{"href":"https:\/\/eltrabajo.cl\/portal\/wp-json\/wp\/v2\/posts"}],"about":[{"href":"https:\/\/eltrabajo.cl\/portal\/wp-json\/wp\/v2\/types\/post"}],"author":[{"embeddable":true,"href":"https:\/\/eltrabajo.cl\/portal\/wp-json\/wp\/v2\/users\/482"}],"replies":[{"embeddable":true,"href":"https:\/\/eltrabajo.cl\/portal\/wp-json\/wp\/v2\/comments?post=63114"}],"version-history":[{"count":0,"href":"https:\/\/eltrabajo.cl\/portal\/wp-json\/wp\/v2\/posts\/63114\/revisions"}],"wp:featuredmedia":[{"embeddable":true,"href":"https:\/\/eltrabajo.cl\/portal\/wp-json\/wp\/v2\/media\/63115"}],"wp:attachment":[{"href":"https:\/\/eltrabajo.cl\/portal\/wp-json\/wp\/v2\/media?parent=63114"}],"wp:term":[{"taxonomy":"category","embeddable":true,"href":"https:\/\/eltrabajo.cl\/portal\/wp-json\/wp\/v2\/categories?post=63114"},{"taxonomy":"post_tag","embeddable":true,"href":"https:\/\/eltrabajo.cl\/portal\/wp-json\/wp\/v2\/tags?post=63114"}],"curies":[{"name":"wp","href":"https:\/\/api.w.org\/{rel}","templated":true}]}}