{"id":63120,"date":"2015-10-22T09:32:44","date_gmt":"2015-10-22T12:32:44","guid":{"rendered":"http:\/\/www.eltrabajo.cl\/portal\/?p=63120"},"modified":"2015-10-22T09:32:44","modified_gmt":"2015-10-22T12:32:44","slug":"autoridades-participan-de-taller-de-diagnostico-para-elaboracion-plan-de-riego-de-la-cuenca-del-rio-aconcagua","status":"publish","type":"post","link":"https:\/\/eltrabajo.cl\/portal\/autoridades-participan-de-taller-de-diagnostico-para-elaboracion-plan-de-riego-de-la-cuenca-del-rio-aconcagua\/","title":{"rendered":"Autoridades participan de taller de diagn\u00f3stico para elaboraci\u00f3n Plan de Riego de la Cuenca del R\u00edo Aconcagua"},"content":{"rendered":"<figure id=\"attachment_63121\" aria-describedby=\"caption-attachment-63121\" style=\"width: 300px\" class=\"wp-caption alignleft\"><a href=\"https:\/\/i0.wp.com\/www.eltrabajo.cl\/portal\/wp-content\/uploads\/2015\/10\/Plan-de-Riego-de-la-Cuenca-del-Rio-Aconcagua.jpg\"><img data-recalc-dims=\"1\" loading=\"lazy\" decoding=\"async\" class=\"wp-image-63121 size-medium\" src=\"https:\/\/i0.wp.com\/www.eltrabajo.cl\/portal\/wp-content\/uploads\/2015\/10\/Plan-de-Riego-de-la-Cuenca-del-Rio-Aconcagua-300x198.jpg?resize=300%2C198\" alt=\"La reuni\u00f3n se realiz\u00f3 en Quillota y cont\u00f3 con la participaci\u00f3n del gobernador Eduardo Le\u00f3n y el director Regional de Indap, Helmuth Hinrichsen.\" width=\"300\" height=\"198\" srcset=\"https:\/\/i0.wp.com\/eltrabajo.cl\/portal\/wp-content\/uploads\/2015\/10\/Plan-de-Riego-de-la-Cuenca-del-Rio-Aconcagua.jpg?resize=300%2C198&amp;ssl=1 300w, https:\/\/i0.wp.com\/eltrabajo.cl\/portal\/wp-content\/uploads\/2015\/10\/Plan-de-Riego-de-la-Cuenca-del-Rio-Aconcagua.jpg?resize=200%2C132&amp;ssl=1 200w, https:\/\/i0.wp.com\/eltrabajo.cl\/portal\/wp-content\/uploads\/2015\/10\/Plan-de-Riego-de-la-Cuenca-del-Rio-Aconcagua.jpg?resize=228%2C150&amp;ssl=1 228w, https:\/\/i0.wp.com\/eltrabajo.cl\/portal\/wp-content\/uploads\/2015\/10\/Plan-de-Riego-de-la-Cuenca-del-Rio-Aconcagua.jpg?resize=400%2C263&amp;ssl=1 400w, https:\/\/i0.wp.com\/eltrabajo.cl\/portal\/wp-content\/uploads\/2015\/10\/Plan-de-Riego-de-la-Cuenca-del-Rio-Aconcagua.jpg?w=530&amp;ssl=1 530w\" sizes=\"auto, (max-width: 300px) 100vw, 300px\" \/><\/a><figcaption id=\"caption-attachment-63121\" class=\"wp-caption-text\">La reuni\u00f3n se realiz\u00f3 en Quillota y cont\u00f3 con la participaci\u00f3n del gobernador Eduardo Le\u00f3n y el director Regional de Indap, Helmuth Hinrichsen.<\/figcaption><\/figure>\n<ul>\n<li><strong>En la ocasi\u00f3n, identificaron los principales problemas asociados al R\u00edo y sirvi\u00f3 para iniciar un trabajo intersectorial.<\/strong><\/li>\n<\/ul>\n<p>Los Gobernadores de San Felipe, Eduardo Le\u00f3n y de Quillota, C\u00e9sar Barra, junto al Director Regional de Indap, Helmuth Hinrichsen, profesionales de CNR y otras instituciones asociadas al manejo del agua, se reunieron para participar en el diagn\u00f3stico de elaboraci\u00f3n de Plan de Riego de la Cuenca del R\u00edo Aconcagua realizado por Ciren en dependencias del Instituto de Desarrollo Agropecuario en Quillota.<br \/>\nA ra\u00edz de la condici\u00f3n de sequ\u00eda que se encuentra gran parte de la Regi\u00f3n de Valpara\u00edso, desde hace varios a\u00f1os y que ha afectado en gran medida a peque\u00f1os y medianos agricultores de distintas comunas, es que se llev\u00f3 a cabo este taller, que se realiz\u00f3 para focalizar, en primera medida, las necesidades ante esta problem\u00e1tica.<br \/>\nEn base a esto, el Gobernador Eduardo Le\u00f3n destac\u00f3 que la escasez h\u00eddrica es una de las preocupaciones del Gobierno de la Presidenta Bachelet, y que a ra\u00edz de esto, es que se llevan a cabo este tipo de actividades. \u201cLo que necesitamos hoy es la coordinaci\u00f3n de servicios p\u00fablicos y es precisamente lo que se est\u00e1 realizando hoy, en este trabajo intersectorial. Poder apoyar una intervenci\u00f3n conjunta y nosotros como Gobernaci\u00f3n participaremos permanentemente en esto\u201d.<br \/>\nEn tanto, la m\u00e1xima autoridad de la Provincia de Quillota, C\u00e9sar Barra sostuvo que \u201cir trabajando el tema intersectorialmente permite ir ordenando el sector p\u00fablico y el privado. Adem\u00e1s, va de la mano de lo que nos hemos planteado como Gobierno a prop\u00f3sito del Plan Aconcagua y las obras asociadas al consumo de agua humana y la agricultura. Por tanto, es relevante desde el punto de vista que permita dise\u00f1ar un plan para nivelar expectativas y potenciar la producci\u00f3n agr\u00edcola, tener un uso racional del recurso h\u00eddrico y tener mayor tecnolog\u00eda asociada al uso del recurso\u201d, destac\u00f3.<br \/>\nPor su parte, Marcelo Herrera, Coordinador Regional del Recurso H\u00eddrico, calific\u00f3 como fundamental la realizaci\u00f3n de estos talleres. \u201cEs importante este tipo de talleres, que es llevado a cabo por Ciren, y que cont\u00f3 con la participaci\u00f3n de las autoridades de la Regi\u00f3n y profesionales de cada servicio. Nos vamos m\u00e1s contento porque se realiz\u00f3 una unificaci\u00f3n de la informaci\u00f3n.\u201d<\/p>\n","protected":false},"excerpt":{"rendered":"<p>En la ocasi\u00f3n, identificaron los principales problemas asociados al R\u00edo y sirvi\u00f3 para iniciar un trabajo intersectorial. Los Gobernadores de San Felipe, Eduardo Le\u00f3n y de Quillota, C\u00e9sar Barra, junto al Director&#8230;<\/p>\n","protected":false},"author":482,"featured_media":63121,"comment_status":"open","ping_status":"open","sticky":false,"template":"","format":"standard","meta":{"advanced_seo_description":"","jetpack_seo_html_title":"","jetpack_seo_noindex":false,"_jetpack_memberships_contains_paid_content":false,"footnotes":""},"categories":[1],"tags":[],"class_list":["post-63120","post","type-post","status-publish","format-standard","has-post-thumbnail","hentry","category-cronica"],"jetpack_featured_media_url":"https:\/\/i0.wp.com\/eltrabajo.cl\/portal\/wp-content\/uploads\/2015\/10\/Plan-de-Riego-de-la-Cuenca-del-Rio-Aconcagua.jpg?fit=530%2C349&ssl=1","jetpack_sharing_enabled":true,"jetpack_likes_enabled":true,"jetpack-related-posts":[],"_links":{"self":[{"href":"https:\/\/eltrabajo.cl\/portal\/wp-json\/wp\/v2\/posts\/63120","targetHints":{"allow":["GET"]}}],"collection":[{"href":"https:\/\/eltrabajo.cl\/portal\/wp-json\/wp\/v2\/posts"}],"about":[{"href":"https:\/\/eltrabajo.cl\/portal\/wp-json\/wp\/v2\/types\/post"}],"author":[{"embeddable":true,"href":"https:\/\/eltrabajo.cl\/portal\/wp-json\/wp\/v2\/users\/482"}],"replies":[{"embeddable":true,"href":"https:\/\/eltrabajo.cl\/portal\/wp-json\/wp\/v2\/comments?post=63120"}],"version-history":[{"count":0,"href":"https:\/\/eltrabajo.cl\/portal\/wp-json\/wp\/v2\/posts\/63120\/revisions"}],"wp:featuredmedia":[{"embeddable":true,"href":"https:\/\/eltrabajo.cl\/portal\/wp-json\/wp\/v2\/media\/63121"}],"wp:attachment":[{"href":"https:\/\/eltrabajo.cl\/portal\/wp-json\/wp\/v2\/media?parent=63120"}],"wp:term":[{"taxonomy":"category","embeddable":true,"href":"https:\/\/eltrabajo.cl\/portal\/wp-json\/wp\/v2\/categories?post=63120"},{"taxonomy":"post_tag","embeddable":true,"href":"https:\/\/eltrabajo.cl\/portal\/wp-json\/wp\/v2\/tags?post=63120"}],"curies":[{"name":"wp","href":"https:\/\/api.w.org\/{rel}","templated":true}]}}