{"id":63123,"date":"2015-10-22T09:34:58","date_gmt":"2015-10-22T12:34:58","guid":{"rendered":"http:\/\/www.eltrabajo.cl\/portal\/?p=63123"},"modified":"2015-10-22T09:34:58","modified_gmt":"2015-10-22T12:34:58","slug":"dos-docentes-sanfelipenos-fueron-destacados-por-autoridades-en-el-dia-del-profesor","status":"publish","type":"post","link":"https:\/\/eltrabajo.cl\/portal\/dos-docentes-sanfelipenos-fueron-destacados-por-autoridades-en-el-dia-del-profesor\/","title":{"rendered":"Dos docentes sanfelipe\u00f1os fueron destacados por autoridades en el D\u00eda del Profesor"},"content":{"rendered":"<figure id=\"attachment_63124\" aria-describedby=\"caption-attachment-63124\" style=\"width: 300px\" class=\"wp-caption alignleft\"><a href=\"https:\/\/i0.wp.com\/www.eltrabajo.cl\/portal\/wp-content\/uploads\/2015\/10\/Doncentes-destacados.jpg\"><img data-recalc-dims=\"1\" loading=\"lazy\" decoding=\"async\" class=\"wp-image-63124 size-medium\" src=\"https:\/\/i0.wp.com\/www.eltrabajo.cl\/portal\/wp-content\/uploads\/2015\/10\/Doncentes-destacados-300x198.jpg?resize=300%2C198\" alt=\"Durante la ceremonia fueron distinguidos por diversas autoridades provinciales la profesora Claudia Valdez R\u00edos, de la escuela Almendral y Mario C\u00e9spedes Paz, profesor de la escuela Mateo Cockjlat.\" width=\"300\" height=\"198\" srcset=\"https:\/\/i0.wp.com\/eltrabajo.cl\/portal\/wp-content\/uploads\/2015\/10\/Doncentes-destacados.jpg?resize=300%2C198&amp;ssl=1 300w, https:\/\/i0.wp.com\/eltrabajo.cl\/portal\/wp-content\/uploads\/2015\/10\/Doncentes-destacados.jpg?resize=200%2C132&amp;ssl=1 200w, https:\/\/i0.wp.com\/eltrabajo.cl\/portal\/wp-content\/uploads\/2015\/10\/Doncentes-destacados.jpg?resize=227%2C150&amp;ssl=1 227w, https:\/\/i0.wp.com\/eltrabajo.cl\/portal\/wp-content\/uploads\/2015\/10\/Doncentes-destacados.jpg?resize=400%2C264&amp;ssl=1 400w, https:\/\/i0.wp.com\/eltrabajo.cl\/portal\/wp-content\/uploads\/2015\/10\/Doncentes-destacados.jpg?w=530&amp;ssl=1 530w\" sizes=\"auto, (max-width: 300px) 100vw, 300px\" \/><\/a><figcaption id=\"caption-attachment-63124\" class=\"wp-caption-text\">Durante la ceremonia fueron distinguidos por diversas autoridades provinciales la profesora Claudia Valdez R\u00edos, de la escuela Almendral y Mario C\u00e9spedes Paz, profesor de la escuela Mateo Cockjlat.<\/figcaption><\/figure>\n<p>En una emotiva ceremonia realizada en el sal\u00f3n de eventos del liceo Corina Urbina, y en el marco de la celebraci\u00f3n del D\u00eda del Profesor, dos docentes de la comuna de San Felipe fueron destacados por las autoridades.<br \/>\nLa actividad, fue encabezada por el intendente Gabriel Aldoney, acompa\u00f1ado del seremi de Educaci\u00f3n Alejandro Tapia, el Gobernador provincial Eduardo Le\u00f3n, el Alcalde de la comuna de San Felipe Patricio Freire, y profesores y profesoras de diferentes puntos del Valle del Aconcagua.<br \/>\nEn la ocasi\u00f3n, fueron distinguidos la profesora Claudia Valdez R\u00edos, perteneciente a la escuela Almendral, y el profesor Mario C\u00e9spedes Paz, de la escuela Mateo Cockjlat, ambos por sus cualidades personales, los que les valieron el reconocimiento de toda la comunidad educativa de la provincia.<br \/>\nEl Intendente Gabriel Aldoney, envi\u00f3 un saludo a todos los docentes en su d\u00eda, se\u00f1alando que \u201ces un momento muy emotivo, sobre todo para quienes somos hijos de la educaci\u00f3n p\u00fablica, sabemos que Chile necesita recuperar una educaci\u00f3n p\u00fablica como el eje central de la formaci\u00f3n de sus generaciones y adem\u00e1s hacer este reconocimiento fuera del lugar habitual de mi trabajo que es Valpara\u00edso, es la manera de demostrarle a la comunidad que queremos descentralizar la regi\u00f3n, porque muchas veces se toman decisiones que afectan a las comunas en Valpara\u00edso, alej\u00e1ndonos de las realidades, porque nos hace muy bien a las autoridades, conocer en terreno las necesidades de cada una de las comunas\u201d.<br \/>\nEn la oportunidad, el alcalde Patricio Freire destac\u00f3 a quienes fueron homenajeados, se\u00f1alando que \u201cnos sentimos orgullosos de nuestros profesores, y sobre todo de quienes hoy son reconocidos por sus pares, ya que esto demuestra el alto grado de compromiso de ellos hacia la labor que realizan diariamente, engrandeciendo a los establecimientos que pertenecen\u201d.<br \/>\nEn tanto, Claudia Valdez, docente de la escuela Almendral, visiblemente emocionada, se refiri\u00f3 a este reconocimiento, se\u00f1alando que \u201ces una bonita ceremonia en reconocimiento a nuestra labor, y para mi es una doble emoci\u00f3n, porque adem\u00e1s soy educadora de p\u00e1rvulos, agradezco a todos por este reconocimiento, y mi compromiso es a seguir perfeccion\u00e1ndome, de esta manera, podre entregar una educaci\u00f3n m\u00e1s personalizada y con mayor conocimiento\u201d.<br \/>\nEn tanto, el profesor Mario C\u00e9spedes Paz, de la escuela Mateo Cockjlat, tambi\u00e9n agradeci\u00f3 esta distinci\u00f3n, se\u00f1alando que \u201cya tengo cuarenta y tres a\u00f1os de servicio, y he tenido satisfacciones tan bonitas, como que despu\u00e9s de veintisiete a\u00f1os, exalumnos de un establecimiento educacional en el cual trabaj\u00e9, me reconocieron por lo entregado en aquel entonces, y si tuviera la posibilidad de volver el tiempo atr\u00e1s, volver\u00eda a escoger la carrera de profesor, estoy feliz\u201d, sentenci\u00f3 el docente.<\/p>\n","protected":false},"excerpt":{"rendered":"<p>En una emotiva ceremonia realizada en el sal\u00f3n de eventos del liceo Corina Urbina, y en el marco de la celebraci\u00f3n del D\u00eda del Profesor, dos docentes de la comuna de San&#8230;<\/p>\n","protected":false},"author":482,"featured_media":63124,"comment_status":"open","ping_status":"open","sticky":false,"template":"","format":"standard","meta":{"advanced_seo_description":"","jetpack_seo_html_title":"","jetpack_seo_noindex":false,"_jetpack_memberships_contains_paid_content":false,"footnotes":""},"categories":[15],"tags":[],"class_list":["post-63123","post","type-post","status-publish","format-standard","has-post-thumbnail","hentry","category-comunidad"],"jetpack_featured_media_url":"https:\/\/i0.wp.com\/eltrabajo.cl\/portal\/wp-content\/uploads\/2015\/10\/Doncentes-destacados.jpg?fit=530%2C350&ssl=1","jetpack_sharing_enabled":true,"jetpack_likes_enabled":true,"jetpack-related-posts":[],"_links":{"self":[{"href":"https:\/\/eltrabajo.cl\/portal\/wp-json\/wp\/v2\/posts\/63123","targetHints":{"allow":["GET"]}}],"collection":[{"href":"https:\/\/eltrabajo.cl\/portal\/wp-json\/wp\/v2\/posts"}],"about":[{"href":"https:\/\/eltrabajo.cl\/portal\/wp-json\/wp\/v2\/types\/post"}],"author":[{"embeddable":true,"href":"https:\/\/eltrabajo.cl\/portal\/wp-json\/wp\/v2\/users\/482"}],"replies":[{"embeddable":true,"href":"https:\/\/eltrabajo.cl\/portal\/wp-json\/wp\/v2\/comments?post=63123"}],"version-history":[{"count":0,"href":"https:\/\/eltrabajo.cl\/portal\/wp-json\/wp\/v2\/posts\/63123\/revisions"}],"wp:featuredmedia":[{"embeddable":true,"href":"https:\/\/eltrabajo.cl\/portal\/wp-json\/wp\/v2\/media\/63124"}],"wp:attachment":[{"href":"https:\/\/eltrabajo.cl\/portal\/wp-json\/wp\/v2\/media?parent=63123"}],"wp:term":[{"taxonomy":"category","embeddable":true,"href":"https:\/\/eltrabajo.cl\/portal\/wp-json\/wp\/v2\/categories?post=63123"},{"taxonomy":"post_tag","embeddable":true,"href":"https:\/\/eltrabajo.cl\/portal\/wp-json\/wp\/v2\/tags?post=63123"}],"curies":[{"name":"wp","href":"https:\/\/api.w.org\/{rel}","templated":true}]}}