{"id":63126,"date":"2015-10-22T09:37:34","date_gmt":"2015-10-22T12:37:34","guid":{"rendered":"http:\/\/www.eltrabajo.cl\/portal\/?p=63126"},"modified":"2015-10-22T09:37:34","modified_gmt":"2015-10-22T12:37:34","slug":"constructora-habria-estafado-en-mas-100-millones-a-comite-habitacional-de-san-esteban","status":"publish","type":"post","link":"https:\/\/eltrabajo.cl\/portal\/constructora-habria-estafado-en-mas-100-millones-a-comite-habitacional-de-san-esteban\/","title":{"rendered":"Constructora habr\u00eda estafado en m\u00e1s $100 millones a Comit\u00e9 habitacional de San Esteban"},"content":{"rendered":"<figure id=\"attachment_63127\" aria-describedby=\"caption-attachment-63127\" style=\"width: 300px\" class=\"wp-caption alignleft\"><a href=\"https:\/\/i0.wp.com\/www.eltrabajo.cl\/portal\/wp-content\/uploads\/2015\/10\/estafa_vinedos12.jpg\"><img data-recalc-dims=\"1\" loading=\"lazy\" decoding=\"async\" class=\"wp-image-63127 size-medium\" src=\"https:\/\/i0.wp.com\/www.eltrabajo.cl\/portal\/wp-content\/uploads\/2015\/10\/estafa_vinedos12-300x198.jpg?resize=300%2C198\" alt=\"Este ser\u00eda el lugar donde se emplazar\u00eda las nuevas viviendas del Comit\u00e9 habitacional \u2018Los Vi\u00f1edos\u2019 de San Esteban.\" width=\"300\" height=\"198\" srcset=\"https:\/\/i0.wp.com\/eltrabajo.cl\/portal\/wp-content\/uploads\/2015\/10\/estafa_vinedos12.jpg?resize=300%2C198&amp;ssl=1 300w, https:\/\/i0.wp.com\/eltrabajo.cl\/portal\/wp-content\/uploads\/2015\/10\/estafa_vinedos12.jpg?resize=200%2C132&amp;ssl=1 200w, https:\/\/i0.wp.com\/eltrabajo.cl\/portal\/wp-content\/uploads\/2015\/10\/estafa_vinedos12.jpg?resize=228%2C150&amp;ssl=1 228w, https:\/\/i0.wp.com\/eltrabajo.cl\/portal\/wp-content\/uploads\/2015\/10\/estafa_vinedos12.jpg?resize=400%2C263&amp;ssl=1 400w, https:\/\/i0.wp.com\/eltrabajo.cl\/portal\/wp-content\/uploads\/2015\/10\/estafa_vinedos12.jpg?w=530&amp;ssl=1 530w\" sizes=\"auto, (max-width: 300px) 100vw, 300px\" \/><\/a><figcaption id=\"caption-attachment-63127\" class=\"wp-caption-text\">Este ser\u00eda el lugar donde se emplazar\u00eda las nuevas viviendas del Comit\u00e9 habitacional \u2018Los Vi\u00f1edos\u2019 de San Esteban.<\/figcaption><\/figure>\n<ul>\n<li><strong>Empresa habr\u00eda abandonado las obras, huyendo de la provincia con el dinero de los postulantes.<\/strong><\/li>\n<\/ul>\n<p><strong>SAN ESTEBAN<\/strong>.- La directiva del comit\u00e9 habitacional \u2018Los Vi\u00f1edos\u2019 de la comuna de San Esteban denunci\u00f3 a una empresa constructora de haberlos estafado en m\u00e1s de 110 millones de pesos, dinero que con esfuerzo y pr\u00e9stamos bancarios hab\u00eda reunido para poder levantar sus viviendas.<br \/>\nEl comit\u00e9 est\u00e1 compuesto por treinta familias de esa comuna que con mucho esfuerzo reunieron 30 millones de pesos para comprar una hect\u00e1rea de terreno en el sector de Paidahu\u00e9n y luego se adjudicaron un subsidio para la clase media emergente.<br \/>\nPosteriormente en 2013 y tras recomendaci\u00f3n del Serviu suscribieron un contrato con la empresa Constructora Bravo, de propiedad de Jos\u00e9 Luis Bravo, cuyo domicilio comercial se encuentra en la ciudad de Chill\u00e1n, para que levantara las casas.<br \/>\nA fines de 2014 los ejecutivos de la empresa solicitaron dinero a la directiva para llevar adelante las obras de urbanizaci\u00f3n del terreno que no estaban cubiertas por el subsidio y para ello cada socio debi\u00f3 aportar la suma de $ 3.700.000, para lo cual debieron endeudarse en casas comerciales y financieras.<br \/>\nLos integrantes del comit\u00e9 lograron reunir m\u00e1s de 110 millones de pesos a la constructora para que iniciara las obras de urbanizaci\u00f3n que contemplaban las redes de agua potable, alcantarillado y energ\u00eda el\u00e9ctrica.<\/p>\n<figure id=\"attachment_63128\" aria-describedby=\"caption-attachment-63128\" style=\"width: 300px\" class=\"wp-caption alignright\"><a href=\"https:\/\/i0.wp.com\/www.eltrabajo.cl\/portal\/wp-content\/uploads\/2015\/10\/Gemita-Vasquez-Pizarro.jpg\"><img data-recalc-dims=\"1\" loading=\"lazy\" decoding=\"async\" class=\"wp-image-63128 size-medium\" src=\"https:\/\/i0.wp.com\/www.eltrabajo.cl\/portal\/wp-content\/uploads\/2015\/10\/Gemita-Vasquez-Pizarro-300x198.jpg?resize=300%2C198\" alt=\"La Presidenta del Comit\u00e9, Gemita V\u00e1squez Pizarro.\" width=\"300\" height=\"198\" srcset=\"https:\/\/i0.wp.com\/eltrabajo.cl\/portal\/wp-content\/uploads\/2015\/10\/Gemita-Vasquez-Pizarro.jpg?resize=300%2C198&amp;ssl=1 300w, https:\/\/i0.wp.com\/eltrabajo.cl\/portal\/wp-content\/uploads\/2015\/10\/Gemita-Vasquez-Pizarro.jpg?resize=200%2C132&amp;ssl=1 200w, https:\/\/i0.wp.com\/eltrabajo.cl\/portal\/wp-content\/uploads\/2015\/10\/Gemita-Vasquez-Pizarro.jpg?resize=228%2C150&amp;ssl=1 228w, https:\/\/i0.wp.com\/eltrabajo.cl\/portal\/wp-content\/uploads\/2015\/10\/Gemita-Vasquez-Pizarro.jpg?resize=400%2C263&amp;ssl=1 400w, https:\/\/i0.wp.com\/eltrabajo.cl\/portal\/wp-content\/uploads\/2015\/10\/Gemita-Vasquez-Pizarro.jpg?w=530&amp;ssl=1 530w\" sizes=\"auto, (max-width: 300px) 100vw, 300px\" \/><\/a><figcaption id=\"caption-attachment-63128\" class=\"wp-caption-text\">La Presidenta del Comit\u00e9, Gemita V\u00e1squez Pizarro.<\/figcaption><\/figure>\n<p>La constructora Bravo solicit\u00f3 los servicios de una empresa contratista de Esval para realizar las obras de alcantarillado y agua potable, y cuando se realizaron las primeras excavaciones los ejecutivos de la constructora abandonaron las obras y se fueron de la provincia con el dinero.<br \/>\nLa Presidenta del Comit\u00e9, Gemita V\u00e1squez Pizarro, se\u00f1al\u00f3 que se encuentran desesperados por esta situaci\u00f3n, toda vez que han visto truncado el sue\u00f1o de la casa propia y en el mes de noviembre vencen los subsidios otorgados por el Minvu para la construcci\u00f3n de sus casas.<\/p>\n<p><strong>RESPONSABILIDADES COMPARTIDAS<\/strong><br \/>\nLa Presidenta del comit\u00e9 tambi\u00e9n se\u00f1al\u00f3 que el Serviu tiene parte de la responsabilidad en esta angustiosa situaci\u00f3n debido a que fueron ellos quienes les recomendaron contratar los servicios de esta empresa, ante lo cual mantienen la esperanza que prorroguen la vigencia de los subsidios que caducan el mes de noviembre.<br \/>\n\u201cNosotros le dimos la suma de 110 millones de pesos para urbanizar el terreno, y en estos momentos lo \u00fanico que hay son algunas excavaciones y tuber\u00edas que instal\u00f3 un contratista de Esval al que tampoco le pagaron, por lo cual dej\u00f3 abandonados los trabajos, se fue del terreno\u201d, expres\u00f3.<br \/>\nA\u00f1adi\u00f3 que cuando el comit\u00e9 comenz\u00f3 a buscar una empresa para que les construyera sus viviendas el Serviu les dijo que esta empresa era viable econ\u00f3micamente y no ten\u00edan problemas en su hoja de vida e historial como constructora, raz\u00f3n por la cual confiadamente suscribieron el respectivo contrato para que les edificara casas individuales y de un piso, que debieron ser entregadas este a\u00f1o 2015 a sus asignatarios.<br \/>\n\u201cEl Serviu se lava las manos y se margina de toda responsabilidad, aduciendo que es un contrato entre privados, no han tocado las platas del subsidio, aunque la empresa figura en el listado de empresa habilitadas del Ministerio de la Vivienda. Nosotros no los fuimos a buscar a Chill\u00e1n. Ellos (Serviu) los presentaron\u201d, espet\u00f3 la dirigente.<br \/>\nSostuvo que a ra\u00edz de ello decidieron presentar la respectiva querella criminal por el delito de estafa en el Tribunal de Garant\u00eda de Los Andes contra todos quienes resulten responsables de este delito.<\/p>\n<p><strong>APOYO MUNICIPAL<\/strong><br \/>\nLa presidenta destac\u00f3 el apoyo que est\u00e1n recibiendo de parte de la Municipalidad de San Esteban para poder urbanizar el terreno y as\u00ed poder levantar sus casas, \u201cporque m\u00e1s dinero no tenemos, porque fuimos estafados\u201d.<br \/>\nComent\u00f3 que en las \u00faltimas semanas se presentaron algunas constructoras interesadas en construir las casas, \u201cpero el problema es que hay que hacer el proyecto y urbanizar, y esa plata no la tenemos, nos estafaron, por eso confiamos en las gestiones de la municipalidad ante la Subdere\u201d.<br \/>\nAsimismo, puntualiz\u00f3 que el monto de la defraudaci\u00f3n fue entregado por la anterior directiva del comit\u00e9, existiendo diferencia en los montos con lo que ha podido establecer la actual directiva.<br \/>\n\u201cEl ex presidente dijo en reuni\u00f3n que \u00e9l hab\u00eda entregado 82 millones de pesos, pero nosotros como nuevo directorio junto al abogado y un contador sacamos cuentas y son 110 millones. Porque las cuentas no cuadran pedimos hace dos meses una auditor\u00eda externa con el apoyo de la municipalidad de San Esteban, cuyo resultado a\u00fan no conocemos\u201d, asegur\u00f3 la actual presidenta.<br \/>\nEl proyecto contempla la edificaci\u00f3n de 30 viviendas de 530 unidades de fomento, y los socios no pierden la esperanza de concretar el sue\u00f1o de la casa propia.<\/p>\n","protected":false},"excerpt":{"rendered":"<p>Empresa habr\u00eda abandonado las obras, huyendo de la provincia con el dinero de los postulantes. SAN ESTEBAN.- La directiva del comit\u00e9 habitacional \u2018Los Vi\u00f1edos\u2019 de la comuna de San Esteban denunci\u00f3 a&#8230;<\/p>\n","protected":false},"author":482,"featured_media":63127,"comment_status":"open","ping_status":"open","sticky":false,"template":"","format":"standard","meta":{"advanced_seo_description":"","jetpack_seo_html_title":"","jetpack_seo_noindex":false,"_jetpack_memberships_contains_paid_content":false,"footnotes":""},"categories":[21],"tags":[],"class_list":["post-63126","post","type-post","status-publish","format-standard","has-post-thumbnail","hentry","category-policial"],"jetpack_featured_media_url":"https:\/\/i0.wp.com\/eltrabajo.cl\/portal\/wp-content\/uploads\/2015\/10\/estafa_vinedos12.jpg?fit=530%2C349&ssl=1","jetpack_sharing_enabled":true,"jetpack_likes_enabled":true,"jetpack-related-posts":[],"_links":{"self":[{"href":"https:\/\/eltrabajo.cl\/portal\/wp-json\/wp\/v2\/posts\/63126","targetHints":{"allow":["GET"]}}],"collection":[{"href":"https:\/\/eltrabajo.cl\/portal\/wp-json\/wp\/v2\/posts"}],"about":[{"href":"https:\/\/eltrabajo.cl\/portal\/wp-json\/wp\/v2\/types\/post"}],"author":[{"embeddable":true,"href":"https:\/\/eltrabajo.cl\/portal\/wp-json\/wp\/v2\/users\/482"}],"replies":[{"embeddable":true,"href":"https:\/\/eltrabajo.cl\/portal\/wp-json\/wp\/v2\/comments?post=63126"}],"version-history":[{"count":0,"href":"https:\/\/eltrabajo.cl\/portal\/wp-json\/wp\/v2\/posts\/63126\/revisions"}],"wp:featuredmedia":[{"embeddable":true,"href":"https:\/\/eltrabajo.cl\/portal\/wp-json\/wp\/v2\/media\/63127"}],"wp:attachment":[{"href":"https:\/\/eltrabajo.cl\/portal\/wp-json\/wp\/v2\/media?parent=63126"}],"wp:term":[{"taxonomy":"category","embeddable":true,"href":"https:\/\/eltrabajo.cl\/portal\/wp-json\/wp\/v2\/categories?post=63126"},{"taxonomy":"post_tag","embeddable":true,"href":"https:\/\/eltrabajo.cl\/portal\/wp-json\/wp\/v2\/tags?post=63126"}],"curies":[{"name":"wp","href":"https:\/\/api.w.org\/{rel}","templated":true}]}}