{"id":63130,"date":"2015-10-22T09:38:41","date_gmt":"2015-10-22T12:38:41","guid":{"rendered":"http:\/\/www.eltrabajo.cl\/portal\/?p=63130"},"modified":"2015-10-22T09:38:41","modified_gmt":"2015-10-22T12:38:41","slug":"jovenes-ebrios-atacan-con-piedras-tenencia-de-carabineros-de-putaendo","status":"publish","type":"post","link":"https:\/\/eltrabajo.cl\/portal\/jovenes-ebrios-atacan-con-piedras-tenencia-de-carabineros-de-putaendo\/","title":{"rendered":"J\u00f3venes ebrios atacan con piedras Tenencia de Carabineros de Putaendo"},"content":{"rendered":"<figure id=\"attachment_63131\" aria-describedby=\"caption-attachment-63131\" style=\"width: 300px\" class=\"wp-caption alignleft\"><a href=\"https:\/\/i0.wp.com\/www.eltrabajo.cl\/portal\/wp-content\/uploads\/2015\/10\/TENENCIA-PUTAENDO.jpg\"><img data-recalc-dims=\"1\" loading=\"lazy\" decoding=\"async\" class=\"wp-image-63131 size-medium\" src=\"https:\/\/i0.wp.com\/www.eltrabajo.cl\/portal\/wp-content\/uploads\/2015\/10\/TENENCIA-PUTAENDO-300x197.jpg?resize=300%2C197\" alt=\"Durante la madrugada del mi\u00e9rcoles, un grupo de j\u00f3venes que transitaban por Calle San Mart\u00edn, atacaron a pedradas la Tenencia de Carabineros, ocasionando da\u00f1os en las ventanas del lugar.\" width=\"300\" height=\"197\" srcset=\"https:\/\/i0.wp.com\/eltrabajo.cl\/portal\/wp-content\/uploads\/2015\/10\/TENENCIA-PUTAENDO.jpg?resize=300%2C197&amp;ssl=1 300w, https:\/\/i0.wp.com\/eltrabajo.cl\/portal\/wp-content\/uploads\/2015\/10\/TENENCIA-PUTAENDO.jpg?resize=200%2C131&amp;ssl=1 200w, https:\/\/i0.wp.com\/eltrabajo.cl\/portal\/wp-content\/uploads\/2015\/10\/TENENCIA-PUTAENDO.jpg?resize=228%2C150&amp;ssl=1 228w, https:\/\/i0.wp.com\/eltrabajo.cl\/portal\/wp-content\/uploads\/2015\/10\/TENENCIA-PUTAENDO.jpg?resize=400%2C263&amp;ssl=1 400w, https:\/\/i0.wp.com\/eltrabajo.cl\/portal\/wp-content\/uploads\/2015\/10\/TENENCIA-PUTAENDO.jpg?w=530&amp;ssl=1 530w\" sizes=\"auto, (max-width: 300px) 100vw, 300px\" \/><\/a><figcaption id=\"caption-attachment-63131\" class=\"wp-caption-text\">Durante la madrugada del mi\u00e9rcoles, un grupo de j\u00f3venes que transitaban por Calle San Mart\u00edn, atacaron a pedradas la Tenencia de Carabineros, ocasionando da\u00f1os en las ventanas del lugar.<\/figcaption><\/figure>\n<p><strong>PUTAENDO<\/strong>.- Carabineros confirm\u00f3 que un grupo de sujetos arremeti\u00f3 con piedras el frontis de la Tenencia de Putaendo, ubicada en Calle Jos\u00e9 de San Mart\u00edn.<br \/>\nAl respecto, el Teniente \u00c1ngelo Acevedo declar\u00f3 que a eso de las 02:20 horas de la madrugada de este mi\u00e9rcoles, un grupo de a lo menos cuatro individuos que transitaban por Calle San Mart\u00edn se detuvieron al llegar a la intersecci\u00f3n con alameda Alessandri, comenzando a atacar con piedras el techo y frontis del recinto policial, las que estuvieron cerca de ocasionar da\u00f1os en las ventanas del lugar. Ante esto, el funcionario de guardia solicit\u00f3 apoyo de m\u00e1s personal.<br \/>\nAcevedo se\u00f1al\u00f3 que una pareja de Carabineros de infanter\u00eda se traslad\u00f3 al lugar, al igual que una unidad m\u00f3vil, hecho que s\u00f3lo consigui\u00f3 detener a uno de los involucrados en Calle Juan Rozas al llegar a la Poblaci\u00f3n Santa Rita, mientras que los dem\u00e1s agresores no pudieron ser ubicados.<br \/>\nEl sujeto detenido fue identificado como Felipe R.G., de 21 a\u00f1os de edad, con domicilio en la comuna de Putaendo, y fue acusado por los cargos de amenazas y atentado contra la autoridad policial. Horas despu\u00e9s fue dejado en libertad y qued\u00f3 a la espera de citaci\u00f3n para comparecer ante el tribunal.<br \/>\nEl Jefe de Tenencia de Putaendo sostuvo que si bien es cierto el detenido estaba bajo los efectos del alcohol, y por ende se desprende que los otros sujetos tambi\u00e9n estaban en similares condiciones, calific\u00f3 lo ocurrido como un hecho de gravedad, porque es la primera vez que esta situaci\u00f3n sucede en la comuna.<br \/>\n<strong>Patricio Gallardo M.<\/strong><\/p>\n","protected":false},"excerpt":{"rendered":"<p>PUTAENDO.- Carabineros confirm\u00f3 que un grupo de sujetos arremeti\u00f3 con piedras el frontis de la Tenencia de Putaendo, ubicada en Calle Jos\u00e9 de San Mart\u00edn. Al respecto, el Teniente \u00c1ngelo Acevedo declar\u00f3&#8230;<\/p>\n","protected":false},"author":482,"featured_media":63131,"comment_status":"open","ping_status":"open","sticky":false,"template":"","format":"standard","meta":{"advanced_seo_description":"","jetpack_seo_html_title":"","jetpack_seo_noindex":false,"_jetpack_memberships_contains_paid_content":false,"footnotes":""},"categories":[21],"tags":[],"class_list":["post-63130","post","type-post","status-publish","format-standard","has-post-thumbnail","hentry","category-policial"],"jetpack_featured_media_url":"https:\/\/i0.wp.com\/eltrabajo.cl\/portal\/wp-content\/uploads\/2015\/10\/TENENCIA-PUTAENDO.jpg?fit=530%2C348&ssl=1","jetpack_sharing_enabled":true,"jetpack_likes_enabled":true,"jetpack-related-posts":[],"_links":{"self":[{"href":"https:\/\/eltrabajo.cl\/portal\/wp-json\/wp\/v2\/posts\/63130","targetHints":{"allow":["GET"]}}],"collection":[{"href":"https:\/\/eltrabajo.cl\/portal\/wp-json\/wp\/v2\/posts"}],"about":[{"href":"https:\/\/eltrabajo.cl\/portal\/wp-json\/wp\/v2\/types\/post"}],"author":[{"embeddable":true,"href":"https:\/\/eltrabajo.cl\/portal\/wp-json\/wp\/v2\/users\/482"}],"replies":[{"embeddable":true,"href":"https:\/\/eltrabajo.cl\/portal\/wp-json\/wp\/v2\/comments?post=63130"}],"version-history":[{"count":0,"href":"https:\/\/eltrabajo.cl\/portal\/wp-json\/wp\/v2\/posts\/63130\/revisions"}],"wp:featuredmedia":[{"embeddable":true,"href":"https:\/\/eltrabajo.cl\/portal\/wp-json\/wp\/v2\/media\/63131"}],"wp:attachment":[{"href":"https:\/\/eltrabajo.cl\/portal\/wp-json\/wp\/v2\/media?parent=63130"}],"wp:term":[{"taxonomy":"category","embeddable":true,"href":"https:\/\/eltrabajo.cl\/portal\/wp-json\/wp\/v2\/categories?post=63130"},{"taxonomy":"post_tag","embeddable":true,"href":"https:\/\/eltrabajo.cl\/portal\/wp-json\/wp\/v2\/tags?post=63130"}],"curies":[{"name":"wp","href":"https:\/\/api.w.org\/{rel}","templated":true}]}}