{"id":63133,"date":"2015-10-22T09:40:11","date_gmt":"2015-10-22T12:40:11","guid":{"rendered":"http:\/\/www.eltrabajo.cl\/portal\/?p=63133"},"modified":"2015-10-22T09:40:11","modified_gmt":"2015-10-22T12:40:11","slug":"justicia-resolvio-mandar-a-la-carcel-a-sujeto-que-violo-a-nino-de-12-anos","status":"publish","type":"post","link":"https:\/\/eltrabajo.cl\/portal\/justicia-resolvio-mandar-a-la-carcel-a-sujeto-que-violo-a-nino-de-12-anos\/","title":{"rendered":"Justicia resolvi\u00f3 mandar a la c\u00e1rcel a sujeto que viol\u00f3 a ni\u00f1o de 12 a\u00f1os"},"content":{"rendered":"<figure id=\"attachment_63134\" aria-describedby=\"caption-attachment-63134\" style=\"width: 300px\" class=\"wp-caption alignleft\"><a href=\"https:\/\/i0.wp.com\/www.eltrabajo.cl\/portal\/wp-content\/uploads\/2015\/10\/Fiscal-Daniela-Quevedo-1.jpg\"><img data-recalc-dims=\"1\" loading=\"lazy\" decoding=\"async\" class=\"wp-image-63134 size-medium\" src=\"https:\/\/i0.wp.com\/www.eltrabajo.cl\/portal\/wp-content\/uploads\/2015\/10\/Fiscal-Daniela-Quevedo-1-300x197.jpg?resize=300%2C197\" alt=\"La Fiscal Daniela Quevedo se mostr\u00f3 conforme con la condena de seis a\u00f1os de c\u00e1rcel por el delito de violaci\u00f3n.\" width=\"300\" height=\"197\" srcset=\"https:\/\/i0.wp.com\/eltrabajo.cl\/portal\/wp-content\/uploads\/2015\/10\/Fiscal-Daniela-Quevedo-1.jpg?resize=300%2C197&amp;ssl=1 300w, https:\/\/i0.wp.com\/eltrabajo.cl\/portal\/wp-content\/uploads\/2015\/10\/Fiscal-Daniela-Quevedo-1.jpg?resize=200%2C131&amp;ssl=1 200w, https:\/\/i0.wp.com\/eltrabajo.cl\/portal\/wp-content\/uploads\/2015\/10\/Fiscal-Daniela-Quevedo-1.jpg?resize=228%2C150&amp;ssl=1 228w, https:\/\/i0.wp.com\/eltrabajo.cl\/portal\/wp-content\/uploads\/2015\/10\/Fiscal-Daniela-Quevedo-1.jpg?resize=400%2C263&amp;ssl=1 400w, https:\/\/i0.wp.com\/eltrabajo.cl\/portal\/wp-content\/uploads\/2015\/10\/Fiscal-Daniela-Quevedo-1.jpg?w=530&amp;ssl=1 530w\" sizes=\"auto, (max-width: 300px) 100vw, 300px\" \/><\/a><figcaption id=\"caption-attachment-63134\" class=\"wp-caption-text\">La Fiscal Daniela Quevedo se mostr\u00f3 conforme con la condena de seis a\u00f1os de c\u00e1rcel por el delito de violaci\u00f3n.<\/figcaption><\/figure>\n<ul>\n<li><strong>Brutal caso de violaci\u00f3n ocurrido en la comuna de Santa Mar\u00eda el a\u00f1o 2008 logr\u00f3 concluirse ayer mi\u00e9rcoles, cuando el Tribunal Oral en Lo Penal de San Felipe sentenci\u00f3 al condenado a pagar su delito tras las rejas.<\/strong><\/li>\n<\/ul>\n<p>La justicia tarda pero llega, as\u00ed lo refiere este popular refr\u00e1n que enmarca un brutal caso de violaci\u00f3n a un ni\u00f1o de 12 a\u00f1os de edad, cometido en la comuna de Santa Mar\u00eda el a\u00f1o 2008.<br \/>\nLa Fiscal\u00eda jug\u00f3 un importante rol en estos \u00faltimos d\u00edas, al acusar a un sujeto de origen mapuche como autor de este hecho, quien el d\u00eda de ayer mi\u00e9rcoles fue sentenciado por el Tribunal Oral en Lo Penal de San Felipe a una pena de 6 a\u00f1os de c\u00e1rcel.<br \/>\nM\u00e1s de siete a\u00f1os se mantuvo archivado este caso en las carpetas del Ministerio P\u00fablico de San Felipe, debido a que el sentenciado Ricardo Erasmo Huachunao Cayuqueo se encontraba pr\u00f3fugo de la justicia. Sin embargo al cabo de tres meses se logr\u00f3 su captura en la regi\u00f3n de la Araucan\u00eda, quedando en prisi\u00f3n preventiva para ser procesado judicialmente.<br \/>\nLa v\u00edctima, que actualmente es un adolescente, relat\u00f3 ante los jueces las atrocidades a las que fue sometido cuando ten\u00eda 12 a\u00f1os, cuando un sujeto absolutamente desconocido para \u00e9l, lo abord\u00f3 en la v\u00eda p\u00fablica fingiendo ser un psic\u00f3logo perteneciente a la Polic\u00eda de Investigaciones, oblig\u00e1ndolo que lo acompa\u00f1ara hasta una casa abandonada en la comuna de Santa Mar\u00eda.<br \/>\nEl testimonio refiere a que Ricardo Huachunao Cayuqueo enga\u00f1\u00f3 al ni\u00f1o como falso polic\u00eda, y al encontrarse a solas en la vivienda, el criminal procedi\u00f3 a violarlo en dos oportunidades sin ning\u00fan tipo de remordimiento. La v\u00edctima asegur\u00f3 en su crudo relato que intent\u00f3 defenderse y golpe\u00f3 los test\u00edculos de su atacante, logrando escapar hasta su domicilio.<br \/>\nDe inmediato esta situaci\u00f3n fue puesta en conocimiento de la abuela del menor que se encontraba a su cargo, a quien el ni\u00f1o detall\u00f3 los crueles suplicios a los que fue sometido. De inmediato, unos t\u00edos de la v\u00edctima salieron en b\u00fasqueda del violador en compa\u00f1\u00eda de Carabineros, logrando su captura minutos m\u00e1s tarde.<br \/>\nTras siete a\u00f1os de estos hechos, las pruebas presentadas por la Fiscal Daniela Quevedo Henr\u00edquez, se concentraron en demostrar ante el Tribunal Oral, que el sujeto es el autor ejecutor de este grave delito, por el cual finalmente fue condenado por la terna de jueces a cumplir una sentencia de 6 a\u00f1os de c\u00e1rcel.<br \/>\nAnte la sentencia, la persecutora se mostr\u00f3 conforme con los resultados se\u00f1alando que \u201cse encontraba dentro del tramo que puede aplicar el Tribunal. Con las pruebas de la Fiscal\u00eda se logr\u00f3 acreditar la participaci\u00f3n del sujeto por este hecho, lo que nos resulta importante\u201d. La representante del Ministerio P\u00fablico explic\u00f3 que el condenado manten\u00eda una irreprochable conducta anterior, raz\u00f3n por la cual se aplic\u00f3 dentro del rango de la pena un grado m\u00ednimo.<br \/>\nPor su parte la Defensa mantiene un plazo de diez d\u00edas para eventualmente presentar un recurso de nulidad de juicio ante la Corte de Apelaciones de Valpara\u00edso.<br \/>\n<strong>Pablo Salinas Sald\u00edas<\/strong><\/p>\n","protected":false},"excerpt":{"rendered":"<p>Brutal caso de violaci\u00f3n ocurrido en la comuna de Santa Mar\u00eda el a\u00f1o 2008 logr\u00f3 concluirse ayer mi\u00e9rcoles, cuando el Tribunal Oral en Lo Penal de San Felipe sentenci\u00f3 al condenado a&#8230;<\/p>\n","protected":false},"author":482,"featured_media":63134,"comment_status":"open","ping_status":"open","sticky":false,"template":"","format":"standard","meta":{"advanced_seo_description":"","jetpack_seo_html_title":"","jetpack_seo_noindex":false,"_jetpack_memberships_contains_paid_content":false,"footnotes":""},"categories":[21],"tags":[],"class_list":["post-63133","post","type-post","status-publish","format-standard","has-post-thumbnail","hentry","category-policial"],"jetpack_featured_media_url":"https:\/\/i0.wp.com\/eltrabajo.cl\/portal\/wp-content\/uploads\/2015\/10\/Fiscal-Daniela-Quevedo-1.jpg?fit=530%2C348&ssl=1","jetpack_sharing_enabled":true,"jetpack_likes_enabled":true,"jetpack-related-posts":[],"_links":{"self":[{"href":"https:\/\/eltrabajo.cl\/portal\/wp-json\/wp\/v2\/posts\/63133","targetHints":{"allow":["GET"]}}],"collection":[{"href":"https:\/\/eltrabajo.cl\/portal\/wp-json\/wp\/v2\/posts"}],"about":[{"href":"https:\/\/eltrabajo.cl\/portal\/wp-json\/wp\/v2\/types\/post"}],"author":[{"embeddable":true,"href":"https:\/\/eltrabajo.cl\/portal\/wp-json\/wp\/v2\/users\/482"}],"replies":[{"embeddable":true,"href":"https:\/\/eltrabajo.cl\/portal\/wp-json\/wp\/v2\/comments?post=63133"}],"version-history":[{"count":0,"href":"https:\/\/eltrabajo.cl\/portal\/wp-json\/wp\/v2\/posts\/63133\/revisions"}],"wp:featuredmedia":[{"embeddable":true,"href":"https:\/\/eltrabajo.cl\/portal\/wp-json\/wp\/v2\/media\/63134"}],"wp:attachment":[{"href":"https:\/\/eltrabajo.cl\/portal\/wp-json\/wp\/v2\/media?parent=63133"}],"wp:term":[{"taxonomy":"category","embeddable":true,"href":"https:\/\/eltrabajo.cl\/portal\/wp-json\/wp\/v2\/categories?post=63133"},{"taxonomy":"post_tag","embeddable":true,"href":"https:\/\/eltrabajo.cl\/portal\/wp-json\/wp\/v2\/tags?post=63133"}],"curies":[{"name":"wp","href":"https:\/\/api.w.org\/{rel}","templated":true}]}}