{"id":63139,"date":"2015-10-23T09:21:37","date_gmt":"2015-10-23T12:21:37","guid":{"rendered":"http:\/\/www.eltrabajo.cl\/portal\/?p=63139"},"modified":"2015-10-23T09:21:37","modified_gmt":"2015-10-23T12:21:37","slug":"profes-y-alumnos-de-la-escuela-manuel-rodriguez-en-busca-de-la-felicidad","status":"publish","type":"post","link":"https:\/\/eltrabajo.cl\/portal\/profes-y-alumnos-de-la-escuela-manuel-rodriguez-en-busca-de-la-felicidad\/","title":{"rendered":"Profes y alumnos de la Escuela Manuel Rodr\u00edguez en busca de la felicidad"},"content":{"rendered":"<figure id=\"attachment_63140\" aria-describedby=\"caption-attachment-63140\" style=\"width: 300px\" class=\"wp-caption alignleft\"><a href=\"https:\/\/i0.wp.com\/www.eltrabajo.cl\/portal\/wp-content\/uploads\/2015\/10\/Panoramica33.jpg\"><img data-recalc-dims=\"1\" loading=\"lazy\" decoding=\"async\" class=\"wp-image-63140 size-medium\" src=\"https:\/\/i0.wp.com\/www.eltrabajo.cl\/portal\/wp-content\/uploads\/2015\/10\/Panoramica33-300x199.jpg?resize=300%2C199\" alt=\"PROFES COMPROMETIDOS.- En el presente a\u00f1o se han implementado pol\u00edticas de desarrollo humano y espiritual, cuyas metas son la vida sana y con grados de felicidad en los alumnos.\" width=\"300\" height=\"199\" srcset=\"https:\/\/i0.wp.com\/eltrabajo.cl\/portal\/wp-content\/uploads\/2015\/10\/Panoramica33.jpg?resize=300%2C199&amp;ssl=1 300w, https:\/\/i0.wp.com\/eltrabajo.cl\/portal\/wp-content\/uploads\/2015\/10\/Panoramica33.jpg?resize=200%2C133&amp;ssl=1 200w, https:\/\/i0.wp.com\/eltrabajo.cl\/portal\/wp-content\/uploads\/2015\/10\/Panoramica33.jpg?resize=226%2C150&amp;ssl=1 226w, https:\/\/i0.wp.com\/eltrabajo.cl\/portal\/wp-content\/uploads\/2015\/10\/Panoramica33.jpg?resize=400%2C265&amp;ssl=1 400w, https:\/\/i0.wp.com\/eltrabajo.cl\/portal\/wp-content\/uploads\/2015\/10\/Panoramica33.jpg?w=528&amp;ssl=1 528w\" sizes=\"auto, (max-width: 300px) 100vw, 300px\" \/><\/a><figcaption id=\"caption-attachment-63140\" class=\"wp-caption-text\">PROFES COMPROMETIDOS.- En el presente a\u00f1o se han implementado pol\u00edticas de desarrollo humano y espiritual, cuyas metas son la vida sana y con grados de felicidad en los alumnos.<\/figcaption><\/figure>\n<p>En las salas y patios de la Escuela Manuel Rodr\u00edguez ya se ha comenzado a vivir un clima renovado. En el presente a\u00f1o se han implementado pol\u00edticas de desarrollo humano y espiritual, cuyas metas son la vida sana y con grados de felicidad en los alumnos. Todo lo anterior gracias a la renovaci\u00f3n de su Proyecto Educativo, cuyos paradigmas se sustentan en una nueva visi\u00f3n de lo que deber\u00eda ser la escuela como instituci\u00f3n.<br \/>\nUna de las primeras barreras, comenta su director Cristian Gonz\u00e1lez, era levantar las problem\u00e1ticas y necesidades del establecimiento y sus componentes.<br \/>\n\u00abDebemos recordar que, en una escuela conviven una infinita gama de variables, que afectan tanto positiva como negativamente, el desarrollo de la vida escolar. Un PEI comprometido con lo humano, ser\u00eda una de las salidas hacia una efectiva educaci\u00f3n de nuestros alumnos\u00bb, argumenta Rodrigo Martel, UTP del establecimiento a Diario El Trabajo.<\/p>\n<p><strong>GRATA B\u00daSQUEDA<\/strong><br \/>\nPor otra parte, existen experiencias a nivel mundial, como la Rep\u00fablica de But\u00e1n, y que han sido reconocidos por su esfuerzo por crear un \u2018Ministerio de la Felicidad\u2019. En el caso puntual de la Escuela Manuel Rodr\u00edguez, el equipo directivo y los docentes comenzaron un proceso que busca replantearse la visi\u00f3n y misi\u00f3n de esta escuela.<br \/>\n\u00abUna de las variables que determinaron los lineamientos para dicha elaboraci\u00f3n, trata sobre el desarrollo humano y que a la vez apunta al desarrollo social del grupo. Las escuelas deben garantizar la seguridad, el bienestar, la empat\u00eda y la alegr\u00eda de estar en ella\u00bb, argumenta su director Cristian Gonz\u00e1lez.<br \/>\n\u00abEs dif\u00edcil sostener un proyecto en donde se trabaja con ni\u00f1os, sin fundamentarlo en esos t\u00f3picos\u00bb, agrega Diana Vald\u00e9s, encargada de Convivencia Escolar. No se trata de caer en infantilismos, o dejar a libre albedr\u00edo las acciones, se trata que bajo un detallado manual de normas y exigencias, contextualmente apropiadas para este establecimiento, surjan los cimientos hacia un trato ameno y claro.<br \/>\nGeneralmente los adultos que trabajan en las unidades educativas, guardan ciertos grados de indiferencia, o no ocupan las mejores estrategias para la resoluci\u00f3n de problemas.<br \/>\n\u00abSe debe recordar que algunos de nuestros alumnos necesitan de afectos, y debemos respetar su formaci\u00f3n cultural inicial. No pretendemos cambiarlos, pero s\u00ed, creemos que su comportamiento, su vida cotidiana en la escuela puede mejorar\u00bb, argumenta el Gonz\u00e1lez.<br \/>\n<strong>Roberto Gonz\u00e1lez Short<\/strong><br \/>\n<strong>rgonzalez@eltrabajo.cl<\/strong><\/p>\n<div class=\"tiled-gallery type-rectangular tiled-gallery-unresized\" data-original-width=\"640\" data-carousel-extra='null' itemscope itemtype=\"http:\/\/schema.org\/ImageGallery\" > <div class=\"gallery-row\" style=\"width: 640px; height: 213px;\" data-original-width=\"640\" data-original-height=\"213\" > <div class=\"gallery-group images-1\" style=\"width: 321px; height: 213px;\" data-original-width=\"321\" data-original-height=\"213\" > <div class=\"tiled-gallery-item tiled-gallery-item-large\" itemprop=\"associatedMedia\" itemscope itemtype=\"http:\/\/schema.org\/ImageObject\"> <a href=\"https:\/\/eltrabajo.cl\/portal\/profes-y-alumnos-de-la-escuela-manuel-rodriguez-en-busca-de-la-felicidad\/alumnos1-3\/\" border=\"0\" itemprop=\"url\"> <meta itemprop=\"width\" content=\"317\"> <meta itemprop=\"height\" content=\"209\"> <img decoding=\"async\" class=\"\" data-attachment-id=\"63141\" data-orig-file=\"https:\/\/eltrabajo.cl\/portal\/wp-content\/uploads\/2015\/10\/Alumnos1.jpg\" data-orig-size=\"530,350\" data-comments-opened=\"1\" data-image-meta=\"{&quot;aperture&quot;:&quot;0&quot;,&quot;credit&quot;:&quot;&quot;,&quot;camera&quot;:&quot;&quot;,&quot;caption&quot;:&quot;&quot;,&quot;created_timestamp&quot;:&quot;0&quot;,&quot;copyright&quot;:&quot;&quot;,&quot;focal_length&quot;:&quot;0&quot;,&quot;iso&quot;:&quot;0&quot;,&quot;shutter_speed&quot;:&quot;0&quot;,&quot;title&quot;:&quot;&quot;,&quot;orientation&quot;:&quot;0&quot;}\" data-image-title=\"Alumnos1\" data-image-description=\"&lt;p&gt;M\u00c1S FELICES.- Pareciera que los chicos de esta escuela sanfelipe\u00f1a poco a poco aprenden a sonre\u00edr al mundo, efecto del PEI implementado por sus profesores.&lt;\/p&gt; \" data-medium-file=\"https:\/\/i0.wp.com\/eltrabajo.cl\/portal\/wp-content\/uploads\/2015\/10\/Alumnos1.jpg?fit=300%2C198&#038;ssl=1\" data-large-file=\"https:\/\/i0.wp.com\/eltrabajo.cl\/portal\/wp-content\/uploads\/2015\/10\/Alumnos1.jpg?fit=530%2C350&#038;ssl=1\" src=\"https:\/\/i0.wp.com\/eltrabajo.cl\/portal\/wp-content\/uploads\/2015\/10\/Alumnos1.jpg?w=317&#038;h=209&#038;ssl=1\" srcset=\"https:\/\/i0.wp.com\/eltrabajo.cl\/portal\/wp-content\/uploads\/2015\/10\/Alumnos1.jpg?w=530&amp;ssl=1 530w, https:\/\/i0.wp.com\/eltrabajo.cl\/portal\/wp-content\/uploads\/2015\/10\/Alumnos1.jpg?resize=200%2C132&amp;ssl=1 200w, https:\/\/i0.wp.com\/eltrabajo.cl\/portal\/wp-content\/uploads\/2015\/10\/Alumnos1.jpg?resize=300%2C198&amp;ssl=1 300w, https:\/\/i0.wp.com\/eltrabajo.cl\/portal\/wp-content\/uploads\/2015\/10\/Alumnos1.jpg?resize=227%2C150&amp;ssl=1 227w, https:\/\/i0.wp.com\/eltrabajo.cl\/portal\/wp-content\/uploads\/2015\/10\/Alumnos1.jpg?resize=400%2C264&amp;ssl=1 400w\" width=\"317\" height=\"209\" loading=\"lazy\" data-original-width=\"317\" data-original-height=\"209\" itemprop=\"http:\/\/schema.org\/image\" title=\"Alumnos1\" alt=\"M\u00c1S FELICES.- Pareciera que los chicos de esta escuela sanfelipe\u00f1a poco a poco aprenden a sonre\u00edr al mundo, efecto del PEI implementado por sus profesores.\" style=\"width: 317px; height: 209px;\" \/> <\/a> <div class=\"tiled-gallery-caption\" itemprop=\"caption description\"> M\u00c1S FELICES.- Pareciera que los chicos de esta escuela sanfelipe\u00f1a poco a poco aprenden a sonre\u00edr al mundo, efecto del PEI implementado por sus profesores. <\/div> <\/div> <\/div> <!-- close group --> <div class=\"gallery-group images-1\" style=\"width: 319px; height: 213px;\" data-original-width=\"319\" data-original-height=\"213\" > <div class=\"tiled-gallery-item tiled-gallery-item-large\" itemprop=\"associatedMedia\" itemscope itemtype=\"http:\/\/schema.org\/ImageObject\"> <a href=\"https:\/\/eltrabajo.cl\/portal\/profes-y-alumnos-de-la-escuela-manuel-rodriguez-en-busca-de-la-felicidad\/alumnos2\/\" border=\"0\" itemprop=\"url\"> <meta itemprop=\"width\" content=\"315\"> <meta itemprop=\"height\" content=\"209\"> <img decoding=\"async\" class=\"\" data-attachment-id=\"63142\" data-orig-file=\"https:\/\/eltrabajo.cl\/portal\/wp-content\/uploads\/2015\/10\/Alumnos2.jpg\" data-orig-size=\"528,350\" data-comments-opened=\"1\" data-image-meta=\"{&quot;aperture&quot;:&quot;0&quot;,&quot;credit&quot;:&quot;&quot;,&quot;camera&quot;:&quot;&quot;,&quot;caption&quot;:&quot;&quot;,&quot;created_timestamp&quot;:&quot;0&quot;,&quot;copyright&quot;:&quot;&quot;,&quot;focal_length&quot;:&quot;0&quot;,&quot;iso&quot;:&quot;0&quot;,&quot;shutter_speed&quot;:&quot;0&quot;,&quot;title&quot;:&quot;&quot;,&quot;orientation&quot;:&quot;0&quot;}\" data-image-title=\"Alumnos2\" data-image-description=\"&lt;p&gt;MUY CERCANOS.- El \u00e9xito de los profesores a nivel educativo, se debe tambi\u00e9n a su cercan\u00eda con el alumnado.&lt;\/p&gt; \" data-medium-file=\"https:\/\/i0.wp.com\/eltrabajo.cl\/portal\/wp-content\/uploads\/2015\/10\/Alumnos2.jpg?fit=300%2C199&#038;ssl=1\" data-large-file=\"https:\/\/i0.wp.com\/eltrabajo.cl\/portal\/wp-content\/uploads\/2015\/10\/Alumnos2.jpg?fit=528%2C350&#038;ssl=1\" src=\"https:\/\/i0.wp.com\/eltrabajo.cl\/portal\/wp-content\/uploads\/2015\/10\/Alumnos2.jpg?w=315&#038;h=209&#038;ssl=1\" srcset=\"https:\/\/i0.wp.com\/eltrabajo.cl\/portal\/wp-content\/uploads\/2015\/10\/Alumnos2.jpg?w=528&amp;ssl=1 528w, https:\/\/i0.wp.com\/eltrabajo.cl\/portal\/wp-content\/uploads\/2015\/10\/Alumnos2.jpg?resize=200%2C133&amp;ssl=1 200w, https:\/\/i0.wp.com\/eltrabajo.cl\/portal\/wp-content\/uploads\/2015\/10\/Alumnos2.jpg?resize=300%2C199&amp;ssl=1 300w, https:\/\/i0.wp.com\/eltrabajo.cl\/portal\/wp-content\/uploads\/2015\/10\/Alumnos2.jpg?resize=226%2C150&amp;ssl=1 226w, https:\/\/i0.wp.com\/eltrabajo.cl\/portal\/wp-content\/uploads\/2015\/10\/Alumnos2.jpg?resize=400%2C265&amp;ssl=1 400w\" width=\"315\" height=\"209\" loading=\"lazy\" data-original-width=\"315\" data-original-height=\"209\" itemprop=\"http:\/\/schema.org\/image\" title=\"Alumnos2\" alt=\"MUY CERCANOS.- El \u00e9xito de los profesores a nivel educativo, se debe tambi\u00e9n a su cercan\u00eda con el alumnado.\" style=\"width: 315px; height: 209px;\" \/> <\/a> <div class=\"tiled-gallery-caption\" itemprop=\"caption description\"> MUY CERCANOS.- El \u00e9xito de los profesores a nivel educativo, se debe tambi\u00e9n a su cercan\u00eda con el alumnado. <\/div> <\/div> <\/div> <!-- close group --> <\/div> <!-- close row --> <\/div>\n","protected":false},"excerpt":{"rendered":"<p>En las salas y patios de la Escuela Manuel Rodr\u00edguez ya se ha comenzado a vivir un clima renovado. En el presente a\u00f1o se han implementado pol\u00edticas de desarrollo humano y espiritual,&#8230;<\/p>\n","protected":false},"author":482,"featured_media":63140,"comment_status":"open","ping_status":"open","sticky":false,"template":"","format":"standard","meta":{"advanced_seo_description":"","jetpack_seo_html_title":"","jetpack_seo_noindex":false,"_jetpack_memberships_contains_paid_content":false,"footnotes":""},"categories":[15],"tags":[],"class_list":["post-63139","post","type-post","status-publish","format-standard","has-post-thumbnail","hentry","category-comunidad"],"jetpack_featured_media_url":"https:\/\/i0.wp.com\/eltrabajo.cl\/portal\/wp-content\/uploads\/2015\/10\/Panoramica33.jpg?fit=528%2C350&ssl=1","jetpack_sharing_enabled":true,"jetpack_likes_enabled":true,"jetpack-related-posts":[],"_links":{"self":[{"href":"https:\/\/eltrabajo.cl\/portal\/wp-json\/wp\/v2\/posts\/63139","targetHints":{"allow":["GET"]}}],"collection":[{"href":"https:\/\/eltrabajo.cl\/portal\/wp-json\/wp\/v2\/posts"}],"about":[{"href":"https:\/\/eltrabajo.cl\/portal\/wp-json\/wp\/v2\/types\/post"}],"author":[{"embeddable":true,"href":"https:\/\/eltrabajo.cl\/portal\/wp-json\/wp\/v2\/users\/482"}],"replies":[{"embeddable":true,"href":"https:\/\/eltrabajo.cl\/portal\/wp-json\/wp\/v2\/comments?post=63139"}],"version-history":[{"count":0,"href":"https:\/\/eltrabajo.cl\/portal\/wp-json\/wp\/v2\/posts\/63139\/revisions"}],"wp:featuredmedia":[{"embeddable":true,"href":"https:\/\/eltrabajo.cl\/portal\/wp-json\/wp\/v2\/media\/63140"}],"wp:attachment":[{"href":"https:\/\/eltrabajo.cl\/portal\/wp-json\/wp\/v2\/media?parent=63139"}],"wp:term":[{"taxonomy":"category","embeddable":true,"href":"https:\/\/eltrabajo.cl\/portal\/wp-json\/wp\/v2\/categories?post=63139"},{"taxonomy":"post_tag","embeddable":true,"href":"https:\/\/eltrabajo.cl\/portal\/wp-json\/wp\/v2\/tags?post=63139"}],"curies":[{"name":"wp","href":"https:\/\/api.w.org\/{rel}","templated":true}]}}