{"id":63144,"date":"2015-10-23T09:22:52","date_gmt":"2015-10-23T12:22:52","guid":{"rendered":"http:\/\/www.eltrabajo.cl\/portal\/?p=63144"},"modified":"2015-10-23T09:22:52","modified_gmt":"2015-10-23T12:22:52","slug":"un-centenar-de-estudiantes-panquehuinos-recibieron-gift-card-para-comprar-implementos-de-estudio","status":"publish","type":"post","link":"https:\/\/eltrabajo.cl\/portal\/un-centenar-de-estudiantes-panquehuinos-recibieron-gift-card-para-comprar-implementos-de-estudio\/","title":{"rendered":"Un centenar de estudiantes panquehuinos recibieron gift card para comprar implementos de estudio"},"content":{"rendered":"<figure id=\"attachment_63145\" aria-describedby=\"caption-attachment-63145\" style=\"width: 300px\" class=\"wp-caption alignleft\"><a href=\"https:\/\/i0.wp.com\/www.eltrabajo.cl\/portal\/wp-content\/uploads\/2015\/10\/Gift-Card-Panquehue.jpg\"><img data-recalc-dims=\"1\" loading=\"lazy\" decoding=\"async\" class=\"wp-image-63145 size-medium\" src=\"https:\/\/i0.wp.com\/www.eltrabajo.cl\/portal\/wp-content\/uploads\/2015\/10\/Gift-Card-Panquehue-300x197.jpg?resize=300%2C197\" alt=\"El alcalde Luis Pradenas junto a algunos de los 123  estudiantes beneficiarios del programa Pro-Retenci\u00f3n.\" width=\"300\" height=\"197\" srcset=\"https:\/\/i0.wp.com\/eltrabajo.cl\/portal\/wp-content\/uploads\/2015\/10\/Gift-Card-Panquehue.jpg?resize=300%2C197&amp;ssl=1 300w, https:\/\/i0.wp.com\/eltrabajo.cl\/portal\/wp-content\/uploads\/2015\/10\/Gift-Card-Panquehue.jpg?resize=200%2C131&amp;ssl=1 200w, https:\/\/i0.wp.com\/eltrabajo.cl\/portal\/wp-content\/uploads\/2015\/10\/Gift-Card-Panquehue.jpg?resize=228%2C150&amp;ssl=1 228w, https:\/\/i0.wp.com\/eltrabajo.cl\/portal\/wp-content\/uploads\/2015\/10\/Gift-Card-Panquehue.jpg?resize=400%2C263&amp;ssl=1 400w, https:\/\/i0.wp.com\/eltrabajo.cl\/portal\/wp-content\/uploads\/2015\/10\/Gift-Card-Panquehue.jpg?w=530&amp;ssl=1 530w\" sizes=\"auto, (max-width: 300px) 100vw, 300px\" \/><\/a><figcaption id=\"caption-attachment-63145\" class=\"wp-caption-text\">El alcalde Luis Pradenas junto a algunos de los 123 estudiantes beneficiarios del programa Pro-Retenci\u00f3n.<\/figcaption><\/figure>\n<ul>\n<li><strong>El beneficio permite que los alumnos del programa Pro-Retenci\u00f3n, puedan hacer la compra de ropa o implementos de estudio, en una multitienda de San Felipe.<\/strong><\/li>\n<\/ul>\n<p><strong>PANQUEHUE.<\/strong>&#8211; Una Gift Card con distintas sumas de dinero, recibieron 123 alumnos de las escuelas de la comuna de Panquehue, beneficiarios del programa Pro-Retenci\u00f3n, que consiste en dar las herramientas necesarias, para que los ni\u00f1os vulnerables, no desistan del programa educacional.<br \/>\nLa entrega de estas tarjetas se realiz\u00f3 a trav\u00e9s de una ceremonia en la sala cultural, donde el alcalde Luis Pradenas junto a la Directora del Daem, Julia Mar\u00edn, estuvieron conversando con los alumnos, con el fin de conocer la opini\u00f3n de ellos en torno al beneficio.<br \/>\nLa Directora del Daem Julia Mar\u00edn explico, que el programa tiene como importante misi\u00f3n la de incentivar a los j\u00f3venes para seguir estudiando y concretar sus metas. Dijo que este tipo de beneficios es entregado a los estudiantes que registran niveles de vulnerabilidad, de acuerdo a la encuesta de la ficha de protecci\u00f3n social, con el fin de retenerlos en las escuelas y liceos y que no exista un impedimento econ\u00f3mico por el cual no puedan continuar con sus estudios.<br \/>\n\u201cSe trata de un aporte econ\u00f3mico para el joven, y que el establecimiento educacional debe tramitar y que beneficia a los estudiantes de s\u00e9ptimo a\u00f1o b\u00e1sico a 4\u00ba medio.<br \/>\nLos ni\u00f1os deben utilizar estos recursos en su propio beneficio y as\u00ed tener una buena calidad de vida, para lo cual el programa les permite hacer la compra de vestuario, calzado, pues el programa Pro-Retenci\u00f3n significa que no falten a clases, que no digan que no tienen zapatillas, zapatos o camisa, entonces es por eso que el Gobierno est\u00e1 manteniendo este beneficio para los ni\u00f1os m\u00e1s vulnerables\u201d.<br \/>\nEsta Gift Card considera un aporte de $ 94.000 para los alumnos de ense\u00f1anza b\u00e1sica, en tanto para los de nivel media, considera un valor de $ 215.000.<\/p>\n","protected":false},"excerpt":{"rendered":"<p>El beneficio permite que los alumnos del programa Pro-Retenci\u00f3n, puedan hacer la compra de ropa o implementos de estudio, en una multitienda de San Felipe. PANQUEHUE.&#8211; Una Gift Card con distintas sumas&#8230;<\/p>\n","protected":false},"author":482,"featured_media":63145,"comment_status":"open","ping_status":"open","sticky":false,"template":"","format":"standard","meta":{"advanced_seo_description":"","jetpack_seo_html_title":"","jetpack_seo_noindex":false,"_jetpack_memberships_contains_paid_content":false,"footnotes":""},"categories":[15],"tags":[],"class_list":["post-63144","post","type-post","status-publish","format-standard","has-post-thumbnail","hentry","category-comunidad"],"jetpack_featured_media_url":"https:\/\/i0.wp.com\/eltrabajo.cl\/portal\/wp-content\/uploads\/2015\/10\/Gift-Card-Panquehue.jpg?fit=530%2C348&ssl=1","jetpack_sharing_enabled":true,"jetpack_likes_enabled":true,"jetpack-related-posts":[],"_links":{"self":[{"href":"https:\/\/eltrabajo.cl\/portal\/wp-json\/wp\/v2\/posts\/63144","targetHints":{"allow":["GET"]}}],"collection":[{"href":"https:\/\/eltrabajo.cl\/portal\/wp-json\/wp\/v2\/posts"}],"about":[{"href":"https:\/\/eltrabajo.cl\/portal\/wp-json\/wp\/v2\/types\/post"}],"author":[{"embeddable":true,"href":"https:\/\/eltrabajo.cl\/portal\/wp-json\/wp\/v2\/users\/482"}],"replies":[{"embeddable":true,"href":"https:\/\/eltrabajo.cl\/portal\/wp-json\/wp\/v2\/comments?post=63144"}],"version-history":[{"count":0,"href":"https:\/\/eltrabajo.cl\/portal\/wp-json\/wp\/v2\/posts\/63144\/revisions"}],"wp:featuredmedia":[{"embeddable":true,"href":"https:\/\/eltrabajo.cl\/portal\/wp-json\/wp\/v2\/media\/63145"}],"wp:attachment":[{"href":"https:\/\/eltrabajo.cl\/portal\/wp-json\/wp\/v2\/media?parent=63144"}],"wp:term":[{"taxonomy":"category","embeddable":true,"href":"https:\/\/eltrabajo.cl\/portal\/wp-json\/wp\/v2\/categories?post=63144"},{"taxonomy":"post_tag","embeddable":true,"href":"https:\/\/eltrabajo.cl\/portal\/wp-json\/wp\/v2\/tags?post=63144"}],"curies":[{"name":"wp","href":"https:\/\/api.w.org\/{rel}","templated":true}]}}