{"id":63147,"date":"2015-10-23T09:24:23","date_gmt":"2015-10-23T12:24:23","guid":{"rendered":"http:\/\/www.eltrabajo.cl\/portal\/?p=63147"},"modified":"2015-10-23T09:24:23","modified_gmt":"2015-10-23T12:24:23","slug":"desarrollan-seminario-de-turismo-sustentable-a-empresarios-del-valle-de-aconcagua","status":"publish","type":"post","link":"https:\/\/eltrabajo.cl\/portal\/desarrollan-seminario-de-turismo-sustentable-a-empresarios-del-valle-de-aconcagua\/","title":{"rendered":"Desarrollan seminario de Turismo Sustentable a Empresarios del Valle de Aconcagua"},"content":{"rendered":"<figure id=\"attachment_63148\" aria-describedby=\"caption-attachment-63148\" style=\"width: 300px\" class=\"wp-caption alignleft\"><a href=\"https:\/\/i0.wp.com\/www.eltrabajo.cl\/portal\/wp-content\/uploads\/2015\/10\/Seminario-Turismo-Sustentable-Aconcagua-7.jpg\"><img data-recalc-dims=\"1\" loading=\"lazy\" decoding=\"async\" class=\"wp-image-63148 size-medium\" src=\"https:\/\/i0.wp.com\/www.eltrabajo.cl\/portal\/wp-content\/uploads\/2015\/10\/Seminario-Turismo-Sustentable-Aconcagua-7-300x198.jpg?resize=300%2C198\" alt=\"Autoridades, empresarios y emprendedores participaron de seminario sobre turismo sustentable en la sede de la Upla del campus San Felipe.\" width=\"300\" height=\"198\" srcset=\"https:\/\/i0.wp.com\/eltrabajo.cl\/portal\/wp-content\/uploads\/2015\/10\/Seminario-Turismo-Sustentable-Aconcagua-7.jpg?resize=300%2C198&amp;ssl=1 300w, https:\/\/i0.wp.com\/eltrabajo.cl\/portal\/wp-content\/uploads\/2015\/10\/Seminario-Turismo-Sustentable-Aconcagua-7.jpg?resize=200%2C132&amp;ssl=1 200w, https:\/\/i0.wp.com\/eltrabajo.cl\/portal\/wp-content\/uploads\/2015\/10\/Seminario-Turismo-Sustentable-Aconcagua-7.jpg?resize=228%2C150&amp;ssl=1 228w, https:\/\/i0.wp.com\/eltrabajo.cl\/portal\/wp-content\/uploads\/2015\/10\/Seminario-Turismo-Sustentable-Aconcagua-7.jpg?resize=400%2C263&amp;ssl=1 400w, https:\/\/i0.wp.com\/eltrabajo.cl\/portal\/wp-content\/uploads\/2015\/10\/Seminario-Turismo-Sustentable-Aconcagua-7.jpg?w=530&amp;ssl=1 530w\" sizes=\"auto, (max-width: 300px) 100vw, 300px\" \/><\/a><figcaption id=\"caption-attachment-63148\" class=\"wp-caption-text\">Autoridades, empresarios y emprendedores participaron de seminario sobre turismo sustentable en la sede de la Upla del campus San Felipe.<\/figcaption><\/figure>\n<ul>\n<li><strong>En la oportunidad se dio a conocer las caracter\u00edsticas del Programa Foco Destino, que beneficia a siete comunas de las provincias de San Felipe y Los Andes.<\/strong><\/li>\n<\/ul>\n<p>Empresarios, emprendedores, acad\u00e9micos, estudiantes de la carrera de Administraci\u00f3n en Turismo de la Universidad de Playa Ancha (UPLA), y de liceos de la provincia de Los Andes, participaron en el Seminario de Turismo Sustentable, iniciativa organizada por el Centro de Emprendimiento e Innovaci\u00f3n (CEI) de Aconcagua y la UPLA, con el apoyo de Sernatur.<br \/>\nLa actividad, desarrollada en el Campus San Felipe de la UPLA, tuvo como objetivo sensibilizar sobre las potencialidades que tienen las actividades tur\u00edsticas en el territorio, apoyar la vinculaci\u00f3n entre los servicios p\u00fablicos y privados, y presentar casos exitosos como gu\u00eda de desarrollo en el Valle de Aconcagua.<br \/>\nAl respecto, el Gobernador de San Felipe, Eduardo Le\u00f3n, se\u00f1al\u00f3 que \u201ccreemos que el Valle de Aconcagua tiene que dar un paso hacia adelante, y tiene que ver con un desarrollo econ\u00f3mico local sustentable. Ac\u00e1 se congregan a actores del turismo y el Valle, emprendedores, empresarios y profesionales. Hemos seguido de cerca este proyecto financiado por el FIC del Gobierno Regional, porque nos interesa potenciar la innovaci\u00f3n en la provincia, la innovaci\u00f3n es el paso y el desaf\u00edo que tenemos en el Valle de Aconcagua\u201d.<br \/>\nEn el seminario, Sernatur dio a conocer las caracter\u00edsticas del Programa Foco Destino de Aconcagua, que comprende a las comunas de Calle Larga, Los Andes, San Felipe, Santa Mar\u00eda, San Esteban, Rinconada y Putaendo, y que considera el desarrollo de productos y destinos tur\u00edsticos, entendiendo al Valle de Aconcagua como uno de los destinos priorizados por la Subsecretar\u00eda de Turismo y Sernatur para el desarrollo de intereses tur\u00edsticos.<\/p>\n","protected":false},"excerpt":{"rendered":"<p>En la oportunidad se dio a conocer las caracter\u00edsticas del Programa Foco Destino, que beneficia a siete comunas de las provincias de San Felipe y Los Andes. Empresarios, emprendedores, acad\u00e9micos, estudiantes de&#8230;<\/p>\n","protected":false},"author":482,"featured_media":63148,"comment_status":"open","ping_status":"open","sticky":false,"template":"","format":"standard","meta":{"advanced_seo_description":"","jetpack_seo_html_title":"","jetpack_seo_noindex":false,"_jetpack_memberships_contains_paid_content":false,"footnotes":""},"categories":[15],"tags":[],"class_list":["post-63147","post","type-post","status-publish","format-standard","has-post-thumbnail","hentry","category-comunidad"],"jetpack_featured_media_url":"https:\/\/i0.wp.com\/eltrabajo.cl\/portal\/wp-content\/uploads\/2015\/10\/Seminario-Turismo-Sustentable-Aconcagua-7.jpg?fit=530%2C349&ssl=1","jetpack_sharing_enabled":true,"jetpack_likes_enabled":true,"jetpack-related-posts":[],"_links":{"self":[{"href":"https:\/\/eltrabajo.cl\/portal\/wp-json\/wp\/v2\/posts\/63147","targetHints":{"allow":["GET"]}}],"collection":[{"href":"https:\/\/eltrabajo.cl\/portal\/wp-json\/wp\/v2\/posts"}],"about":[{"href":"https:\/\/eltrabajo.cl\/portal\/wp-json\/wp\/v2\/types\/post"}],"author":[{"embeddable":true,"href":"https:\/\/eltrabajo.cl\/portal\/wp-json\/wp\/v2\/users\/482"}],"replies":[{"embeddable":true,"href":"https:\/\/eltrabajo.cl\/portal\/wp-json\/wp\/v2\/comments?post=63147"}],"version-history":[{"count":0,"href":"https:\/\/eltrabajo.cl\/portal\/wp-json\/wp\/v2\/posts\/63147\/revisions"}],"wp:featuredmedia":[{"embeddable":true,"href":"https:\/\/eltrabajo.cl\/portal\/wp-json\/wp\/v2\/media\/63148"}],"wp:attachment":[{"href":"https:\/\/eltrabajo.cl\/portal\/wp-json\/wp\/v2\/media?parent=63147"}],"wp:term":[{"taxonomy":"category","embeddable":true,"href":"https:\/\/eltrabajo.cl\/portal\/wp-json\/wp\/v2\/categories?post=63147"},{"taxonomy":"post_tag","embeddable":true,"href":"https:\/\/eltrabajo.cl\/portal\/wp-json\/wp\/v2\/tags?post=63147"}],"curies":[{"name":"wp","href":"https:\/\/api.w.org\/{rel}","templated":true}]}}