{"id":63150,"date":"2015-10-23T09:27:28","date_gmt":"2015-10-23T12:27:28","guid":{"rendered":"http:\/\/www.eltrabajo.cl\/portal\/?p=63150"},"modified":"2015-10-23T09:27:28","modified_gmt":"2015-10-23T12:27:28","slug":"jardines-infantiles-de-llay-llay-realizan-ecoferia-2015","status":"publish","type":"post","link":"https:\/\/eltrabajo.cl\/portal\/jardines-infantiles-de-llay-llay-realizan-ecoferia-2015\/","title":{"rendered":"Jardines infantiles de Llay Llay realizan Ecoferia 2015"},"content":{"rendered":"<figure id=\"attachment_63151\" aria-describedby=\"caption-attachment-63151\" style=\"width: 300px\" class=\"wp-caption alignleft\"><a href=\"https:\/\/i0.wp.com\/www.eltrabajo.cl\/portal\/wp-content\/uploads\/2015\/10\/Ecoferia-Jardines-Llay-Llay.jpg\"><img data-recalc-dims=\"1\" loading=\"lazy\" decoding=\"async\" class=\"wp-image-63151 size-medium\" src=\"https:\/\/i0.wp.com\/www.eltrabajo.cl\/portal\/wp-content\/uploads\/2015\/10\/Ecoferia-Jardines-Llay-Llay-300x198.jpg?resize=300%2C198\" alt=\"Diversos jardines infantiles de la comuna participaron de esta Ecoferia la cual busca fomentar el cuidado del medioambiente y la reutilizaci\u00f3n de desechos.\" width=\"300\" height=\"198\" srcset=\"https:\/\/i0.wp.com\/eltrabajo.cl\/portal\/wp-content\/uploads\/2015\/10\/Ecoferia-Jardines-Llay-Llay.jpg?resize=300%2C198&amp;ssl=1 300w, https:\/\/i0.wp.com\/eltrabajo.cl\/portal\/wp-content\/uploads\/2015\/10\/Ecoferia-Jardines-Llay-Llay.jpg?resize=200%2C132&amp;ssl=1 200w, https:\/\/i0.wp.com\/eltrabajo.cl\/portal\/wp-content\/uploads\/2015\/10\/Ecoferia-Jardines-Llay-Llay.jpg?resize=227%2C150&amp;ssl=1 227w, https:\/\/i0.wp.com\/eltrabajo.cl\/portal\/wp-content\/uploads\/2015\/10\/Ecoferia-Jardines-Llay-Llay.jpg?resize=400%2C264&amp;ssl=1 400w, https:\/\/i0.wp.com\/eltrabajo.cl\/portal\/wp-content\/uploads\/2015\/10\/Ecoferia-Jardines-Llay-Llay.jpg?w=530&amp;ssl=1 530w\" sizes=\"auto, (max-width: 300px) 100vw, 300px\" \/><\/a><figcaption id=\"caption-attachment-63151\" class=\"wp-caption-text\">Diversos jardines infantiles de la comuna participaron de esta Ecoferia la cual busca fomentar el cuidado del medioambiente y la reutilizaci\u00f3n de desechos.<\/figcaption><\/figure>\n<p><strong>LLAY LLAY<\/strong>.- Una Feria Ecol\u00f3gica para promover y educar en el cuidado del medioambiente se efectu\u00f3 la ma\u00f1ana de este jueves 22 de octubre. El lugar escogido fue la plazoleta Arturo Prat y los protagonistas de la actividad, fueron los ni\u00f1os de los jardines VTF (V\u00eda Transferencia de Fondos), dependientes de la Municipalidad de Llay Llay.<br \/>\nLa entrega de pautas sobre el cuidado de la naturaleza, reciclaje, cultura ambiental fue tarea compartida y realizada en conjunto por las instituciones presentes.<br \/>\nLos stands mostraron ideas y formas de reutilizar y dar utilidad a objetos desechados. Por doquier se vieron vestidos confeccionados con papel de diario y vasos desechables, maceteros de botellas de bebidas, adornos de tapitas, y varias alternativas.<br \/>\nLa educadora, Mar\u00eda Ch\u00e1vez del jard\u00edn Remolino -organizadora de la<\/p>\n<figure id=\"attachment_63152\" aria-describedby=\"caption-attachment-63152\" style=\"width: 300px\" class=\"wp-caption alignright\"><a href=\"https:\/\/i0.wp.com\/www.eltrabajo.cl\/portal\/wp-content\/uploads\/2015\/10\/ALCALDE-Y-EDUCADORAS.jpg\"><img data-recalc-dims=\"1\" loading=\"lazy\" decoding=\"async\" class=\"wp-image-63152 size-medium\" src=\"https:\/\/i0.wp.com\/www.eltrabajo.cl\/portal\/wp-content\/uploads\/2015\/10\/ALCALDE-Y-EDUCADORAS-300x198.jpg?resize=300%2C198\" alt=\"El alcalde Mario Marillanca junto a educadoras de los jardines infantiles.\" width=\"300\" height=\"198\" srcset=\"https:\/\/i0.wp.com\/eltrabajo.cl\/portal\/wp-content\/uploads\/2015\/10\/ALCALDE-Y-EDUCADORAS.jpg?resize=300%2C198&amp;ssl=1 300w, https:\/\/i0.wp.com\/eltrabajo.cl\/portal\/wp-content\/uploads\/2015\/10\/ALCALDE-Y-EDUCADORAS.jpg?resize=200%2C132&amp;ssl=1 200w, https:\/\/i0.wp.com\/eltrabajo.cl\/portal\/wp-content\/uploads\/2015\/10\/ALCALDE-Y-EDUCADORAS.jpg?resize=227%2C150&amp;ssl=1 227w, https:\/\/i0.wp.com\/eltrabajo.cl\/portal\/wp-content\/uploads\/2015\/10\/ALCALDE-Y-EDUCADORAS.jpg?resize=400%2C264&amp;ssl=1 400w, https:\/\/i0.wp.com\/eltrabajo.cl\/portal\/wp-content\/uploads\/2015\/10\/ALCALDE-Y-EDUCADORAS.jpg?w=530&amp;ssl=1 530w\" sizes=\"auto, (max-width: 300px) 100vw, 300px\" \/><\/a><figcaption id=\"caption-attachment-63152\" class=\"wp-caption-text\">El alcalde Mario Marillanca junto a educadoras de los jardines infantiles.<\/figcaption><\/figure>\n<p>Ecoferia 2015- indic\u00f3 \u201cque el objetivo primordial de la feria es crear conciencia del cuidado de la naturaleza, las plantas, y los seres vivos\u201d.<br \/>\nUn trabajo en red donde interactuaron, los jardines infantiles: semillitas de Amor, Los Capullitos, Las Luci\u00e9rnagas, Mazorquita; la Oficina de Protecci\u00f3n de los Derechos de los Ni\u00f1os y Adolescentes (OPD); Patricia Mart\u00ednez del Programa Autoconsumo y Medioambiente del Departamento Social de la Municipalidad de Llay Llay.<br \/>\nCada una de las instituciones presentes entreg\u00f3 informaci\u00f3n sobre el cuidado del medioambiente, brind\u00f3 material y present\u00f3 diversos trabajos ecol\u00f3gicos desarrollados en los establecimientos.<br \/>\n<strong>Marianela Quevedo<\/strong><\/p>\n","protected":false},"excerpt":{"rendered":"<p>LLAY LLAY.- Una Feria Ecol\u00f3gica para promover y educar en el cuidado del medioambiente se efectu\u00f3 la ma\u00f1ana de este jueves 22 de octubre. El lugar escogido fue la plazoleta Arturo Prat&#8230;<\/p>\n","protected":false},"author":482,"featured_media":63151,"comment_status":"open","ping_status":"open","sticky":false,"template":"","format":"standard","meta":{"advanced_seo_description":"","jetpack_seo_html_title":"","jetpack_seo_noindex":false,"_jetpack_memberships_contains_paid_content":false,"footnotes":""},"categories":[1],"tags":[],"class_list":["post-63150","post","type-post","status-publish","format-standard","has-post-thumbnail","hentry","category-cronica"],"jetpack_featured_media_url":"https:\/\/i0.wp.com\/eltrabajo.cl\/portal\/wp-content\/uploads\/2015\/10\/Ecoferia-Jardines-Llay-Llay.jpg?fit=530%2C350&ssl=1","jetpack_sharing_enabled":true,"jetpack_likes_enabled":true,"jetpack-related-posts":[],"_links":{"self":[{"href":"https:\/\/eltrabajo.cl\/portal\/wp-json\/wp\/v2\/posts\/63150","targetHints":{"allow":["GET"]}}],"collection":[{"href":"https:\/\/eltrabajo.cl\/portal\/wp-json\/wp\/v2\/posts"}],"about":[{"href":"https:\/\/eltrabajo.cl\/portal\/wp-json\/wp\/v2\/types\/post"}],"author":[{"embeddable":true,"href":"https:\/\/eltrabajo.cl\/portal\/wp-json\/wp\/v2\/users\/482"}],"replies":[{"embeddable":true,"href":"https:\/\/eltrabajo.cl\/portal\/wp-json\/wp\/v2\/comments?post=63150"}],"version-history":[{"count":0,"href":"https:\/\/eltrabajo.cl\/portal\/wp-json\/wp\/v2\/posts\/63150\/revisions"}],"wp:featuredmedia":[{"embeddable":true,"href":"https:\/\/eltrabajo.cl\/portal\/wp-json\/wp\/v2\/media\/63151"}],"wp:attachment":[{"href":"https:\/\/eltrabajo.cl\/portal\/wp-json\/wp\/v2\/media?parent=63150"}],"wp:term":[{"taxonomy":"category","embeddable":true,"href":"https:\/\/eltrabajo.cl\/portal\/wp-json\/wp\/v2\/categories?post=63150"},{"taxonomy":"post_tag","embeddable":true,"href":"https:\/\/eltrabajo.cl\/portal\/wp-json\/wp\/v2\/tags?post=63150"}],"curies":[{"name":"wp","href":"https:\/\/api.w.org\/{rel}","templated":true}]}}